{"id":1194,"date":"2015-09-25T11:13:33","date_gmt":"2015-09-25T14:13:33","guid":{"rendered":"http:\/\/otimoneiro.com.br\/?p=1194"},"modified":"2015-09-25T11:13:33","modified_gmt":"2015-09-25T14:13:33","slug":"servidores-temem-por-atraso-na-reposicao-do-quadrimestre-de-setembro","status":"publish","type":"post","link":"https:\/\/jornaltimoneiro.com.br\/index.php\/2015\/09\/25\/servidores-temem-por-atraso-na-reposicao-do-quadrimestre-de-setembro\/","title":{"rendered":"Servidores temem por atraso na reposi\u00e7\u00e3o do quadrimestre de setembro"},"content":{"rendered":"<p style=\"text-align: justify;\">Segundo o presidente do sindicato dos profissionais em educa\u00e7\u00e3o do munic\u00edpio de Canoas (Sinprocan), Jari Rosa de Oliveira, a reposi\u00e7\u00e3o do quadrimestre, ap\u00f3s a mudan\u00e7a na lei, preocupa os sindicatos que participam da mesa de di\u00e1logo com o prefeito Jairo Jorge (PT).<br \/>\nO sindicato espera que o dinheiro venha do modo como foi combinado anteriormente. \u201cO quadrimestre \u00e9 a infla\u00e7\u00e3o declarada dos \u00faltimos quatro meses que, pela lei antiga, receb\u00edamos em janeiro, maio e setembro\u201d, explica o presidente. Assim ocorria na lei aprovada pelo quando Marcos Ant\u00f4nio Ronchetti (PSDB) era prefeito.<br \/>\nJairo, no entanto, alterou a legisla\u00e7\u00e3o. \u201cAgora ele mudou a lei e este ano s\u00f3 nos deu em janeiro e prometeu em setembro. Estamos aguardando. Como at\u00e9 agora ele n\u00e3o se manifestou, o Sinprocan, com as demais associa\u00e7\u00f5es que participam da mesa de di\u00e1logo, encaminhamos um of\u00edcio na ter\u00e7a-feira, 22, para o Prefeito para nos esclarecer\u201d, afirma.<br \/>\nJari confirma que o profissional perde R$ 173,00 de maio para c\u00e1 e R$ 270,00 at\u00e9 o final de 2015. \u201cFiz um c\u00e1lculo, por cima, como ele est\u00e1 sempre falando que o piso \u00e9 de R$ 3.580. Esse quadrimestre, de maio para c\u00e1, esse profissional est\u00e1 perdendo R$ 173,00 por m\u00eas. Se ele n\u00e3o der agora, esse profissional vai perder R$ 271,00 at\u00e9 o final do ano. Inclusive, o que ele prometeu para n\u00f3s n\u00e3o foi acumular os dois quadrimestres. Em cima do de maio, dar o de setembro. Se ele acumular os dois, d\u00e1 diferen\u00e7a de sal\u00e1rio\u201d, aponta o sindicalista. As entidades aguardam reuni\u00e3o com o Prefeito, solicitada por meio de of\u00edcio.<\/p>\n<p style=\"text-align: justify;\">Informou que a quest\u00e3o das mudan\u00e7as, se continuar\u00e1 ou n\u00e3o nos tr\u00eas meses \u201cest\u00e1 sendo discutida internamente pelo governo, ainda sem defini\u00e7\u00e3o\u201d. Sobre o piso, informou que o valor &#8220;corresponde ao subs\u00eddio dos professores graduados, para trabalharem 40hs, e que ingressaram no \u00faltimo concurso\u201d. Quanto a reposi\u00e7\u00e3o salarial, \u201ca mesma ser\u00e1 aplicada conforme a legisla\u00e7\u00e3o municipal vigente\u201d, conclui.<\/p>\n","protected":false},"excerpt":{"rendered":"<p>Pelos c\u00e1lculos do presidente do Sinprocan, se n\u00e3o for pago, profissionais poder\u00e3o perder R$ 271<\/p>\n","protected":false},"author":1,"featured_media":0,"comment_status":"open","ping_status":"open","sticky":false,"template":"","format":"standard","meta":{"amp_status":"","footnotes":""},"categories":[25,19,22,20],"tags":[],"class_list":["post-1194","post","type-post","status-publish","format-standard","hentry","category-comunidade","category-destaques","category-noticias","category-politica-noticias"],"yoast_head":"<!-- This site is optimized with the Yoast SEO plugin v20.5 - https:\/\/yoast.com\/wordpress\/plugins\/seo\/ -->\n<title>Servidores temem por atraso na reposi\u00e7\u00e3o do quadrimestre de setembro - O Timoneiro Jornal Canoas RS<\/title>\n<meta name=\"robots\" content=\"index, follow, max-snippet:-1, max-image-preview:large, max-video-preview:-1\" \/>\n<link rel=\"canonical\" href=\"https:\/\/jornaltimoneiro.com.br\/index.php\/2015\/09\/25\/servidores-temem-por-atraso-na-reposicao-do-quadrimestre-de-setembro\/\" \/>\n<meta property=\"og:locale\" content=\"pt_BR\" \/>\n<meta property=\"og:type\" content=\"article\" \/>\n<meta property=\"og:title\" content=\"Servidores temem por atraso na reposi\u00e7\u00e3o do quadrimestre de setembro - O Timoneiro Jornal Canoas RS\" \/>\n<meta property=\"og:description\" content=\"Pelos c\u00e1lculos do presidente do Sinprocan, se n\u00e3o for pago, profissionais poder\u00e3o perder R$ 271\" \/>\n<meta property=\"og:url\" content=\"https:\/\/jornaltimoneiro.com.br\/index.php\/2015\/09\/25\/servidores-temem-por-atraso-na-reposicao-do-quadrimestre-de-setembro\/\" \/>\n<meta property=\"og:site_name\" content=\"O Timoneiro Jornal Canoas RS\" \/>\n<meta property=\"article:publisher\" content=\"https:\/\/www.facebook.com\/jornaltimoneiro\" \/>\n<meta property=\"article:published_time\" content=\"2015-09-25T14:13:33+00:00\" \/>\n<meta name=\"author\" content=\"Reda\u00e7\u00e3o\" \/>\n<meta name=\"twitter:card\" content=\"summary_large_image\" \/>\n<meta name=\"twitter:creator\" content=\"@_OTimoneiro\" \/>\n<meta name=\"twitter:site\" content=\"@_OTimoneiro\" \/>\n<meta name=\"twitter:label1\" content=\"Escrito por\" \/>\n\t<meta name=\"twitter:data1\" content=\"Reda\u00e7\u00e3o\" \/>\n\t<meta name=\"twitter:label2\" content=\"Est. tempo de leitura\" \/>\n\t<meta name=\"twitter:data2\" content=\"2 minutos\" \/>\n<script type=\"application\/ld+json\" class=\"yoast-schema-graph\">{\"@context\":\"https:\/\/schema.org\",\"@graph\":[{\"@type\":\"Article\",\"@id\":\"https:\/\/jornaltimoneiro.com.br\/index.php\/2015\/09\/25\/servidores-temem-por-atraso-na-reposicao-do-quadrimestre-de-setembro\/#article\",\"isPartOf\":{\"@id\":\"https:\/\/jornaltimoneiro.com.br\/index.php\/2015\/09\/25\/servidores-temem-por-atraso-na-reposicao-do-quadrimestre-de-setembro\/\"},\"author\":{\"name\":\"Reda\u00e7\u00e3o\",\"@id\":\"https:\/\/jornaltimoneiro.com.br\/#\/schema\/person\/620efd1d8244466117482be494360b08\"},\"headline\":\"Servidores temem por atraso na reposi\u00e7\u00e3o do quadrimestre de setembro\",\"datePublished\":\"2015-09-25T14:13:33+00:00\",\"dateModified\":\"2015-09-25T14:13:33+00:00\",\"mainEntityOfPage\":{\"@id\":\"https:\/\/jornaltimoneiro.com.br\/index.php\/2015\/09\/25\/servidores-temem-por-atraso-na-reposicao-do-quadrimestre-de-setembro\/\"},\"wordCount\":353,\"commentCount\":0,\"publisher\":{\"@id\":\"https:\/\/jornaltimoneiro.com.br\/#organization\"},\"articleSection\":[\"Comunidade\",\"Destaques\",\"Not\u00edcias\",\"Pol\u00edtica\"],\"inLanguage\":\"pt-BR\",\"potentialAction\":[{\"@type\":\"CommentAction\",\"name\":\"Comment\",\"target\":[\"https:\/\/jornaltimoneiro.com.br\/index.php\/2015\/09\/25\/servidores-temem-por-atraso-na-reposicao-do-quadrimestre-de-setembro\/#respond\"]}]},{\"@type\":\"WebPage\",\"@id\":\"https:\/\/jornaltimoneiro.com.br\/index.php\/2015\/09\/25\/servidores-temem-por-atraso-na-reposicao-do-quadrimestre-de-setembro\/\",\"url\":\"https:\/\/jornaltimoneiro.com.br\/index.php\/2015\/09\/25\/servidores-temem-por-atraso-na-reposicao-do-quadrimestre-de-setembro\/\",\"name\":\"Servidores temem por atraso na reposi\u00e7\u00e3o do quadrimestre de setembro - O Timoneiro Jornal Canoas RS\",\"isPartOf\":{\"@id\":\"https:\/\/jornaltimoneiro.com.br\/#website\"},\"datePublished\":\"2015-09-25T14:13:33+00:00\",\"dateModified\":\"2015-09-25T14:13:33+00:00\",\"breadcrumb\":{\"@id\":\"https:\/\/jornaltimoneiro.com.br\/index.php\/2015\/09\/25\/servidores-temem-por-atraso-na-reposicao-do-quadrimestre-de-setembro\/#breadcrumb\"},\"inLanguage\":\"pt-BR\",\"potentialAction\":[{\"@type\":\"ReadAction\",\"target\":[\"https:\/\/jornaltimoneiro.com.br\/index.php\/2015\/09\/25\/servidores-temem-por-atraso-na-reposicao-do-quadrimestre-de-setembro\/\"]}]},{\"@type\":\"BreadcrumbList\",\"@id\":\"https:\/\/jornaltimoneiro.com.br\/index.php\/2015\/09\/25\/servidores-temem-por-atraso-na-reposicao-do-quadrimestre-de-setembro\/#breadcrumb\",\"itemListElement\":[{\"@type\":\"ListItem\",\"position\":1,\"name\":\"In\u00edcio\",\"item\":\"https:\/\/jornaltimoneiro.com.br\/\"},{\"@type\":\"ListItem\",\"position\":2,\"name\":\"Servidores temem por atraso na reposi\u00e7\u00e3o do quadrimestre de setembro\"}]},{\"@type\":\"WebSite\",\"@id\":\"https:\/\/jornaltimoneiro.com.br\/#website\",\"url\":\"https:\/\/jornaltimoneiro.com.br\/\",\"name\":\"Jornal Timoneiro Canoas RS\",\"description\":\"Jornal O Timoneiro, o verdadeiro jornal de Canoas\",\"publisher\":{\"@id\":\"https:\/\/jornaltimoneiro.com.br\/#organization\"},\"potentialAction\":[{\"@type\":\"SearchAction\",\"target\":{\"@type\":\"EntryPoint\",\"urlTemplate\":\"https:\/\/jornaltimoneiro.com.br\/?s={search_term_string}\"},\"query-input\":\"required name=search_term_string\"}],\"inLanguage\":\"pt-BR\"},{\"@type\":\"Organization\",\"@id\":\"https:\/\/jornaltimoneiro.com.br\/#organization\",\"name\":\"Jornal Timoneiro Canoas RS\",\"url\":\"https:\/\/jornaltimoneiro.com.br\/\",\"logo\":{\"@type\":\"ImageObject\",\"inLanguage\":\"pt-BR\",\"@id\":\"https:\/\/jornaltimoneiro.com.br\/#\/schema\/logo\/image\/\",\"url\":\"https:\/\/jornaltimoneiro.com.br\/wp-content\/uploads\/2023\/03\/logonovo.png\",\"contentUrl\":\"https:\/\/jornaltimoneiro.com.br\/wp-content\/uploads\/2023\/03\/logonovo.png\",\"width\":\"469\",\"height\":\"171\",\"caption\":\"Jornal Timoneiro Canoas RS\"},\"image\":{\"@id\":\"https:\/\/jornaltimoneiro.com.br\/#\/schema\/logo\/image\/\"},\"sameAs\":[\"https:\/\/www.facebook.com\/jornaltimoneiro\",\"https:\/\/twitter.com\/_OTimoneiro\",\"https:\/\/www.instagram.com\/jornaltimoneirocanoas\/\",\"https:\/\/www.youtube.com\/@jornalotimoneiro7927\"]},{\"@type\":\"Person\",\"@id\":\"https:\/\/jornaltimoneiro.com.br\/#\/schema\/person\/620efd1d8244466117482be494360b08\",\"name\":\"Reda\u00e7\u00e3o\",\"image\":{\"@type\":\"ImageObject\",\"inLanguage\":\"pt-BR\",\"@id\":\"https:\/\/jornaltimoneiro.com.br\/#\/schema\/person\/image\/\",\"url\":\"https:\/\/secure.gravatar.com\/avatar\/2f04e1b304682a8d9db336c7acd77f08?s=96&d=mm&r=g\",\"contentUrl\":\"https:\/\/secure.gravatar.com\/avatar\/2f04e1b304682a8d9db336c7acd77f08?s=96&d=mm&r=g\",\"caption\":\"Reda\u00e7\u00e3o\"},\"url\":\"https:\/\/jornaltimoneiro.com.br\/index.php\/author\/timoneirocanoas\/\"}]}<\/script>\n<!-- \/ Yoast SEO plugin. -->","yoast_head_json":{"title":"Servidores temem por atraso na reposi\u00e7\u00e3o do quadrimestre de setembro - O Timoneiro Jornal Canoas RS","robots":{"index":"index","follow":"follow","max-snippet":"max-snippet:-1","max-image-preview":"max-image-preview:large","max-video-preview":"max-video-preview:-1"},"canonical":"https:\/\/jornaltimoneiro.com.br\/index.php\/2015\/09\/25\/servidores-temem-por-atraso-na-reposicao-do-quadrimestre-de-setembro\/","og_locale":"pt_BR","og_type":"article","og_title":"Servidores temem por atraso na reposi\u00e7\u00e3o do quadrimestre de setembro - O Timoneiro Jornal Canoas RS","og_description":"Pelos c\u00e1lculos do presidente do Sinprocan, se n\u00e3o for pago, profissionais poder\u00e3o perder R$ 271","og_url":"https:\/\/jornaltimoneiro.com.br\/index.php\/2015\/09\/25\/servidores-temem-por-atraso-na-reposicao-do-quadrimestre-de-setembro\/","og_site_name":"O Timoneiro Jornal Canoas RS","article_publisher":"https:\/\/www.facebook.com\/jornaltimoneiro","article_published_time":"2015-09-25T14:13:33+00:00","author":"Reda\u00e7\u00e3o","twitter_card":"summary_large_image","twitter_creator":"@_OTimoneiro","twitter_site":"@_OTimoneiro","twitter_misc":{"Escrito por":"Reda\u00e7\u00e3o","Est. tempo de leitura":"2 minutos"},"schema":{"@context":"https:\/\/schema.org","@graph":[{"@type":"Article","@id":"https:\/\/jornaltimoneiro.com.br\/index.php\/2015\/09\/25\/servidores-temem-por-atraso-na-reposicao-do-quadrimestre-de-setembro\/#article","isPartOf":{"@id":"https:\/\/jornaltimoneiro.com.br\/index.php\/2015\/09\/25\/servidores-temem-por-atraso-na-reposicao-do-quadrimestre-de-setembro\/"},"author":{"name":"Reda\u00e7\u00e3o","@id":"https:\/\/jornaltimoneiro.com.br\/#\/schema\/person\/620efd1d8244466117482be494360b08"},"headline":"Servidores temem por atraso na reposi\u00e7\u00e3o do quadrimestre de setembro","datePublished":"2015-09-25T14:13:33+00:00","dateModified":"2015-09-25T14:13:33+00:00","mainEntityOfPage":{"@id":"https:\/\/jornaltimoneiro.com.br\/index.php\/2015\/09\/25\/servidores-temem-por-atraso-na-reposicao-do-quadrimestre-de-setembro\/"},"wordCount":353,"commentCount":0,"publisher":{"@id":"https:\/\/jornaltimoneiro.com.br\/#organization"},"articleSection":["Comunidade","Destaques","Not\u00edcias","Pol\u00edtica"],"inLanguage":"pt-BR","potentialAction":[{"@type":"CommentAction","name":"Comment","target":["https:\/\/jornaltimoneiro.com.br\/index.php\/2015\/09\/25\/servidores-temem-por-atraso-na-reposicao-do-quadrimestre-de-setembro\/#respond"]}]},{"@type":"WebPage","@id":"https:\/\/jornaltimoneiro.com.br\/index.php\/2015\/09\/25\/servidores-temem-por-atraso-na-reposicao-do-quadrimestre-de-setembro\/","url":"https:\/\/jornaltimoneiro.com.br\/index.php\/2015\/09\/25\/servidores-temem-por-atraso-na-reposicao-do-quadrimestre-de-setembro\/","name":"Servidores temem por atraso na reposi\u00e7\u00e3o do quadrimestre de setembro - O Timoneiro Jornal Canoas RS","isPartOf":{"@id":"https:\/\/jornaltimoneiro.com.br\/#website"},"datePublished":"2015-09-25T14:13:33+00:00","dateModified":"2015-09-25T14:13:33+00:00","breadcrumb":{"@id":"https:\/\/jornaltimoneiro.com.br\/index.php\/2015\/09\/25\/servidores-temem-por-atraso-na-reposicao-do-quadrimestre-de-setembro\/#breadcrumb"},"inLanguage":"pt-BR","potentialAction":[{"@type":"ReadAction","target":["https:\/\/jornaltimoneiro.com.br\/index.php\/2015\/09\/25\/servidores-temem-por-atraso-na-reposicao-do-quadrimestre-de-setembro\/"]}]},{"@type":"BreadcrumbList","@id":"https:\/\/jornaltimoneiro.com.br\/index.php\/2015\/09\/25\/servidores-temem-por-atraso-na-reposicao-do-quadrimestre-de-setembro\/#breadcrumb","itemListElement":[{"@type":"ListItem","position":1,"name":"In\u00edcio","item":"https:\/\/jornaltimoneiro.com.br\/"},{"@type":"ListItem","position":2,"name":"Servidores temem por atraso na reposi\u00e7\u00e3o do quadrimestre de setembro"}]},{"@type":"WebSite","@id":"https:\/\/jornaltimoneiro.com.br\/#website","url":"https:\/\/jornaltimoneiro.com.br\/","name":"Jornal Timoneiro Canoas RS","description":"Jornal O Timoneiro, o verdadeiro jornal de Canoas","publisher":{"@id":"https:\/\/jornaltimoneiro.com.br\/#organization"},"potentialAction":[{"@type":"SearchAction","target":{"@type":"EntryPoint","urlTemplate":"https:\/\/jornaltimoneiro.com.br\/?s={search_term_string}"},"query-input":"required name=search_term_string"}],"inLanguage":"pt-BR"},{"@type":"Organization","@id":"https:\/\/jornaltimoneiro.com.br\/#organization","name":"Jornal Timoneiro Canoas RS","url":"https:\/\/jornaltimoneiro.com.br\/","logo":{"@type":"ImageObject","inLanguage":"pt-BR","@id":"https:\/\/jornaltimoneiro.com.br\/#\/schema\/logo\/image\/","url":"https:\/\/jornaltimoneiro.com.br\/wp-content\/uploads\/2023\/03\/logonovo.png","contentUrl":"https:\/\/jornaltimoneiro.com.br\/wp-content\/uploads\/2023\/03\/logonovo.png","width":"469","height":"171","caption":"Jornal Timoneiro Canoas RS"},"image":{"@id":"https:\/\/jornaltimoneiro.com.br\/#\/schema\/logo\/image\/"},"sameAs":["https:\/\/www.facebook.com\/jornaltimoneiro","https:\/\/twitter.com\/_OTimoneiro","https:\/\/www.instagram.com\/jornaltimoneirocanoas\/","https:\/\/www.youtube.com\/@jornalotimoneiro7927"]},{"@type":"Person","@id":"https:\/\/jornaltimoneiro.com.br\/#\/schema\/person\/620efd1d8244466117482be494360b08","name":"Reda\u00e7\u00e3o","image":{"@type":"ImageObject","inLanguage":"pt-BR","@id":"https:\/\/jornaltimoneiro.com.br\/#\/schema\/person\/image\/","url":"https:\/\/secure.gravatar.com\/avatar\/2f04e1b304682a8d9db336c7acd77f08?s=96&d=mm&r=g","contentUrl":"https:\/\/secure.gravatar.com\/avatar\/2f04e1b304682a8d9db336c7acd77f08?s=96&d=mm&r=g","caption":"Reda\u00e7\u00e3o"},"url":"https:\/\/jornaltimoneiro.com.br\/index.php\/author\/timoneirocanoas\/"}]}},"_links":{"self":[{"href":"https:\/\/jornaltimoneiro.com.br\/index.php\/wp-json\/wp\/v2\/posts\/1194"}],"collection":[{"href":"https:\/\/jornaltimoneiro.com.br\/index.php\/wp-json\/wp\/v2\/posts"}],"about":[{"href":"https:\/\/jornaltimoneiro.com.br\/index.php\/wp-json\/wp\/v2\/types\/post"}],"author":[{"embeddable":true,"href":"https:\/\/jornaltimoneiro.com.br\/index.php\/wp-json\/wp\/v2\/users\/1"}],"replies":[{"embeddable":true,"href":"https:\/\/jornaltimoneiro.com.br\/index.php\/wp-json\/wp\/v2\/comments?post=1194"}],"version-history":[{"count":0,"href":"https:\/\/jornaltimoneiro.com.br\/index.php\/wp-json\/wp\/v2\/posts\/1194\/revisions"}],"wp:attachment":[{"href":"https:\/\/jornaltimoneiro.com.br\/index.php\/wp-json\/wp\/v2\/media?parent=1194"}],"wp:term":[{"taxonomy":"category","embeddable":true,"href":"https:\/\/jornaltimoneiro.com.br\/index.php\/wp-json\/wp\/v2\/categories?post=1194"},{"taxonomy":"post_tag","embeddable":true,"href":"https:\/\/jornaltimoneiro.com.br\/index.php\/wp-json\/wp\/v2\/tags?post=1194"}],"curies":[{"name":"wp","href":"https:\/\/api.w.org\/{rel}","templated":true}]}}