{"id":1150,"date":"2015-09-18T11:10:57","date_gmt":"2015-09-18T14:10:57","guid":{"rendered":"http:\/\/otimoneiro.com.br\/?p=1150"},"modified":"2015-09-18T11:10:57","modified_gmt":"2015-09-18T14:10:57","slug":"mariana-realizou-cirurgia-de-escoliose-e-passa-bem","status":"publish","type":"post","link":"https:\/\/jornaltimoneiro.com.br\/index.php\/2015\/09\/18\/mariana-realizou-cirurgia-de-escoliose-e-passa-bem\/","title":{"rendered":"Mariana realizou cirurgia  de escoliose e passa bem"},"content":{"rendered":"<div id=\"attachment_1171\" style=\"width: 584px\" class=\"wp-caption aligncenter\"><a href=\"http:\/\/otimoneiro.com.br\/wp-content\/uploads\/2015\/09\/12002957_1697404233828035_4544078304993540632_n.jpg\"><img decoding=\"async\" aria-describedby=\"caption-attachment-1171\" class=\"wp-image-1171 \" src=\"http:\/\/otimoneiro.com.br\/wp-content\/uploads\/2015\/09\/12002957_1697404233828035_4544078304993540632_n.jpg\" alt=\"Mariana Cardoso e o cirurgi\u00e3o Dr. Samuel Conrad\" width=\"574\" height=\"574\" \/><\/a><p id=\"caption-attachment-1171\" class=\"wp-caption-text\">Mariana Cardoso e o cirurgi\u00e3o Dr. Samuel Conrad<\/p><\/div>\n<p style=\"text-align: justify;\">Em julho de 2015, O Timoneiro mostrou o drama vivido por Adriana Cardoso, moradora do bairro Guajuviras, desempregada para cuidar da filha, Mariana Cardoso, de 14 anos, que h\u00e1 pelo menos quatro anos de sua vida convive com escoliose, uma doen\u00e7a que causa deformidade na coluna vertebral.<br \/>\nEm junho de 2014, Mariana apresentava um desvio de 60 graus na coluna. Em julho de 2015, a curvatura j\u00e1 estava em 72 graus, o que levou a jovem a recusar, muitas vezes, o conv\u00edvio social por se achar diferente. Segundo a m\u00e3e, a doen\u00e7a al\u00e9m de prejudicar a sa\u00fade da filha, come\u00e7ou a prejudic\u00e1-la na escola e at\u00e9 em brincar com as amigas. A situa\u00e7\u00e3o, acompanhada por OT desde ent\u00e3o, resultou em uma entrevista com o secret\u00e1rio de Sa\u00fade, Marcelo B\u00f3sio.<\/p>\n<div id=\"attachment_1170\" style=\"width: 179px\" class=\"wp-caption alignleft\"><a href=\"http:\/\/otimoneiro.com.br\/wp-content\/uploads\/2015\/09\/Ag1V8nt7o4zah9ArlfohN4mY95zhFC39I6s_rpdp65p9.jpg\"><img decoding=\"async\" aria-describedby=\"caption-attachment-1170\" class=\"size-medium wp-image-1170\" src=\"http:\/\/otimoneiro.com.br\/wp-content\/uploads\/2015\/09\/Ag1V8nt7o4zah9ArlfohN4mY95zhFC39I6s_rpdp65p9-169x300.jpg\" alt=\"Mariana com a fam\u00edlia no HU, ap\u00f3s cirurgia de escoliose. \" width=\"169\" height=\"300\" \/><\/a><p id=\"caption-attachment-1170\" class=\"wp-caption-text\">Mariana com a fam\u00edlia no HU, ap\u00f3s cirurgia de escoliose.<\/p><\/div>\n<p style=\"text-align: justify;\">Mas essa realidade chegou ao fim na quinta-feira, 10. Mariana Cardoso finalmente venceu a burocracia e realizou a cirurgia no Hospital Universit\u00e1rio (HU) de Canoas. O procedimento, que resultou na inser\u00e7\u00e3o de 24 pinos, demorou em torno de 12 horas. \u201cFoi um milagre\u201d, analisou a m\u00e3e. Ap\u00f3s tr\u00eas longos dias na Unidade de Tratamento Intensivo (UTI), a menina foi para o quarto com fortes dores. \u201cEra muita dor\u201d, lamenta Adriana.<br \/>\nNo s\u00e1bado, 12, a menina de 14 anos j\u00e1 havia se alimentado, tomado banho, se desvencilhado dos aparelhos e at\u00e9 caminhado um pouco. \u201cEla disse que cresceu\u201d, brinca a moradora do Guajuviras que elogiou o respons\u00e1vel pela cirurgia, Dr. Samuel Conrad. \u201cO cirurgi\u00e3o vem todos os dias ver ela. Ela gostou muito dele. Ele d\u00e1 aten\u00e7\u00e3o para ela\u201d, agradece. Na sexta-feira, 18, Mariana teve alta e j\u00e1 est\u00e1 em casa.<\/p>\n","protected":false},"excerpt":{"rendered":"<p>Em julho de 2015, O Timoneiro mostrou o drama vivido por Adriana Cardoso, moradora do bairro Guajuviras, desempregada para cuidar da filha, Mariana Cardoso, de 14 anos, que h\u00e1 pelo menos quatro anos de sua vida convive com escoliose, uma doen\u00e7a que causa deformidade na coluna vertebral. Em junho de 2014, Mariana apresentava um desvio [&hellip;]<\/p>\n","protected":false},"author":1,"featured_media":1171,"comment_status":"open","ping_status":"open","sticky":false,"template":"","format":"standard","meta":{"amp_status":"","footnotes":""},"categories":[19,26],"tags":[],"class_list":["post-1150","post","type-post","status-publish","format-standard","has-post-thumbnail","hentry","category-destaques","category-saude"],"yoast_head":"<!-- This site is optimized with the Yoast SEO plugin v20.5 - https:\/\/yoast.com\/wordpress\/plugins\/seo\/ -->\n<title>Mariana realizou cirurgia de escoliose e passa bem - O Timoneiro Jornal Canoas RS<\/title>\n<meta name=\"robots\" content=\"index, follow, max-snippet:-1, max-image-preview:large, max-video-preview:-1\" \/>\n<link rel=\"canonical\" href=\"https:\/\/jornaltimoneiro.com.br\/index.php\/2015\/09\/18\/mariana-realizou-cirurgia-de-escoliose-e-passa-bem\/\" \/>\n<meta property=\"og:locale\" content=\"pt_BR\" \/>\n<meta property=\"og:type\" content=\"article\" \/>\n<meta property=\"og:title\" content=\"Mariana realizou cirurgia de escoliose e passa bem - O Timoneiro Jornal Canoas RS\" \/>\n<meta property=\"og:description\" content=\"Em julho de 2015, O Timoneiro mostrou o drama vivido por Adriana Cardoso, moradora do bairro Guajuviras, desempregada para cuidar da filha, Mariana Cardoso, de 14 anos, que h\u00e1 pelo menos quatro anos de sua vida convive com escoliose, uma doen\u00e7a que causa deformidade na coluna vertebral. Em junho de 2014, Mariana apresentava um desvio [&hellip;]\" \/>\n<meta property=\"og:url\" content=\"https:\/\/jornaltimoneiro.com.br\/index.php\/2015\/09\/18\/mariana-realizou-cirurgia-de-escoliose-e-passa-bem\/\" \/>\n<meta property=\"og:site_name\" content=\"O Timoneiro Jornal Canoas RS\" \/>\n<meta property=\"article:publisher\" content=\"https:\/\/www.facebook.com\/jornaltimoneiro\" \/>\n<meta property=\"article:published_time\" content=\"2015-09-18T14:10:57+00:00\" \/>\n<meta name=\"author\" content=\"Reda\u00e7\u00e3o\" \/>\n<meta name=\"twitter:card\" content=\"summary_large_image\" \/>\n<meta name=\"twitter:creator\" content=\"@_OTimoneiro\" \/>\n<meta name=\"twitter:site\" content=\"@_OTimoneiro\" \/>\n<meta name=\"twitter:label1\" content=\"Escrito por\" \/>\n\t<meta name=\"twitter:data1\" content=\"Reda\u00e7\u00e3o\" \/>\n\t<meta name=\"twitter:label2\" content=\"Est. tempo de leitura\" \/>\n\t<meta name=\"twitter:data2\" content=\"2 minutos\" \/>\n<script type=\"application\/ld+json\" class=\"yoast-schema-graph\">{\"@context\":\"https:\/\/schema.org\",\"@graph\":[{\"@type\":\"Article\",\"@id\":\"https:\/\/jornaltimoneiro.com.br\/index.php\/2015\/09\/18\/mariana-realizou-cirurgia-de-escoliose-e-passa-bem\/#article\",\"isPartOf\":{\"@id\":\"https:\/\/jornaltimoneiro.com.br\/index.php\/2015\/09\/18\/mariana-realizou-cirurgia-de-escoliose-e-passa-bem\/\"},\"author\":{\"name\":\"Reda\u00e7\u00e3o\",\"@id\":\"https:\/\/jornaltimoneiro.com.br\/#\/schema\/person\/620efd1d8244466117482be494360b08\"},\"headline\":\"Mariana realizou cirurgia de escoliose e passa bem\",\"datePublished\":\"2015-09-18T14:10:57+00:00\",\"dateModified\":\"2015-09-18T14:10:57+00:00\",\"mainEntityOfPage\":{\"@id\":\"https:\/\/jornaltimoneiro.com.br\/index.php\/2015\/09\/18\/mariana-realizou-cirurgia-de-escoliose-e-passa-bem\/\"},\"wordCount\":322,\"commentCount\":0,\"publisher\":{\"@id\":\"https:\/\/jornaltimoneiro.com.br\/#organization\"},\"articleSection\":[\"Destaques\",\"Sa\u00fade\"],\"inLanguage\":\"pt-BR\",\"potentialAction\":[{\"@type\":\"CommentAction\",\"name\":\"Comment\",\"target\":[\"https:\/\/jornaltimoneiro.com.br\/index.php\/2015\/09\/18\/mariana-realizou-cirurgia-de-escoliose-e-passa-bem\/#respond\"]}]},{\"@type\":\"WebPage\",\"@id\":\"https:\/\/jornaltimoneiro.com.br\/index.php\/2015\/09\/18\/mariana-realizou-cirurgia-de-escoliose-e-passa-bem\/\",\"url\":\"https:\/\/jornaltimoneiro.com.br\/index.php\/2015\/09\/18\/mariana-realizou-cirurgia-de-escoliose-e-passa-bem\/\",\"name\":\"Mariana realizou cirurgia de escoliose e passa bem - O Timoneiro Jornal Canoas RS\",\"isPartOf\":{\"@id\":\"https:\/\/jornaltimoneiro.com.br\/#website\"},\"datePublished\":\"2015-09-18T14:10:57+00:00\",\"dateModified\":\"2015-09-18T14:10:57+00:00\",\"breadcrumb\":{\"@id\":\"https:\/\/jornaltimoneiro.com.br\/index.php\/2015\/09\/18\/mariana-realizou-cirurgia-de-escoliose-e-passa-bem\/#breadcrumb\"},\"inLanguage\":\"pt-BR\",\"potentialAction\":[{\"@type\":\"ReadAction\",\"target\":[\"https:\/\/jornaltimoneiro.com.br\/index.php\/2015\/09\/18\/mariana-realizou-cirurgia-de-escoliose-e-passa-bem\/\"]}]},{\"@type\":\"BreadcrumbList\",\"@id\":\"https:\/\/jornaltimoneiro.com.br\/index.php\/2015\/09\/18\/mariana-realizou-cirurgia-de-escoliose-e-passa-bem\/#breadcrumb\",\"itemListElement\":[{\"@type\":\"ListItem\",\"position\":1,\"name\":\"In\u00edcio\",\"item\":\"https:\/\/jornaltimoneiro.com.br\/\"},{\"@type\":\"ListItem\",\"position\":2,\"name\":\"Mariana realizou cirurgia de escoliose e passa bem\"}]},{\"@type\":\"WebSite\",\"@id\":\"https:\/\/jornaltimoneiro.com.br\/#website\",\"url\":\"https:\/\/jornaltimoneiro.com.br\/\",\"name\":\"Jornal Timoneiro Canoas RS\",\"description\":\"Jornal O Timoneiro, o verdadeiro jornal de Canoas\",\"publisher\":{\"@id\":\"https:\/\/jornaltimoneiro.com.br\/#organization\"},\"potentialAction\":[{\"@type\":\"SearchAction\",\"target\":{\"@type\":\"EntryPoint\",\"urlTemplate\":\"https:\/\/jornaltimoneiro.com.br\/?s={search_term_string}\"},\"query-input\":\"required name=search_term_string\"}],\"inLanguage\":\"pt-BR\"},{\"@type\":\"Organization\",\"@id\":\"https:\/\/jornaltimoneiro.com.br\/#organization\",\"name\":\"Jornal Timoneiro Canoas RS\",\"url\":\"https:\/\/jornaltimoneiro.com.br\/\",\"logo\":{\"@type\":\"ImageObject\",\"inLanguage\":\"pt-BR\",\"@id\":\"https:\/\/jornaltimoneiro.com.br\/#\/schema\/logo\/image\/\",\"url\":\"https:\/\/jornaltimoneiro.com.br\/wp-content\/uploads\/2023\/03\/logonovo.png\",\"contentUrl\":\"https:\/\/jornaltimoneiro.com.br\/wp-content\/uploads\/2023\/03\/logonovo.png\",\"width\":\"469\",\"height\":\"171\",\"caption\":\"Jornal Timoneiro Canoas RS\"},\"image\":{\"@id\":\"https:\/\/jornaltimoneiro.com.br\/#\/schema\/logo\/image\/\"},\"sameAs\":[\"https:\/\/www.facebook.com\/jornaltimoneiro\",\"https:\/\/twitter.com\/_OTimoneiro\",\"https:\/\/www.instagram.com\/jornaltimoneirocanoas\/\",\"https:\/\/www.youtube.com\/@jornalotimoneiro7927\"]},{\"@type\":\"Person\",\"@id\":\"https:\/\/jornaltimoneiro.com.br\/#\/schema\/person\/620efd1d8244466117482be494360b08\",\"name\":\"Reda\u00e7\u00e3o\",\"image\":{\"@type\":\"ImageObject\",\"inLanguage\":\"pt-BR\",\"@id\":\"https:\/\/jornaltimoneiro.com.br\/#\/schema\/person\/image\/\",\"url\":\"https:\/\/secure.gravatar.com\/avatar\/2f04e1b304682a8d9db336c7acd77f08?s=96&d=mm&r=g\",\"contentUrl\":\"https:\/\/secure.gravatar.com\/avatar\/2f04e1b304682a8d9db336c7acd77f08?s=96&d=mm&r=g\",\"caption\":\"Reda\u00e7\u00e3o\"},\"url\":\"https:\/\/jornaltimoneiro.com.br\/index.php\/author\/timoneirocanoas\/\"}]}<\/script>\n<!-- \/ Yoast SEO plugin. -->","yoast_head_json":{"title":"Mariana realizou cirurgia de escoliose e passa bem - O Timoneiro Jornal Canoas RS","robots":{"index":"index","follow":"follow","max-snippet":"max-snippet:-1","max-image-preview":"max-image-preview:large","max-video-preview":"max-video-preview:-1"},"canonical":"https:\/\/jornaltimoneiro.com.br\/index.php\/2015\/09\/18\/mariana-realizou-cirurgia-de-escoliose-e-passa-bem\/","og_locale":"pt_BR","og_type":"article","og_title":"Mariana realizou cirurgia de escoliose e passa bem - O Timoneiro Jornal Canoas RS","og_description":"Em julho de 2015, O Timoneiro mostrou o drama vivido por Adriana Cardoso, moradora do bairro Guajuviras, desempregada para cuidar da filha, Mariana Cardoso, de 14 anos, que h\u00e1 pelo menos quatro anos de sua vida convive com escoliose, uma doen\u00e7a que causa deformidade na coluna vertebral. Em junho de 2014, Mariana apresentava um desvio [&hellip;]","og_url":"https:\/\/jornaltimoneiro.com.br\/index.php\/2015\/09\/18\/mariana-realizou-cirurgia-de-escoliose-e-passa-bem\/","og_site_name":"O Timoneiro Jornal Canoas RS","article_publisher":"https:\/\/www.facebook.com\/jornaltimoneiro","article_published_time":"2015-09-18T14:10:57+00:00","author":"Reda\u00e7\u00e3o","twitter_card":"summary_large_image","twitter_creator":"@_OTimoneiro","twitter_site":"@_OTimoneiro","twitter_misc":{"Escrito por":"Reda\u00e7\u00e3o","Est. tempo de leitura":"2 minutos"},"schema":{"@context":"https:\/\/schema.org","@graph":[{"@type":"Article","@id":"https:\/\/jornaltimoneiro.com.br\/index.php\/2015\/09\/18\/mariana-realizou-cirurgia-de-escoliose-e-passa-bem\/#article","isPartOf":{"@id":"https:\/\/jornaltimoneiro.com.br\/index.php\/2015\/09\/18\/mariana-realizou-cirurgia-de-escoliose-e-passa-bem\/"},"author":{"name":"Reda\u00e7\u00e3o","@id":"https:\/\/jornaltimoneiro.com.br\/#\/schema\/person\/620efd1d8244466117482be494360b08"},"headline":"Mariana realizou cirurgia de escoliose e passa bem","datePublished":"2015-09-18T14:10:57+00:00","dateModified":"2015-09-18T14:10:57+00:00","mainEntityOfPage":{"@id":"https:\/\/jornaltimoneiro.com.br\/index.php\/2015\/09\/18\/mariana-realizou-cirurgia-de-escoliose-e-passa-bem\/"},"wordCount":322,"commentCount":0,"publisher":{"@id":"https:\/\/jornaltimoneiro.com.br\/#organization"},"articleSection":["Destaques","Sa\u00fade"],"inLanguage":"pt-BR","potentialAction":[{"@type":"CommentAction","name":"Comment","target":["https:\/\/jornaltimoneiro.com.br\/index.php\/2015\/09\/18\/mariana-realizou-cirurgia-de-escoliose-e-passa-bem\/#respond"]}]},{"@type":"WebPage","@id":"https:\/\/jornaltimoneiro.com.br\/index.php\/2015\/09\/18\/mariana-realizou-cirurgia-de-escoliose-e-passa-bem\/","url":"https:\/\/jornaltimoneiro.com.br\/index.php\/2015\/09\/18\/mariana-realizou-cirurgia-de-escoliose-e-passa-bem\/","name":"Mariana realizou cirurgia de escoliose e passa bem - O Timoneiro Jornal Canoas RS","isPartOf":{"@id":"https:\/\/jornaltimoneiro.com.br\/#website"},"datePublished":"2015-09-18T14:10:57+00:00","dateModified":"2015-09-18T14:10:57+00:00","breadcrumb":{"@id":"https:\/\/jornaltimoneiro.com.br\/index.php\/2015\/09\/18\/mariana-realizou-cirurgia-de-escoliose-e-passa-bem\/#breadcrumb"},"inLanguage":"pt-BR","potentialAction":[{"@type":"ReadAction","target":["https:\/\/jornaltimoneiro.com.br\/index.php\/2015\/09\/18\/mariana-realizou-cirurgia-de-escoliose-e-passa-bem\/"]}]},{"@type":"BreadcrumbList","@id":"https:\/\/jornaltimoneiro.com.br\/index.php\/2015\/09\/18\/mariana-realizou-cirurgia-de-escoliose-e-passa-bem\/#breadcrumb","itemListElement":[{"@type":"ListItem","position":1,"name":"In\u00edcio","item":"https:\/\/jornaltimoneiro.com.br\/"},{"@type":"ListItem","position":2,"name":"Mariana realizou cirurgia de escoliose e passa bem"}]},{"@type":"WebSite","@id":"https:\/\/jornaltimoneiro.com.br\/#website","url":"https:\/\/jornaltimoneiro.com.br\/","name":"Jornal Timoneiro Canoas RS","description":"Jornal O Timoneiro, o verdadeiro jornal de Canoas","publisher":{"@id":"https:\/\/jornaltimoneiro.com.br\/#organization"},"potentialAction":[{"@type":"SearchAction","target":{"@type":"EntryPoint","urlTemplate":"https:\/\/jornaltimoneiro.com.br\/?s={search_term_string}"},"query-input":"required name=search_term_string"}],"inLanguage":"pt-BR"},{"@type":"Organization","@id":"https:\/\/jornaltimoneiro.com.br\/#organization","name":"Jornal Timoneiro Canoas RS","url":"https:\/\/jornaltimoneiro.com.br\/","logo":{"@type":"ImageObject","inLanguage":"pt-BR","@id":"https:\/\/jornaltimoneiro.com.br\/#\/schema\/logo\/image\/","url":"https:\/\/jornaltimoneiro.com.br\/wp-content\/uploads\/2023\/03\/logonovo.png","contentUrl":"https:\/\/jornaltimoneiro.com.br\/wp-content\/uploads\/2023\/03\/logonovo.png","width":"469","height":"171","caption":"Jornal Timoneiro Canoas RS"},"image":{"@id":"https:\/\/jornaltimoneiro.com.br\/#\/schema\/logo\/image\/"},"sameAs":["https:\/\/www.facebook.com\/jornaltimoneiro","https:\/\/twitter.com\/_OTimoneiro","https:\/\/www.instagram.com\/jornaltimoneirocanoas\/","https:\/\/www.youtube.com\/@jornalotimoneiro7927"]},{"@type":"Person","@id":"https:\/\/jornaltimoneiro.com.br\/#\/schema\/person\/620efd1d8244466117482be494360b08","name":"Reda\u00e7\u00e3o","image":{"@type":"ImageObject","inLanguage":"pt-BR","@id":"https:\/\/jornaltimoneiro.com.br\/#\/schema\/person\/image\/","url":"https:\/\/secure.gravatar.com\/avatar\/2f04e1b304682a8d9db336c7acd77f08?s=96&d=mm&r=g","contentUrl":"https:\/\/secure.gravatar.com\/avatar\/2f04e1b304682a8d9db336c7acd77f08?s=96&d=mm&r=g","caption":"Reda\u00e7\u00e3o"},"url":"https:\/\/jornaltimoneiro.com.br\/index.php\/author\/timoneirocanoas\/"}]}},"_links":{"self":[{"href":"https:\/\/jornaltimoneiro.com.br\/index.php\/wp-json\/wp\/v2\/posts\/1150"}],"collection":[{"href":"https:\/\/jornaltimoneiro.com.br\/index.php\/wp-json\/wp\/v2\/posts"}],"about":[{"href":"https:\/\/jornaltimoneiro.com.br\/index.php\/wp-json\/wp\/v2\/types\/post"}],"author":[{"embeddable":true,"href":"https:\/\/jornaltimoneiro.com.br\/index.php\/wp-json\/wp\/v2\/users\/1"}],"replies":[{"embeddable":true,"href":"https:\/\/jornaltimoneiro.com.br\/index.php\/wp-json\/wp\/v2\/comments?post=1150"}],"version-history":[{"count":0,"href":"https:\/\/jornaltimoneiro.com.br\/index.php\/wp-json\/wp\/v2\/posts\/1150\/revisions"}],"wp:featuredmedia":[{"embeddable":true,"href":"https:\/\/jornaltimoneiro.com.br\/index.php\/wp-json\/"}],"wp:attachment":[{"href":"https:\/\/jornaltimoneiro.com.br\/index.php\/wp-json\/wp\/v2\/media?parent=1150"}],"wp:term":[{"taxonomy":"category","embeddable":true,"href":"https:\/\/jornaltimoneiro.com.br\/index.php\/wp-json\/wp\/v2\/categories?post=1150"},{"taxonomy":"post_tag","embeddable":true,"href":"https:\/\/jornaltimoneiro.com.br\/index.php\/wp-json\/wp\/v2\/tags?post=1150"}],"curies":[{"name":"wp","href":"https:\/\/api.w.org\/{rel}","templated":true}]}}