{"id":11441,"date":"2018-11-16T09:06:12","date_gmt":"2018-11-16T11:06:12","guid":{"rendered":"http:\/\/otimoneiro.com.br\/?p=11441"},"modified":"2018-11-16T09:06:12","modified_gmt":"2018-11-16T11:06:12","slug":"ranolfo-tenho-um-carinho-muito-grande-por-canoas","status":"publish","type":"post","link":"https:\/\/jornaltimoneiro.com.br\/index.php\/2018\/11\/16\/ranolfo-tenho-um-carinho-muito-grande-por-canoas\/","title":{"rendered":"Ranolfo: \u201cTenho um carinho muito grande por Canoas\u201d"},"content":{"rendered":"<p><img decoding=\"async\" class=\"aligncenter size-large wp-image-11442\" src=\"http:\/\/otimoneiro.com.br\/wp-content\/uploads\/2018\/11\/DSC0673-1024x683-1024x683.jpg\" alt=\"\" width=\"1024\" height=\"683\" \/><\/p>\n<p>Ainda no per\u00edodo de transi\u00e7\u00e3o e ambientando-se a real situa\u00e7\u00e3o do estado do Rio Grande do Sul, Ranolfo Vieira J\u00fanior (PTB), vice-governador eleito, concedeu entrevista ao jornal Timoneiro, onde falou sobre o atual momento e a prepara\u00e7\u00e3o para assumir a gest\u00e3o estadual.<\/p>\n<h6>V\u00ednculo<\/h6>\n<p>Ex-secret\u00e1rio de Seguran\u00e7a P\u00fablica e Cidadania de Canoas e com passagem como delegado na Delegacia Especializada de Furto, Roubos e Capturas (Defrec), Ranolfo sempre manteve um v\u00ednculo com a cidade. \u201cTenho um carinho muito grande pela comunidade de Canoas. \u00c9 uma cidade que me acolheu por muitos anos\u201d, destaca.<\/p>\n<h6>Seguran\u00e7a<\/h6>\n<p>Com ampla experi\u00eancia no assunto, Ranolfo aponta que o governo ter\u00e1 o mesmo compromisso que ele j\u00e1 tem colocado em pr\u00e1tica, atrav\u00e9s da realiza\u00e7\u00e3o de opera\u00e7\u00f5es e foco na aproxima\u00e7\u00e3o das institui\u00e7\u00f5es de seguran\u00e7a, tanto em sua estrutura como intelig\u00eancia. Como novidade, ele aponta a ideia de criar uma Secretaria de Administra\u00e7\u00e3o Penitenciaria. Com isso, ele espera ter mais objetividade e velocidade de processos. \u201cTemos que ter uma secretaria exclusiva para isso. Vamos buscar recursos do Fundo Penitenci\u00e1rio Nacional e realizar acordos com o setor privado\u201d.\u00a0 Frequente cr\u00edtico do n\u00famero elevado de vagas (2800) na Penitenci\u00e1ria de Canoas (Pecan), Vieira J\u00fanior ainda afirma que a pol\u00edtica do novo governo ser\u00e1 de regionalizar os complexos prisionais e manter no m\u00e1ximo 300 vagas em cada. \u201cDurante nosso governo n\u00e3o vamos ter um novo pres\u00eddio central\u201d, finaliza.<\/p>\n<p>Eleito na chapa liderada por Eduardo Leite (PSDB), Vieira J\u00fanior comenta que tem a sensa\u00e7\u00e3o de miss\u00e3o cumprida. Ele ainda cita todo o processo pol\u00edtico e a trajet\u00f3ria que o encaminhou ao posto para o qual foi eleito: \u201cQuando se chega ao final desse processo, no encerramento da jornada, se sente um orgulho imenso. Isso emociona, honra, e d\u00e1 muita responsabilidade\u201d. Ranolfo conta que o momento \u00e9 de di\u00e1logo com o atual governo de Jos\u00e9 Ivo Sartori (PMDB): \u201cCome\u00e7amos a aprofundar mais o conhecimento sobre o tamanho do problema. N\u00e3o altera muito do que j\u00e1 est\u00e1vamos imaginando\u201d.<\/p>\n","protected":false},"excerpt":{"rendered":"<p>Ainda no per\u00edodo de transi\u00e7\u00e3o e ambientando-se a real situa\u00e7\u00e3o do estado do Rio Grande do Sul, Ranolfo Vieira J\u00fanior (PTB), vice-governador eleito, concedeu entrevista ao jornal Timoneiro, onde falou sobre o atual momento e a prepara\u00e7\u00e3o para assumir a gest\u00e3o estadual. V\u00ednculo Ex-secret\u00e1rio de Seguran\u00e7a P\u00fablica e Cidadania de Canoas e com passagem como [&hellip;]<\/p>\n","protected":false},"author":1,"featured_media":11442,"comment_status":"closed","ping_status":"open","sticky":false,"template":"","format":"standard","meta":{"amp_status":"","footnotes":""},"categories":[19,20],"tags":[],"class_list":["post-11441","post","type-post","status-publish","format-standard","has-post-thumbnail","hentry","category-destaques","category-politica-noticias"],"yoast_head":"<!-- This site is optimized with the Yoast SEO plugin v20.5 - https:\/\/yoast.com\/wordpress\/plugins\/seo\/ -->\n<title>Ranolfo: \u201cTenho um carinho muito grande por Canoas\u201d - O Timoneiro Jornal Canoas RS<\/title>\n<meta name=\"robots\" content=\"index, follow, max-snippet:-1, max-image-preview:large, max-video-preview:-1\" \/>\n<link rel=\"canonical\" href=\"https:\/\/jornaltimoneiro.com.br\/index.php\/2018\/11\/16\/ranolfo-tenho-um-carinho-muito-grande-por-canoas\/\" \/>\n<meta property=\"og:locale\" content=\"pt_BR\" \/>\n<meta property=\"og:type\" content=\"article\" \/>\n<meta property=\"og:title\" content=\"Ranolfo: \u201cTenho um carinho muito grande por Canoas\u201d - O Timoneiro Jornal Canoas RS\" \/>\n<meta property=\"og:description\" content=\"Ainda no per\u00edodo de transi\u00e7\u00e3o e ambientando-se a real situa\u00e7\u00e3o do estado do Rio Grande do Sul, Ranolfo Vieira J\u00fanior (PTB), vice-governador eleito, concedeu entrevista ao jornal Timoneiro, onde falou sobre o atual momento e a prepara\u00e7\u00e3o para assumir a gest\u00e3o estadual. V\u00ednculo Ex-secret\u00e1rio de Seguran\u00e7a P\u00fablica e Cidadania de Canoas e com passagem como [&hellip;]\" \/>\n<meta property=\"og:url\" content=\"https:\/\/jornaltimoneiro.com.br\/index.php\/2018\/11\/16\/ranolfo-tenho-um-carinho-muito-grande-por-canoas\/\" \/>\n<meta property=\"og:site_name\" content=\"O Timoneiro Jornal Canoas RS\" \/>\n<meta property=\"article:publisher\" content=\"https:\/\/www.facebook.com\/jornaltimoneiro\" \/>\n<meta property=\"article:published_time\" content=\"2018-11-16T11:06:12+00:00\" \/>\n<meta name=\"author\" content=\"Reda\u00e7\u00e3o\" \/>\n<meta name=\"twitter:card\" content=\"summary_large_image\" \/>\n<meta name=\"twitter:creator\" content=\"@_OTimoneiro\" \/>\n<meta name=\"twitter:site\" content=\"@_OTimoneiro\" \/>\n<meta name=\"twitter:label1\" content=\"Escrito por\" \/>\n\t<meta name=\"twitter:data1\" content=\"Reda\u00e7\u00e3o\" \/>\n\t<meta name=\"twitter:label2\" content=\"Est. tempo de leitura\" \/>\n\t<meta name=\"twitter:data2\" content=\"2 minutos\" \/>\n<script type=\"application\/ld+json\" class=\"yoast-schema-graph\">{\"@context\":\"https:\/\/schema.org\",\"@graph\":[{\"@type\":\"Article\",\"@id\":\"https:\/\/jornaltimoneiro.com.br\/index.php\/2018\/11\/16\/ranolfo-tenho-um-carinho-muito-grande-por-canoas\/#article\",\"isPartOf\":{\"@id\":\"https:\/\/jornaltimoneiro.com.br\/index.php\/2018\/11\/16\/ranolfo-tenho-um-carinho-muito-grande-por-canoas\/\"},\"author\":{\"name\":\"Reda\u00e7\u00e3o\",\"@id\":\"https:\/\/jornaltimoneiro.com.br\/#\/schema\/person\/620efd1d8244466117482be494360b08\"},\"headline\":\"Ranolfo: \u201cTenho um carinho muito grande por Canoas\u201d\",\"datePublished\":\"2018-11-16T11:06:12+00:00\",\"dateModified\":\"2018-11-16T11:06:12+00:00\",\"mainEntityOfPage\":{\"@id\":\"https:\/\/jornaltimoneiro.com.br\/index.php\/2018\/11\/16\/ranolfo-tenho-um-carinho-muito-grande-por-canoas\/\"},\"wordCount\":368,\"publisher\":{\"@id\":\"https:\/\/jornaltimoneiro.com.br\/#organization\"},\"articleSection\":[\"Destaques\",\"Pol\u00edtica\"],\"inLanguage\":\"pt-BR\"},{\"@type\":\"WebPage\",\"@id\":\"https:\/\/jornaltimoneiro.com.br\/index.php\/2018\/11\/16\/ranolfo-tenho-um-carinho-muito-grande-por-canoas\/\",\"url\":\"https:\/\/jornaltimoneiro.com.br\/index.php\/2018\/11\/16\/ranolfo-tenho-um-carinho-muito-grande-por-canoas\/\",\"name\":\"Ranolfo: \u201cTenho um carinho muito grande por Canoas\u201d - O Timoneiro Jornal Canoas RS\",\"isPartOf\":{\"@id\":\"https:\/\/jornaltimoneiro.com.br\/#website\"},\"datePublished\":\"2018-11-16T11:06:12+00:00\",\"dateModified\":\"2018-11-16T11:06:12+00:00\",\"breadcrumb\":{\"@id\":\"https:\/\/jornaltimoneiro.com.br\/index.php\/2018\/11\/16\/ranolfo-tenho-um-carinho-muito-grande-por-canoas\/#breadcrumb\"},\"inLanguage\":\"pt-BR\",\"potentialAction\":[{\"@type\":\"ReadAction\",\"target\":[\"https:\/\/jornaltimoneiro.com.br\/index.php\/2018\/11\/16\/ranolfo-tenho-um-carinho-muito-grande-por-canoas\/\"]}]},{\"@type\":\"BreadcrumbList\",\"@id\":\"https:\/\/jornaltimoneiro.com.br\/index.php\/2018\/11\/16\/ranolfo-tenho-um-carinho-muito-grande-por-canoas\/#breadcrumb\",\"itemListElement\":[{\"@type\":\"ListItem\",\"position\":1,\"name\":\"In\u00edcio\",\"item\":\"https:\/\/jornaltimoneiro.com.br\/\"},{\"@type\":\"ListItem\",\"position\":2,\"name\":\"Ranolfo: \u201cTenho um carinho muito grande por Canoas\u201d\"}]},{\"@type\":\"WebSite\",\"@id\":\"https:\/\/jornaltimoneiro.com.br\/#website\",\"url\":\"https:\/\/jornaltimoneiro.com.br\/\",\"name\":\"Jornal Timoneiro Canoas RS\",\"description\":\"Jornal O Timoneiro, o verdadeiro jornal de Canoas\",\"publisher\":{\"@id\":\"https:\/\/jornaltimoneiro.com.br\/#organization\"},\"potentialAction\":[{\"@type\":\"SearchAction\",\"target\":{\"@type\":\"EntryPoint\",\"urlTemplate\":\"https:\/\/jornaltimoneiro.com.br\/?s={search_term_string}\"},\"query-input\":\"required name=search_term_string\"}],\"inLanguage\":\"pt-BR\"},{\"@type\":\"Organization\",\"@id\":\"https:\/\/jornaltimoneiro.com.br\/#organization\",\"name\":\"Jornal Timoneiro Canoas RS\",\"url\":\"https:\/\/jornaltimoneiro.com.br\/\",\"logo\":{\"@type\":\"ImageObject\",\"inLanguage\":\"pt-BR\",\"@id\":\"https:\/\/jornaltimoneiro.com.br\/#\/schema\/logo\/image\/\",\"url\":\"https:\/\/jornaltimoneiro.com.br\/wp-content\/uploads\/2023\/03\/logonovo.png\",\"contentUrl\":\"https:\/\/jornaltimoneiro.com.br\/wp-content\/uploads\/2023\/03\/logonovo.png\",\"width\":\"469\",\"height\":\"171\",\"caption\":\"Jornal Timoneiro Canoas RS\"},\"image\":{\"@id\":\"https:\/\/jornaltimoneiro.com.br\/#\/schema\/logo\/image\/\"},\"sameAs\":[\"https:\/\/www.facebook.com\/jornaltimoneiro\",\"https:\/\/twitter.com\/_OTimoneiro\",\"https:\/\/www.instagram.com\/jornaltimoneirocanoas\/\",\"https:\/\/www.youtube.com\/@jornalotimoneiro7927\"]},{\"@type\":\"Person\",\"@id\":\"https:\/\/jornaltimoneiro.com.br\/#\/schema\/person\/620efd1d8244466117482be494360b08\",\"name\":\"Reda\u00e7\u00e3o\",\"image\":{\"@type\":\"ImageObject\",\"inLanguage\":\"pt-BR\",\"@id\":\"https:\/\/jornaltimoneiro.com.br\/#\/schema\/person\/image\/\",\"url\":\"https:\/\/secure.gravatar.com\/avatar\/2f04e1b304682a8d9db336c7acd77f08?s=96&d=mm&r=g\",\"contentUrl\":\"https:\/\/secure.gravatar.com\/avatar\/2f04e1b304682a8d9db336c7acd77f08?s=96&d=mm&r=g\",\"caption\":\"Reda\u00e7\u00e3o\"},\"url\":\"https:\/\/jornaltimoneiro.com.br\/index.php\/author\/timoneirocanoas\/\"}]}<\/script>\n<!-- \/ Yoast SEO plugin. -->","yoast_head_json":{"title":"Ranolfo: \u201cTenho um carinho muito grande por Canoas\u201d - O Timoneiro Jornal Canoas RS","robots":{"index":"index","follow":"follow","max-snippet":"max-snippet:-1","max-image-preview":"max-image-preview:large","max-video-preview":"max-video-preview:-1"},"canonical":"https:\/\/jornaltimoneiro.com.br\/index.php\/2018\/11\/16\/ranolfo-tenho-um-carinho-muito-grande-por-canoas\/","og_locale":"pt_BR","og_type":"article","og_title":"Ranolfo: \u201cTenho um carinho muito grande por Canoas\u201d - O Timoneiro Jornal Canoas RS","og_description":"Ainda no per\u00edodo de transi\u00e7\u00e3o e ambientando-se a real situa\u00e7\u00e3o do estado do Rio Grande do Sul, Ranolfo Vieira J\u00fanior (PTB), vice-governador eleito, concedeu entrevista ao jornal Timoneiro, onde falou sobre o atual momento e a prepara\u00e7\u00e3o para assumir a gest\u00e3o estadual. V\u00ednculo Ex-secret\u00e1rio de Seguran\u00e7a P\u00fablica e Cidadania de Canoas e com passagem como [&hellip;]","og_url":"https:\/\/jornaltimoneiro.com.br\/index.php\/2018\/11\/16\/ranolfo-tenho-um-carinho-muito-grande-por-canoas\/","og_site_name":"O Timoneiro Jornal Canoas RS","article_publisher":"https:\/\/www.facebook.com\/jornaltimoneiro","article_published_time":"2018-11-16T11:06:12+00:00","author":"Reda\u00e7\u00e3o","twitter_card":"summary_large_image","twitter_creator":"@_OTimoneiro","twitter_site":"@_OTimoneiro","twitter_misc":{"Escrito por":"Reda\u00e7\u00e3o","Est. tempo de leitura":"2 minutos"},"schema":{"@context":"https:\/\/schema.org","@graph":[{"@type":"Article","@id":"https:\/\/jornaltimoneiro.com.br\/index.php\/2018\/11\/16\/ranolfo-tenho-um-carinho-muito-grande-por-canoas\/#article","isPartOf":{"@id":"https:\/\/jornaltimoneiro.com.br\/index.php\/2018\/11\/16\/ranolfo-tenho-um-carinho-muito-grande-por-canoas\/"},"author":{"name":"Reda\u00e7\u00e3o","@id":"https:\/\/jornaltimoneiro.com.br\/#\/schema\/person\/620efd1d8244466117482be494360b08"},"headline":"Ranolfo: \u201cTenho um carinho muito grande por Canoas\u201d","datePublished":"2018-11-16T11:06:12+00:00","dateModified":"2018-11-16T11:06:12+00:00","mainEntityOfPage":{"@id":"https:\/\/jornaltimoneiro.com.br\/index.php\/2018\/11\/16\/ranolfo-tenho-um-carinho-muito-grande-por-canoas\/"},"wordCount":368,"publisher":{"@id":"https:\/\/jornaltimoneiro.com.br\/#organization"},"articleSection":["Destaques","Pol\u00edtica"],"inLanguage":"pt-BR"},{"@type":"WebPage","@id":"https:\/\/jornaltimoneiro.com.br\/index.php\/2018\/11\/16\/ranolfo-tenho-um-carinho-muito-grande-por-canoas\/","url":"https:\/\/jornaltimoneiro.com.br\/index.php\/2018\/11\/16\/ranolfo-tenho-um-carinho-muito-grande-por-canoas\/","name":"Ranolfo: \u201cTenho um carinho muito grande por Canoas\u201d - O Timoneiro Jornal Canoas RS","isPartOf":{"@id":"https:\/\/jornaltimoneiro.com.br\/#website"},"datePublished":"2018-11-16T11:06:12+00:00","dateModified":"2018-11-16T11:06:12+00:00","breadcrumb":{"@id":"https:\/\/jornaltimoneiro.com.br\/index.php\/2018\/11\/16\/ranolfo-tenho-um-carinho-muito-grande-por-canoas\/#breadcrumb"},"inLanguage":"pt-BR","potentialAction":[{"@type":"ReadAction","target":["https:\/\/jornaltimoneiro.com.br\/index.php\/2018\/11\/16\/ranolfo-tenho-um-carinho-muito-grande-por-canoas\/"]}]},{"@type":"BreadcrumbList","@id":"https:\/\/jornaltimoneiro.com.br\/index.php\/2018\/11\/16\/ranolfo-tenho-um-carinho-muito-grande-por-canoas\/#breadcrumb","itemListElement":[{"@type":"ListItem","position":1,"name":"In\u00edcio","item":"https:\/\/jornaltimoneiro.com.br\/"},{"@type":"ListItem","position":2,"name":"Ranolfo: \u201cTenho um carinho muito grande por Canoas\u201d"}]},{"@type":"WebSite","@id":"https:\/\/jornaltimoneiro.com.br\/#website","url":"https:\/\/jornaltimoneiro.com.br\/","name":"Jornal Timoneiro Canoas RS","description":"Jornal O Timoneiro, o verdadeiro jornal de Canoas","publisher":{"@id":"https:\/\/jornaltimoneiro.com.br\/#organization"},"potentialAction":[{"@type":"SearchAction","target":{"@type":"EntryPoint","urlTemplate":"https:\/\/jornaltimoneiro.com.br\/?s={search_term_string}"},"query-input":"required name=search_term_string"}],"inLanguage":"pt-BR"},{"@type":"Organization","@id":"https:\/\/jornaltimoneiro.com.br\/#organization","name":"Jornal Timoneiro Canoas RS","url":"https:\/\/jornaltimoneiro.com.br\/","logo":{"@type":"ImageObject","inLanguage":"pt-BR","@id":"https:\/\/jornaltimoneiro.com.br\/#\/schema\/logo\/image\/","url":"https:\/\/jornaltimoneiro.com.br\/wp-content\/uploads\/2023\/03\/logonovo.png","contentUrl":"https:\/\/jornaltimoneiro.com.br\/wp-content\/uploads\/2023\/03\/logonovo.png","width":"469","height":"171","caption":"Jornal Timoneiro Canoas RS"},"image":{"@id":"https:\/\/jornaltimoneiro.com.br\/#\/schema\/logo\/image\/"},"sameAs":["https:\/\/www.facebook.com\/jornaltimoneiro","https:\/\/twitter.com\/_OTimoneiro","https:\/\/www.instagram.com\/jornaltimoneirocanoas\/","https:\/\/www.youtube.com\/@jornalotimoneiro7927"]},{"@type":"Person","@id":"https:\/\/jornaltimoneiro.com.br\/#\/schema\/person\/620efd1d8244466117482be494360b08","name":"Reda\u00e7\u00e3o","image":{"@type":"ImageObject","inLanguage":"pt-BR","@id":"https:\/\/jornaltimoneiro.com.br\/#\/schema\/person\/image\/","url":"https:\/\/secure.gravatar.com\/avatar\/2f04e1b304682a8d9db336c7acd77f08?s=96&d=mm&r=g","contentUrl":"https:\/\/secure.gravatar.com\/avatar\/2f04e1b304682a8d9db336c7acd77f08?s=96&d=mm&r=g","caption":"Reda\u00e7\u00e3o"},"url":"https:\/\/jornaltimoneiro.com.br\/index.php\/author\/timoneirocanoas\/"}]}},"_links":{"self":[{"href":"https:\/\/jornaltimoneiro.com.br\/index.php\/wp-json\/wp\/v2\/posts\/11441"}],"collection":[{"href":"https:\/\/jornaltimoneiro.com.br\/index.php\/wp-json\/wp\/v2\/posts"}],"about":[{"href":"https:\/\/jornaltimoneiro.com.br\/index.php\/wp-json\/wp\/v2\/types\/post"}],"author":[{"embeddable":true,"href":"https:\/\/jornaltimoneiro.com.br\/index.php\/wp-json\/wp\/v2\/users\/1"}],"replies":[{"embeddable":true,"href":"https:\/\/jornaltimoneiro.com.br\/index.php\/wp-json\/wp\/v2\/comments?post=11441"}],"version-history":[{"count":0,"href":"https:\/\/jornaltimoneiro.com.br\/index.php\/wp-json\/wp\/v2\/posts\/11441\/revisions"}],"wp:featuredmedia":[{"embeddable":true,"href":"https:\/\/jornaltimoneiro.com.br\/index.php\/wp-json\/"}],"wp:attachment":[{"href":"https:\/\/jornaltimoneiro.com.br\/index.php\/wp-json\/wp\/v2\/media?parent=11441"}],"wp:term":[{"taxonomy":"category","embeddable":true,"href":"https:\/\/jornaltimoneiro.com.br\/index.php\/wp-json\/wp\/v2\/categories?post=11441"},{"taxonomy":"post_tag","embeddable":true,"href":"https:\/\/jornaltimoneiro.com.br\/index.php\/wp-json\/wp\/v2\/tags?post=11441"}],"curies":[{"name":"wp","href":"https:\/\/api.w.org\/{rel}","templated":true}]}}