{"id":11281,"date":"2018-10-11T14:15:10","date_gmt":"2018-10-11T17:15:10","guid":{"rendered":"http:\/\/otimoneiro.com.br\/?p=11281"},"modified":"2018-10-11T14:15:10","modified_gmt":"2018-10-11T17:15:10","slug":"secretaria-de-saude-fala-sobre-crise-no-hps","status":"publish","type":"post","link":"https:\/\/jornaltimoneiro.com.br\/index.php\/2018\/10\/11\/secretaria-de-saude-fala-sobre-crise-no-hps\/","title":{"rendered":"Secret\u00e1ria de Sa\u00fade fala sobre crise no HPS"},"content":{"rendered":"<p><img decoding=\"async\" class=\"aligncenter size-large wp-image-11282\" src=\"http:\/\/otimoneiro.com.br\/wp-content\/uploads\/2018\/10\/DSC_3307-1024x684.jpg\" alt=\"\" width=\"1024\" height=\"684\" \/><\/p>\n<p>O jornal Timoneiro tem noticiado, no decorrer dos \u00faltimos anos, a instabilidade na gest\u00e3o do Hospital de Pronto Socorro de Canoas (HPSC). Gerido pelo Grupo de Apoio \u00e0 Medicina Preventiva e \u00e0 Sa\u00fade P\u00fablica (Gamp), ap\u00f3s contrato firmado pelo governo de Jairo Jorge, em 2016, o hospital atende com frequente superlota\u00e7\u00e3o e com crises de gest\u00e3o. Com esse panorama, e com questionamentos aos valores previstos no contrato de presta\u00e7\u00e3o de servi\u00e7o foi decidido, em comum acordo, que o Gamp n\u00e3o ser\u00e1 mais respons\u00e1vel pelo hospital e duas Upas, passando o comando ao munic\u00edpio. Em entrevista, a secret\u00e1ria de Sa\u00fade, Rosa Maria Groenwald, explicou detalhes sobre a transi\u00e7\u00e3o de trabalho para a nova forma de gest\u00e3o do HPS e os motivos para a superlota\u00e7\u00e3o do mesmo.<\/p>\n<h6>Justificativa<\/h6>\n<p>Rosa concorda que o momento \u00e9 dif\u00edcil para o HPS, mas justifica que uma s\u00e9rie de fatores contribu\u00edram para a crise. \u201cRealmente esse ano \u00e9 um pouco at\u00edpico, por que temos toda uma situa\u00e7\u00e3o clim\u00e1tica que causa esses agravos\u201d, afirma a secret\u00e1ria. Ela tamb\u00e9m cita os problemas do Gra\u00e7as, que \u201cpassa por certas dificuldades\u201d.<\/p>\n<p>A secret\u00e1ria destaca que Canoas atende 56 munic\u00edpios da regi\u00e3o, sobrecarregando o sistema e prejudicando a popula\u00e7\u00e3o da cidade: \u201cDesde que chegamos temos trabalhado em cima disso, para reverter algo que foi criado no governo passado. Quando assumiram legalmente esse compromisso, de atender a regi\u00e3o, falaram que n\u00e3o prejudicaria os canoenses, mas isso n\u00e3o ocorreu\u201d.<\/p>\n<p>Rosa explica que tal compromisso foi firmado em 2014, quando Canoas aumentou o n\u00famero de munic\u00edpios para atender, e ao mesmo tempo fechou 100 leitos de sua rede. \u201cAl\u00e9m disso, n\u00f3s encontramos uma estrutura muito prec\u00e1ria e deteriorada\u201d, diz Groenwald. Ela compara Canoas com S\u00e3o Leopoldo e Novo Hamburgo, cidades que, segundo ela, t\u00eam um fluxo muito menor que aqui e que poderiam desafogar a superlota\u00e7\u00e3o da cidade, que atende mais 60% de pessoas de fora.<\/p>\n<h6>Negocia\u00e7\u00e3o<\/h6>\n<p>\u201cEstamos nos mobilizando junto ao governo do Estado e com as cidades vizinhas para mudar essa situa\u00e7\u00e3o\u201d, afirma Rosa. Segundo ela, a diminui\u00e7\u00e3o de atendimento na regi\u00e3o tem requerido um processo complicado e burocr\u00e1tico, e que depende do governo estadual. Enquanto isso n\u00e3o ocorre, Rosa afirma que, em pouco tempo, ser\u00e3o abertos 100 novos leitos no HU, que liberaria o fluxo de pacientes provenientes do HPS. \u201cEnquanto esse pedido de mudan\u00e7a junto ao Estado n\u00e3o sair, n\u00f3s vamos ter que trabalhar desta forma\u201d, comenta.<\/p>\n<h6>Licita\u00e7\u00e3o<\/h6>\n<p>Para Rosa, a licita\u00e7\u00e3o que o Gamp venceu em 2016 tinha valores subestimados: \u201cOs valores n\u00e3o correspondem ao que \u00e9 realmente necess\u00e1rio\u201d. Agora, segundo a secret\u00e1ria, diversas equipes est\u00e3o trabalhando na transi\u00e7\u00e3o para assumir a gest\u00e3o do HPS. \u201cTemos comiss\u00f5es avaliando todo o processo. Vamos avaliar as necessidades e organizar a parte financeira\u201d, explica. Questionada sobre a situa\u00e7\u00e3o dos atuais funcion\u00e1rios da institui\u00e7\u00e3o, Rosa afirma que ainda est\u00e3o sendo feitos levantamentos sobre a situa\u00e7\u00e3o, mas que n\u00e3o descarta medidas e atitudes para \u201csaber o que ser\u00e1 melhor para a popula\u00e7\u00e3o\u201d.<\/p>\n","protected":false},"excerpt":{"rendered":"<p>O jornal Timoneiro tem noticiado, no decorrer dos \u00faltimos anos, a instabilidade na gest\u00e3o do Hospital de Pronto Socorro de Canoas (HPSC). Gerido pelo Grupo de Apoio \u00e0 Medicina Preventiva e \u00e0 Sa\u00fade P\u00fablica (Gamp), ap\u00f3s contrato firmado pelo governo de Jairo Jorge, em 2016, o hospital atende com frequente superlota\u00e7\u00e3o e com crises de [&hellip;]<\/p>\n","protected":false},"author":1,"featured_media":11282,"comment_status":"closed","ping_status":"open","sticky":false,"template":"","format":"standard","meta":{"amp_status":"","footnotes":""},"categories":[19],"tags":[],"class_list":["post-11281","post","type-post","status-publish","format-standard","has-post-thumbnail","hentry","category-destaques"],"yoast_head":"<!-- This site is optimized with the Yoast SEO plugin v20.5 - https:\/\/yoast.com\/wordpress\/plugins\/seo\/ -->\n<title>Secret\u00e1ria de Sa\u00fade fala sobre crise no HPS - O Timoneiro Jornal Canoas RS<\/title>\n<meta name=\"robots\" content=\"index, follow, max-snippet:-1, max-image-preview:large, max-video-preview:-1\" \/>\n<link rel=\"canonical\" href=\"https:\/\/jornaltimoneiro.com.br\/index.php\/2018\/10\/11\/secretaria-de-saude-fala-sobre-crise-no-hps\/\" \/>\n<meta property=\"og:locale\" content=\"pt_BR\" \/>\n<meta property=\"og:type\" content=\"article\" \/>\n<meta property=\"og:title\" content=\"Secret\u00e1ria de Sa\u00fade fala sobre crise no HPS - O Timoneiro Jornal Canoas RS\" \/>\n<meta property=\"og:description\" content=\"O jornal Timoneiro tem noticiado, no decorrer dos \u00faltimos anos, a instabilidade na gest\u00e3o do Hospital de Pronto Socorro de Canoas (HPSC). Gerido pelo Grupo de Apoio \u00e0 Medicina Preventiva e \u00e0 Sa\u00fade P\u00fablica (Gamp), ap\u00f3s contrato firmado pelo governo de Jairo Jorge, em 2016, o hospital atende com frequente superlota\u00e7\u00e3o e com crises de [&hellip;]\" \/>\n<meta property=\"og:url\" content=\"https:\/\/jornaltimoneiro.com.br\/index.php\/2018\/10\/11\/secretaria-de-saude-fala-sobre-crise-no-hps\/\" \/>\n<meta property=\"og:site_name\" content=\"O Timoneiro Jornal Canoas RS\" \/>\n<meta property=\"article:publisher\" content=\"https:\/\/www.facebook.com\/jornaltimoneiro\" \/>\n<meta property=\"article:published_time\" content=\"2018-10-11T17:15:10+00:00\" \/>\n<meta name=\"author\" content=\"Reda\u00e7\u00e3o\" \/>\n<meta name=\"twitter:card\" content=\"summary_large_image\" \/>\n<meta name=\"twitter:creator\" content=\"@_OTimoneiro\" \/>\n<meta name=\"twitter:site\" content=\"@_OTimoneiro\" \/>\n<meta name=\"twitter:label1\" content=\"Escrito por\" \/>\n\t<meta name=\"twitter:data1\" content=\"Reda\u00e7\u00e3o\" \/>\n\t<meta name=\"twitter:label2\" content=\"Est. tempo de leitura\" \/>\n\t<meta name=\"twitter:data2\" content=\"3 minutos\" \/>\n<script type=\"application\/ld+json\" class=\"yoast-schema-graph\">{\"@context\":\"https:\/\/schema.org\",\"@graph\":[{\"@type\":\"Article\",\"@id\":\"https:\/\/jornaltimoneiro.com.br\/index.php\/2018\/10\/11\/secretaria-de-saude-fala-sobre-crise-no-hps\/#article\",\"isPartOf\":{\"@id\":\"https:\/\/jornaltimoneiro.com.br\/index.php\/2018\/10\/11\/secretaria-de-saude-fala-sobre-crise-no-hps\/\"},\"author\":{\"name\":\"Reda\u00e7\u00e3o\",\"@id\":\"https:\/\/jornaltimoneiro.com.br\/#\/schema\/person\/620efd1d8244466117482be494360b08\"},\"headline\":\"Secret\u00e1ria de Sa\u00fade fala sobre crise no HPS\",\"datePublished\":\"2018-10-11T17:15:10+00:00\",\"dateModified\":\"2018-10-11T17:15:10+00:00\",\"mainEntityOfPage\":{\"@id\":\"https:\/\/jornaltimoneiro.com.br\/index.php\/2018\/10\/11\/secretaria-de-saude-fala-sobre-crise-no-hps\/\"},\"wordCount\":551,\"publisher\":{\"@id\":\"https:\/\/jornaltimoneiro.com.br\/#organization\"},\"articleSection\":[\"Destaques\"],\"inLanguage\":\"pt-BR\"},{\"@type\":\"WebPage\",\"@id\":\"https:\/\/jornaltimoneiro.com.br\/index.php\/2018\/10\/11\/secretaria-de-saude-fala-sobre-crise-no-hps\/\",\"url\":\"https:\/\/jornaltimoneiro.com.br\/index.php\/2018\/10\/11\/secretaria-de-saude-fala-sobre-crise-no-hps\/\",\"name\":\"Secret\u00e1ria de Sa\u00fade fala sobre crise no HPS - O Timoneiro Jornal Canoas RS\",\"isPartOf\":{\"@id\":\"https:\/\/jornaltimoneiro.com.br\/#website\"},\"datePublished\":\"2018-10-11T17:15:10+00:00\",\"dateModified\":\"2018-10-11T17:15:10+00:00\",\"breadcrumb\":{\"@id\":\"https:\/\/jornaltimoneiro.com.br\/index.php\/2018\/10\/11\/secretaria-de-saude-fala-sobre-crise-no-hps\/#breadcrumb\"},\"inLanguage\":\"pt-BR\",\"potentialAction\":[{\"@type\":\"ReadAction\",\"target\":[\"https:\/\/jornaltimoneiro.com.br\/index.php\/2018\/10\/11\/secretaria-de-saude-fala-sobre-crise-no-hps\/\"]}]},{\"@type\":\"BreadcrumbList\",\"@id\":\"https:\/\/jornaltimoneiro.com.br\/index.php\/2018\/10\/11\/secretaria-de-saude-fala-sobre-crise-no-hps\/#breadcrumb\",\"itemListElement\":[{\"@type\":\"ListItem\",\"position\":1,\"name\":\"In\u00edcio\",\"item\":\"https:\/\/jornaltimoneiro.com.br\/\"},{\"@type\":\"ListItem\",\"position\":2,\"name\":\"Secret\u00e1ria de Sa\u00fade fala sobre crise no HPS\"}]},{\"@type\":\"WebSite\",\"@id\":\"https:\/\/jornaltimoneiro.com.br\/#website\",\"url\":\"https:\/\/jornaltimoneiro.com.br\/\",\"name\":\"Jornal Timoneiro Canoas RS\",\"description\":\"Jornal O Timoneiro, o verdadeiro jornal de Canoas\",\"publisher\":{\"@id\":\"https:\/\/jornaltimoneiro.com.br\/#organization\"},\"potentialAction\":[{\"@type\":\"SearchAction\",\"target\":{\"@type\":\"EntryPoint\",\"urlTemplate\":\"https:\/\/jornaltimoneiro.com.br\/?s={search_term_string}\"},\"query-input\":\"required name=search_term_string\"}],\"inLanguage\":\"pt-BR\"},{\"@type\":\"Organization\",\"@id\":\"https:\/\/jornaltimoneiro.com.br\/#organization\",\"name\":\"Jornal Timoneiro Canoas RS\",\"url\":\"https:\/\/jornaltimoneiro.com.br\/\",\"logo\":{\"@type\":\"ImageObject\",\"inLanguage\":\"pt-BR\",\"@id\":\"https:\/\/jornaltimoneiro.com.br\/#\/schema\/logo\/image\/\",\"url\":\"https:\/\/jornaltimoneiro.com.br\/wp-content\/uploads\/2023\/03\/logonovo.png\",\"contentUrl\":\"https:\/\/jornaltimoneiro.com.br\/wp-content\/uploads\/2023\/03\/logonovo.png\",\"width\":\"469\",\"height\":\"171\",\"caption\":\"Jornal Timoneiro Canoas RS\"},\"image\":{\"@id\":\"https:\/\/jornaltimoneiro.com.br\/#\/schema\/logo\/image\/\"},\"sameAs\":[\"https:\/\/www.facebook.com\/jornaltimoneiro\",\"https:\/\/twitter.com\/_OTimoneiro\",\"https:\/\/www.instagram.com\/jornaltimoneirocanoas\/\",\"https:\/\/www.youtube.com\/@jornalotimoneiro7927\"]},{\"@type\":\"Person\",\"@id\":\"https:\/\/jornaltimoneiro.com.br\/#\/schema\/person\/620efd1d8244466117482be494360b08\",\"name\":\"Reda\u00e7\u00e3o\",\"image\":{\"@type\":\"ImageObject\",\"inLanguage\":\"pt-BR\",\"@id\":\"https:\/\/jornaltimoneiro.com.br\/#\/schema\/person\/image\/\",\"url\":\"https:\/\/secure.gravatar.com\/avatar\/2f04e1b304682a8d9db336c7acd77f08?s=96&d=mm&r=g\",\"contentUrl\":\"https:\/\/secure.gravatar.com\/avatar\/2f04e1b304682a8d9db336c7acd77f08?s=96&d=mm&r=g\",\"caption\":\"Reda\u00e7\u00e3o\"},\"url\":\"https:\/\/jornaltimoneiro.com.br\/index.php\/author\/timoneirocanoas\/\"}]}<\/script>\n<!-- \/ Yoast SEO plugin. -->","yoast_head_json":{"title":"Secret\u00e1ria de Sa\u00fade fala sobre crise no HPS - O Timoneiro Jornal Canoas RS","robots":{"index":"index","follow":"follow","max-snippet":"max-snippet:-1","max-image-preview":"max-image-preview:large","max-video-preview":"max-video-preview:-1"},"canonical":"https:\/\/jornaltimoneiro.com.br\/index.php\/2018\/10\/11\/secretaria-de-saude-fala-sobre-crise-no-hps\/","og_locale":"pt_BR","og_type":"article","og_title":"Secret\u00e1ria de Sa\u00fade fala sobre crise no HPS - O Timoneiro Jornal Canoas RS","og_description":"O jornal Timoneiro tem noticiado, no decorrer dos \u00faltimos anos, a instabilidade na gest\u00e3o do Hospital de Pronto Socorro de Canoas (HPSC). Gerido pelo Grupo de Apoio \u00e0 Medicina Preventiva e \u00e0 Sa\u00fade P\u00fablica (Gamp), ap\u00f3s contrato firmado pelo governo de Jairo Jorge, em 2016, o hospital atende com frequente superlota\u00e7\u00e3o e com crises de [&hellip;]","og_url":"https:\/\/jornaltimoneiro.com.br\/index.php\/2018\/10\/11\/secretaria-de-saude-fala-sobre-crise-no-hps\/","og_site_name":"O Timoneiro Jornal Canoas RS","article_publisher":"https:\/\/www.facebook.com\/jornaltimoneiro","article_published_time":"2018-10-11T17:15:10+00:00","author":"Reda\u00e7\u00e3o","twitter_card":"summary_large_image","twitter_creator":"@_OTimoneiro","twitter_site":"@_OTimoneiro","twitter_misc":{"Escrito por":"Reda\u00e7\u00e3o","Est. tempo de leitura":"3 minutos"},"schema":{"@context":"https:\/\/schema.org","@graph":[{"@type":"Article","@id":"https:\/\/jornaltimoneiro.com.br\/index.php\/2018\/10\/11\/secretaria-de-saude-fala-sobre-crise-no-hps\/#article","isPartOf":{"@id":"https:\/\/jornaltimoneiro.com.br\/index.php\/2018\/10\/11\/secretaria-de-saude-fala-sobre-crise-no-hps\/"},"author":{"name":"Reda\u00e7\u00e3o","@id":"https:\/\/jornaltimoneiro.com.br\/#\/schema\/person\/620efd1d8244466117482be494360b08"},"headline":"Secret\u00e1ria de Sa\u00fade fala sobre crise no HPS","datePublished":"2018-10-11T17:15:10+00:00","dateModified":"2018-10-11T17:15:10+00:00","mainEntityOfPage":{"@id":"https:\/\/jornaltimoneiro.com.br\/index.php\/2018\/10\/11\/secretaria-de-saude-fala-sobre-crise-no-hps\/"},"wordCount":551,"publisher":{"@id":"https:\/\/jornaltimoneiro.com.br\/#organization"},"articleSection":["Destaques"],"inLanguage":"pt-BR"},{"@type":"WebPage","@id":"https:\/\/jornaltimoneiro.com.br\/index.php\/2018\/10\/11\/secretaria-de-saude-fala-sobre-crise-no-hps\/","url":"https:\/\/jornaltimoneiro.com.br\/index.php\/2018\/10\/11\/secretaria-de-saude-fala-sobre-crise-no-hps\/","name":"Secret\u00e1ria de Sa\u00fade fala sobre crise no HPS - O Timoneiro Jornal Canoas RS","isPartOf":{"@id":"https:\/\/jornaltimoneiro.com.br\/#website"},"datePublished":"2018-10-11T17:15:10+00:00","dateModified":"2018-10-11T17:15:10+00:00","breadcrumb":{"@id":"https:\/\/jornaltimoneiro.com.br\/index.php\/2018\/10\/11\/secretaria-de-saude-fala-sobre-crise-no-hps\/#breadcrumb"},"inLanguage":"pt-BR","potentialAction":[{"@type":"ReadAction","target":["https:\/\/jornaltimoneiro.com.br\/index.php\/2018\/10\/11\/secretaria-de-saude-fala-sobre-crise-no-hps\/"]}]},{"@type":"BreadcrumbList","@id":"https:\/\/jornaltimoneiro.com.br\/index.php\/2018\/10\/11\/secretaria-de-saude-fala-sobre-crise-no-hps\/#breadcrumb","itemListElement":[{"@type":"ListItem","position":1,"name":"In\u00edcio","item":"https:\/\/jornaltimoneiro.com.br\/"},{"@type":"ListItem","position":2,"name":"Secret\u00e1ria de Sa\u00fade fala sobre crise no HPS"}]},{"@type":"WebSite","@id":"https:\/\/jornaltimoneiro.com.br\/#website","url":"https:\/\/jornaltimoneiro.com.br\/","name":"Jornal Timoneiro Canoas RS","description":"Jornal O Timoneiro, o verdadeiro jornal de Canoas","publisher":{"@id":"https:\/\/jornaltimoneiro.com.br\/#organization"},"potentialAction":[{"@type":"SearchAction","target":{"@type":"EntryPoint","urlTemplate":"https:\/\/jornaltimoneiro.com.br\/?s={search_term_string}"},"query-input":"required name=search_term_string"}],"inLanguage":"pt-BR"},{"@type":"Organization","@id":"https:\/\/jornaltimoneiro.com.br\/#organization","name":"Jornal Timoneiro Canoas RS","url":"https:\/\/jornaltimoneiro.com.br\/","logo":{"@type":"ImageObject","inLanguage":"pt-BR","@id":"https:\/\/jornaltimoneiro.com.br\/#\/schema\/logo\/image\/","url":"https:\/\/jornaltimoneiro.com.br\/wp-content\/uploads\/2023\/03\/logonovo.png","contentUrl":"https:\/\/jornaltimoneiro.com.br\/wp-content\/uploads\/2023\/03\/logonovo.png","width":"469","height":"171","caption":"Jornal Timoneiro Canoas RS"},"image":{"@id":"https:\/\/jornaltimoneiro.com.br\/#\/schema\/logo\/image\/"},"sameAs":["https:\/\/www.facebook.com\/jornaltimoneiro","https:\/\/twitter.com\/_OTimoneiro","https:\/\/www.instagram.com\/jornaltimoneirocanoas\/","https:\/\/www.youtube.com\/@jornalotimoneiro7927"]},{"@type":"Person","@id":"https:\/\/jornaltimoneiro.com.br\/#\/schema\/person\/620efd1d8244466117482be494360b08","name":"Reda\u00e7\u00e3o","image":{"@type":"ImageObject","inLanguage":"pt-BR","@id":"https:\/\/jornaltimoneiro.com.br\/#\/schema\/person\/image\/","url":"https:\/\/secure.gravatar.com\/avatar\/2f04e1b304682a8d9db336c7acd77f08?s=96&d=mm&r=g","contentUrl":"https:\/\/secure.gravatar.com\/avatar\/2f04e1b304682a8d9db336c7acd77f08?s=96&d=mm&r=g","caption":"Reda\u00e7\u00e3o"},"url":"https:\/\/jornaltimoneiro.com.br\/index.php\/author\/timoneirocanoas\/"}]}},"_links":{"self":[{"href":"https:\/\/jornaltimoneiro.com.br\/index.php\/wp-json\/wp\/v2\/posts\/11281"}],"collection":[{"href":"https:\/\/jornaltimoneiro.com.br\/index.php\/wp-json\/wp\/v2\/posts"}],"about":[{"href":"https:\/\/jornaltimoneiro.com.br\/index.php\/wp-json\/wp\/v2\/types\/post"}],"author":[{"embeddable":true,"href":"https:\/\/jornaltimoneiro.com.br\/index.php\/wp-json\/wp\/v2\/users\/1"}],"replies":[{"embeddable":true,"href":"https:\/\/jornaltimoneiro.com.br\/index.php\/wp-json\/wp\/v2\/comments?post=11281"}],"version-history":[{"count":0,"href":"https:\/\/jornaltimoneiro.com.br\/index.php\/wp-json\/wp\/v2\/posts\/11281\/revisions"}],"wp:featuredmedia":[{"embeddable":true,"href":"https:\/\/jornaltimoneiro.com.br\/index.php\/wp-json\/"}],"wp:attachment":[{"href":"https:\/\/jornaltimoneiro.com.br\/index.php\/wp-json\/wp\/v2\/media?parent=11281"}],"wp:term":[{"taxonomy":"category","embeddable":true,"href":"https:\/\/jornaltimoneiro.com.br\/index.php\/wp-json\/wp\/v2\/categories?post=11281"},{"taxonomy":"post_tag","embeddable":true,"href":"https:\/\/jornaltimoneiro.com.br\/index.php\/wp-json\/wp\/v2\/tags?post=11281"}],"curies":[{"name":"wp","href":"https:\/\/api.w.org\/{rel}","templated":true}]}}