{"id":11155,"date":"2018-10-05T15:46:07","date_gmt":"2018-10-05T18:46:07","guid":{"rendered":"http:\/\/otimoneiro.com.br\/?p=11155"},"modified":"2018-10-05T15:46:07","modified_gmt":"2018-10-05T18:46:07","slug":"rogerio-ceratti-quero-ser-um-politico-que-ouve-as-pessoas","status":"publish","type":"post","link":"https:\/\/jornaltimoneiro.com.br\/index.php\/2018\/10\/05\/rogerio-ceratti-quero-ser-um-politico-que-ouve-as-pessoas\/","title":{"rendered":"Rogerio Ceratti: \u201cQuero ser um pol\u00edtico que ouve as pessoas\u201d"},"content":{"rendered":"<p>&nbsp;<\/p>\n<p>O candidato a deputado estadual pela Rede, Rogerio Ceratti, visitou a reda\u00e7\u00e3o do jornal Timoneiro, na \u00faltima quarta-feira, 3, para falar acerca de suas propostas para a Assembleia.<\/p>\n<p>Segundo o advogado, \u00e9 muito dif\u00edcil participar do processo eleitoral. \u201cMinha participa\u00e7\u00e3o na pol\u00edtica come\u00e7ou na organiza\u00e7\u00e3o do partido. Foi depois que coloquei meu nome \u00e0 disposi\u00e7\u00e3o e fui escolhido para concorrer\u201d, destaca Rogerio, que concorre pela primeira vez a um cargo pol\u00edtico. Ele afirma que, caso eleito, ter\u00e1 como foco o di\u00e1logo com a sociedade: \u201cQuero ouvir as pessoas, encontrar as solu\u00e7\u00f5es discutindo com todos. Trago isso do movimento de escoteiros, do qual fa\u00e7o parte\u201d.<\/p>\n<h6>Educa\u00e7\u00e3o<\/h6>\n<p>Outro objetivo de Ceratti \u00e9 a melhoria da Educa\u00e7\u00e3o. \u201cTemos que mudar a concep\u00e7\u00e3o de educa\u00e7\u00e3o curricular que temos\u201d, diz o candidato. Ele cita m\u00e9todos usados no escotismo, com maior foco no fazer. Ele tamb\u00e9m defende mais investimento na \u00e1rea, assim como a valoriza\u00e7\u00e3o do professor e o resgate de valores c\u00edvicos e morais. \u201cA educa\u00e7\u00e3o tem que ser vista por nossos governantes com vis\u00e3o de longo prazo. A situa\u00e7\u00e3o \u00e9 mais ampla do que a sala de aula\u201d, completa.<\/p>\n<h6>Estado<\/h6>\n<p>\u201cDo jeito que est\u00e1, o Estado est\u00e1 fadado ao fracasso\u201d, diz Rogerio. Ele defende maior aproxima\u00e7\u00e3o com a iniciativa privada, com o objetivo de criar m\u00e9todos de trabalho conjuntos:<\/p>\n<p>\u201cTem que dar est\u00edmulo, isen\u00e7\u00e3o, para termos mais op\u00e7\u00f5es de oferta de servi\u00e7os \u00e0 popula\u00e7\u00e3o\u201d.<\/p>\n<p>Caso eleito, Rogerio promete organizar um f\u00f3rum para captar ideias e sugest\u00f5es para seu mandato: \u201cAs pessoas podem sugerir e apresentar demandas. Podemos construir isso em conjunto com a comunidade\u201d. Ceratti afirma que h\u00e1 um distanciamento entre a popula\u00e7\u00e3o e os pol\u00edticos. \u201cAs pessoas nem se lembram que Canoas tem deputados eleitos. Isso ocorre por que eles nunca s\u00e3o vistos por aqui. Minha proposta \u00e9 colaborativa e participativa. Quero manter o di\u00e1logo com a comunidade. As pessoas precisam acreditar que \u00e9 poss\u00edvel fazer pol\u00edtica correta e transparente\u201d.<\/p>\n<p>&nbsp;<\/p>\n","protected":false},"excerpt":{"rendered":"<p>&nbsp; O candidato a deputado estadual pela Rede, Rogerio Ceratti, visitou a reda\u00e7\u00e3o do jornal Timoneiro, na \u00faltima quarta-feira, 3, para falar acerca de suas propostas para a Assembleia. Segundo o advogado, \u00e9 muito dif\u00edcil participar do processo eleitoral. \u201cMinha participa\u00e7\u00e3o na pol\u00edtica come\u00e7ou na organiza\u00e7\u00e3o do partido. Foi depois que coloquei meu nome \u00e0 [&hellip;]<\/p>\n","protected":false},"author":1,"featured_media":11156,"comment_status":"closed","ping_status":"open","sticky":false,"template":"","format":"standard","meta":{"amp_status":"","footnotes":""},"categories":[19,22],"tags":[],"class_list":["post-11155","post","type-post","status-publish","format-standard","has-post-thumbnail","hentry","category-destaques","category-noticias"],"yoast_head":"<!-- This site is optimized with the Yoast SEO plugin v20.5 - https:\/\/yoast.com\/wordpress\/plugins\/seo\/ -->\n<title>Rogerio Ceratti: \u201cQuero ser um pol\u00edtico que ouve as pessoas\u201d - O Timoneiro Jornal Canoas RS<\/title>\n<meta name=\"robots\" content=\"index, follow, max-snippet:-1, max-image-preview:large, max-video-preview:-1\" \/>\n<link rel=\"canonical\" href=\"https:\/\/jornaltimoneiro.com.br\/index.php\/2018\/10\/05\/rogerio-ceratti-quero-ser-um-politico-que-ouve-as-pessoas\/\" \/>\n<meta property=\"og:locale\" content=\"pt_BR\" \/>\n<meta property=\"og:type\" content=\"article\" \/>\n<meta property=\"og:title\" content=\"Rogerio Ceratti: \u201cQuero ser um pol\u00edtico que ouve as pessoas\u201d - O Timoneiro Jornal Canoas RS\" \/>\n<meta property=\"og:description\" content=\"&nbsp; O candidato a deputado estadual pela Rede, Rogerio Ceratti, visitou a reda\u00e7\u00e3o do jornal Timoneiro, na \u00faltima quarta-feira, 3, para falar acerca de suas propostas para a Assembleia. Segundo o advogado, \u00e9 muito dif\u00edcil participar do processo eleitoral. \u201cMinha participa\u00e7\u00e3o na pol\u00edtica come\u00e7ou na organiza\u00e7\u00e3o do partido. Foi depois que coloquei meu nome \u00e0 [&hellip;]\" \/>\n<meta property=\"og:url\" content=\"https:\/\/jornaltimoneiro.com.br\/index.php\/2018\/10\/05\/rogerio-ceratti-quero-ser-um-politico-que-ouve-as-pessoas\/\" \/>\n<meta property=\"og:site_name\" content=\"O Timoneiro Jornal Canoas RS\" \/>\n<meta property=\"article:publisher\" content=\"https:\/\/www.facebook.com\/jornaltimoneiro\" \/>\n<meta property=\"article:published_time\" content=\"2018-10-05T18:46:07+00:00\" \/>\n<meta name=\"author\" content=\"Reda\u00e7\u00e3o\" \/>\n<meta name=\"twitter:card\" content=\"summary_large_image\" \/>\n<meta name=\"twitter:creator\" content=\"@_OTimoneiro\" \/>\n<meta name=\"twitter:site\" content=\"@_OTimoneiro\" \/>\n<meta name=\"twitter:label1\" content=\"Escrito por\" \/>\n\t<meta name=\"twitter:data1\" content=\"Reda\u00e7\u00e3o\" \/>\n\t<meta name=\"twitter:label2\" content=\"Est. tempo de leitura\" \/>\n\t<meta name=\"twitter:data2\" content=\"2 minutos\" \/>\n<script type=\"application\/ld+json\" class=\"yoast-schema-graph\">{\"@context\":\"https:\/\/schema.org\",\"@graph\":[{\"@type\":\"Article\",\"@id\":\"https:\/\/jornaltimoneiro.com.br\/index.php\/2018\/10\/05\/rogerio-ceratti-quero-ser-um-politico-que-ouve-as-pessoas\/#article\",\"isPartOf\":{\"@id\":\"https:\/\/jornaltimoneiro.com.br\/index.php\/2018\/10\/05\/rogerio-ceratti-quero-ser-um-politico-que-ouve-as-pessoas\/\"},\"author\":{\"name\":\"Reda\u00e7\u00e3o\",\"@id\":\"https:\/\/jornaltimoneiro.com.br\/#\/schema\/person\/620efd1d8244466117482be494360b08\"},\"headline\":\"Rogerio Ceratti: \u201cQuero ser um pol\u00edtico que ouve as pessoas\u201d\",\"datePublished\":\"2018-10-05T18:46:07+00:00\",\"dateModified\":\"2018-10-05T18:46:07+00:00\",\"mainEntityOfPage\":{\"@id\":\"https:\/\/jornaltimoneiro.com.br\/index.php\/2018\/10\/05\/rogerio-ceratti-quero-ser-um-politico-que-ouve-as-pessoas\/\"},\"wordCount\":359,\"publisher\":{\"@id\":\"https:\/\/jornaltimoneiro.com.br\/#organization\"},\"articleSection\":[\"Destaques\",\"Not\u00edcias\"],\"inLanguage\":\"pt-BR\"},{\"@type\":\"WebPage\",\"@id\":\"https:\/\/jornaltimoneiro.com.br\/index.php\/2018\/10\/05\/rogerio-ceratti-quero-ser-um-politico-que-ouve-as-pessoas\/\",\"url\":\"https:\/\/jornaltimoneiro.com.br\/index.php\/2018\/10\/05\/rogerio-ceratti-quero-ser-um-politico-que-ouve-as-pessoas\/\",\"name\":\"Rogerio Ceratti: \u201cQuero ser um pol\u00edtico que ouve as pessoas\u201d - O Timoneiro Jornal Canoas RS\",\"isPartOf\":{\"@id\":\"https:\/\/jornaltimoneiro.com.br\/#website\"},\"datePublished\":\"2018-10-05T18:46:07+00:00\",\"dateModified\":\"2018-10-05T18:46:07+00:00\",\"breadcrumb\":{\"@id\":\"https:\/\/jornaltimoneiro.com.br\/index.php\/2018\/10\/05\/rogerio-ceratti-quero-ser-um-politico-que-ouve-as-pessoas\/#breadcrumb\"},\"inLanguage\":\"pt-BR\",\"potentialAction\":[{\"@type\":\"ReadAction\",\"target\":[\"https:\/\/jornaltimoneiro.com.br\/index.php\/2018\/10\/05\/rogerio-ceratti-quero-ser-um-politico-que-ouve-as-pessoas\/\"]}]},{\"@type\":\"BreadcrumbList\",\"@id\":\"https:\/\/jornaltimoneiro.com.br\/index.php\/2018\/10\/05\/rogerio-ceratti-quero-ser-um-politico-que-ouve-as-pessoas\/#breadcrumb\",\"itemListElement\":[{\"@type\":\"ListItem\",\"position\":1,\"name\":\"In\u00edcio\",\"item\":\"https:\/\/jornaltimoneiro.com.br\/\"},{\"@type\":\"ListItem\",\"position\":2,\"name\":\"Rogerio Ceratti: \u201cQuero ser um pol\u00edtico que ouve as pessoas\u201d\"}]},{\"@type\":\"WebSite\",\"@id\":\"https:\/\/jornaltimoneiro.com.br\/#website\",\"url\":\"https:\/\/jornaltimoneiro.com.br\/\",\"name\":\"Jornal Timoneiro Canoas RS\",\"description\":\"Jornal O Timoneiro, o verdadeiro jornal de Canoas\",\"publisher\":{\"@id\":\"https:\/\/jornaltimoneiro.com.br\/#organization\"},\"potentialAction\":[{\"@type\":\"SearchAction\",\"target\":{\"@type\":\"EntryPoint\",\"urlTemplate\":\"https:\/\/jornaltimoneiro.com.br\/?s={search_term_string}\"},\"query-input\":\"required name=search_term_string\"}],\"inLanguage\":\"pt-BR\"},{\"@type\":\"Organization\",\"@id\":\"https:\/\/jornaltimoneiro.com.br\/#organization\",\"name\":\"Jornal Timoneiro Canoas RS\",\"url\":\"https:\/\/jornaltimoneiro.com.br\/\",\"logo\":{\"@type\":\"ImageObject\",\"inLanguage\":\"pt-BR\",\"@id\":\"https:\/\/jornaltimoneiro.com.br\/#\/schema\/logo\/image\/\",\"url\":\"https:\/\/jornaltimoneiro.com.br\/wp-content\/uploads\/2023\/03\/logonovo.png\",\"contentUrl\":\"https:\/\/jornaltimoneiro.com.br\/wp-content\/uploads\/2023\/03\/logonovo.png\",\"width\":\"469\",\"height\":\"171\",\"caption\":\"Jornal Timoneiro Canoas RS\"},\"image\":{\"@id\":\"https:\/\/jornaltimoneiro.com.br\/#\/schema\/logo\/image\/\"},\"sameAs\":[\"https:\/\/www.facebook.com\/jornaltimoneiro\",\"https:\/\/twitter.com\/_OTimoneiro\",\"https:\/\/www.instagram.com\/jornaltimoneirocanoas\/\",\"https:\/\/www.youtube.com\/@jornalotimoneiro7927\"]},{\"@type\":\"Person\",\"@id\":\"https:\/\/jornaltimoneiro.com.br\/#\/schema\/person\/620efd1d8244466117482be494360b08\",\"name\":\"Reda\u00e7\u00e3o\",\"image\":{\"@type\":\"ImageObject\",\"inLanguage\":\"pt-BR\",\"@id\":\"https:\/\/jornaltimoneiro.com.br\/#\/schema\/person\/image\/\",\"url\":\"https:\/\/secure.gravatar.com\/avatar\/2f04e1b304682a8d9db336c7acd77f08?s=96&d=mm&r=g\",\"contentUrl\":\"https:\/\/secure.gravatar.com\/avatar\/2f04e1b304682a8d9db336c7acd77f08?s=96&d=mm&r=g\",\"caption\":\"Reda\u00e7\u00e3o\"},\"url\":\"https:\/\/jornaltimoneiro.com.br\/index.php\/author\/timoneirocanoas\/\"}]}<\/script>\n<!-- \/ Yoast SEO plugin. -->","yoast_head_json":{"title":"Rogerio Ceratti: \u201cQuero ser um pol\u00edtico que ouve as pessoas\u201d - O Timoneiro Jornal Canoas RS","robots":{"index":"index","follow":"follow","max-snippet":"max-snippet:-1","max-image-preview":"max-image-preview:large","max-video-preview":"max-video-preview:-1"},"canonical":"https:\/\/jornaltimoneiro.com.br\/index.php\/2018\/10\/05\/rogerio-ceratti-quero-ser-um-politico-que-ouve-as-pessoas\/","og_locale":"pt_BR","og_type":"article","og_title":"Rogerio Ceratti: \u201cQuero ser um pol\u00edtico que ouve as pessoas\u201d - O Timoneiro Jornal Canoas RS","og_description":"&nbsp; O candidato a deputado estadual pela Rede, Rogerio Ceratti, visitou a reda\u00e7\u00e3o do jornal Timoneiro, na \u00faltima quarta-feira, 3, para falar acerca de suas propostas para a Assembleia. Segundo o advogado, \u00e9 muito dif\u00edcil participar do processo eleitoral. \u201cMinha participa\u00e7\u00e3o na pol\u00edtica come\u00e7ou na organiza\u00e7\u00e3o do partido. Foi depois que coloquei meu nome \u00e0 [&hellip;]","og_url":"https:\/\/jornaltimoneiro.com.br\/index.php\/2018\/10\/05\/rogerio-ceratti-quero-ser-um-politico-que-ouve-as-pessoas\/","og_site_name":"O Timoneiro Jornal Canoas RS","article_publisher":"https:\/\/www.facebook.com\/jornaltimoneiro","article_published_time":"2018-10-05T18:46:07+00:00","author":"Reda\u00e7\u00e3o","twitter_card":"summary_large_image","twitter_creator":"@_OTimoneiro","twitter_site":"@_OTimoneiro","twitter_misc":{"Escrito por":"Reda\u00e7\u00e3o","Est. tempo de leitura":"2 minutos"},"schema":{"@context":"https:\/\/schema.org","@graph":[{"@type":"Article","@id":"https:\/\/jornaltimoneiro.com.br\/index.php\/2018\/10\/05\/rogerio-ceratti-quero-ser-um-politico-que-ouve-as-pessoas\/#article","isPartOf":{"@id":"https:\/\/jornaltimoneiro.com.br\/index.php\/2018\/10\/05\/rogerio-ceratti-quero-ser-um-politico-que-ouve-as-pessoas\/"},"author":{"name":"Reda\u00e7\u00e3o","@id":"https:\/\/jornaltimoneiro.com.br\/#\/schema\/person\/620efd1d8244466117482be494360b08"},"headline":"Rogerio Ceratti: \u201cQuero ser um pol\u00edtico que ouve as pessoas\u201d","datePublished":"2018-10-05T18:46:07+00:00","dateModified":"2018-10-05T18:46:07+00:00","mainEntityOfPage":{"@id":"https:\/\/jornaltimoneiro.com.br\/index.php\/2018\/10\/05\/rogerio-ceratti-quero-ser-um-politico-que-ouve-as-pessoas\/"},"wordCount":359,"publisher":{"@id":"https:\/\/jornaltimoneiro.com.br\/#organization"},"articleSection":["Destaques","Not\u00edcias"],"inLanguage":"pt-BR"},{"@type":"WebPage","@id":"https:\/\/jornaltimoneiro.com.br\/index.php\/2018\/10\/05\/rogerio-ceratti-quero-ser-um-politico-que-ouve-as-pessoas\/","url":"https:\/\/jornaltimoneiro.com.br\/index.php\/2018\/10\/05\/rogerio-ceratti-quero-ser-um-politico-que-ouve-as-pessoas\/","name":"Rogerio Ceratti: \u201cQuero ser um pol\u00edtico que ouve as pessoas\u201d - O Timoneiro Jornal Canoas RS","isPartOf":{"@id":"https:\/\/jornaltimoneiro.com.br\/#website"},"datePublished":"2018-10-05T18:46:07+00:00","dateModified":"2018-10-05T18:46:07+00:00","breadcrumb":{"@id":"https:\/\/jornaltimoneiro.com.br\/index.php\/2018\/10\/05\/rogerio-ceratti-quero-ser-um-politico-que-ouve-as-pessoas\/#breadcrumb"},"inLanguage":"pt-BR","potentialAction":[{"@type":"ReadAction","target":["https:\/\/jornaltimoneiro.com.br\/index.php\/2018\/10\/05\/rogerio-ceratti-quero-ser-um-politico-que-ouve-as-pessoas\/"]}]},{"@type":"BreadcrumbList","@id":"https:\/\/jornaltimoneiro.com.br\/index.php\/2018\/10\/05\/rogerio-ceratti-quero-ser-um-politico-que-ouve-as-pessoas\/#breadcrumb","itemListElement":[{"@type":"ListItem","position":1,"name":"In\u00edcio","item":"https:\/\/jornaltimoneiro.com.br\/"},{"@type":"ListItem","position":2,"name":"Rogerio Ceratti: \u201cQuero ser um pol\u00edtico que ouve as pessoas\u201d"}]},{"@type":"WebSite","@id":"https:\/\/jornaltimoneiro.com.br\/#website","url":"https:\/\/jornaltimoneiro.com.br\/","name":"Jornal Timoneiro Canoas RS","description":"Jornal O Timoneiro, o verdadeiro jornal de Canoas","publisher":{"@id":"https:\/\/jornaltimoneiro.com.br\/#organization"},"potentialAction":[{"@type":"SearchAction","target":{"@type":"EntryPoint","urlTemplate":"https:\/\/jornaltimoneiro.com.br\/?s={search_term_string}"},"query-input":"required name=search_term_string"}],"inLanguage":"pt-BR"},{"@type":"Organization","@id":"https:\/\/jornaltimoneiro.com.br\/#organization","name":"Jornal Timoneiro Canoas RS","url":"https:\/\/jornaltimoneiro.com.br\/","logo":{"@type":"ImageObject","inLanguage":"pt-BR","@id":"https:\/\/jornaltimoneiro.com.br\/#\/schema\/logo\/image\/","url":"https:\/\/jornaltimoneiro.com.br\/wp-content\/uploads\/2023\/03\/logonovo.png","contentUrl":"https:\/\/jornaltimoneiro.com.br\/wp-content\/uploads\/2023\/03\/logonovo.png","width":"469","height":"171","caption":"Jornal Timoneiro Canoas RS"},"image":{"@id":"https:\/\/jornaltimoneiro.com.br\/#\/schema\/logo\/image\/"},"sameAs":["https:\/\/www.facebook.com\/jornaltimoneiro","https:\/\/twitter.com\/_OTimoneiro","https:\/\/www.instagram.com\/jornaltimoneirocanoas\/","https:\/\/www.youtube.com\/@jornalotimoneiro7927"]},{"@type":"Person","@id":"https:\/\/jornaltimoneiro.com.br\/#\/schema\/person\/620efd1d8244466117482be494360b08","name":"Reda\u00e7\u00e3o","image":{"@type":"ImageObject","inLanguage":"pt-BR","@id":"https:\/\/jornaltimoneiro.com.br\/#\/schema\/person\/image\/","url":"https:\/\/secure.gravatar.com\/avatar\/2f04e1b304682a8d9db336c7acd77f08?s=96&d=mm&r=g","contentUrl":"https:\/\/secure.gravatar.com\/avatar\/2f04e1b304682a8d9db336c7acd77f08?s=96&d=mm&r=g","caption":"Reda\u00e7\u00e3o"},"url":"https:\/\/jornaltimoneiro.com.br\/index.php\/author\/timoneirocanoas\/"}]}},"_links":{"self":[{"href":"https:\/\/jornaltimoneiro.com.br\/index.php\/wp-json\/wp\/v2\/posts\/11155"}],"collection":[{"href":"https:\/\/jornaltimoneiro.com.br\/index.php\/wp-json\/wp\/v2\/posts"}],"about":[{"href":"https:\/\/jornaltimoneiro.com.br\/index.php\/wp-json\/wp\/v2\/types\/post"}],"author":[{"embeddable":true,"href":"https:\/\/jornaltimoneiro.com.br\/index.php\/wp-json\/wp\/v2\/users\/1"}],"replies":[{"embeddable":true,"href":"https:\/\/jornaltimoneiro.com.br\/index.php\/wp-json\/wp\/v2\/comments?post=11155"}],"version-history":[{"count":0,"href":"https:\/\/jornaltimoneiro.com.br\/index.php\/wp-json\/wp\/v2\/posts\/11155\/revisions"}],"wp:featuredmedia":[{"embeddable":true,"href":"https:\/\/jornaltimoneiro.com.br\/index.php\/wp-json\/"}],"wp:attachment":[{"href":"https:\/\/jornaltimoneiro.com.br\/index.php\/wp-json\/wp\/v2\/media?parent=11155"}],"wp:term":[{"taxonomy":"category","embeddable":true,"href":"https:\/\/jornaltimoneiro.com.br\/index.php\/wp-json\/wp\/v2\/categories?post=11155"},{"taxonomy":"post_tag","embeddable":true,"href":"https:\/\/jornaltimoneiro.com.br\/index.php\/wp-json\/wp\/v2\/tags?post=11155"}],"curies":[{"name":"wp","href":"https:\/\/api.w.org\/{rel}","templated":true}]}}