{"id":11143,"date":"2018-10-05T15:20:12","date_gmt":"2018-10-05T18:20:12","guid":{"rendered":"http:\/\/otimoneiro.com.br\/?p=11143"},"modified":"2018-10-05T15:20:12","modified_gmt":"2018-10-05T18:20:12","slug":"enderecos-das-secoes-eleitorais-de-canoas-e-nova-santa-rita","status":"publish","type":"post","link":"https:\/\/jornaltimoneiro.com.br\/index.php\/2018\/10\/05\/enderecos-das-secoes-eleitorais-de-canoas-e-nova-santa-rita\/","title":{"rendered":"Endere\u00e7os das se\u00e7\u00f5es eleitorais de Canoas e Nova Santa Rita"},"content":{"rendered":"<h6><img decoding=\"async\" class=\"aligncenter size-large wp-image-11147\" src=\"http:\/\/otimoneiro.com.br\/wp-content\/uploads\/2018\/10\/urna-1-1024x683.jpg\" alt=\"\" width=\"1024\" height=\"683\" \/><\/h6>\n<h6>CANOAS<\/h6>\n<h6><strong>ZONA 66<\/strong><\/h6>\n<p><strong>Se\u00e7\u00f5es<\/strong>: 24, 74, 131, 190, 230<br \/>\nLocal: Associa\u00e7\u00e3o Cultural e Beneficente Ga\u00facho (Bol\u00e3o Ga\u00facho)<br \/>\nEndere\u00e7o: Ara\u00e7\u00e1 129 \u2013 Harmonia<\/p>\n<p><strong>Se\u00e7\u00f5es<\/strong>: 2, 41, 45, 68, 96, 128, 142, 170, 187, 202, 219, 244, 265, 285, 310, 323, 338<br \/>\nLocal: Centro Universit\u00e1rio La Salle<br \/>\nEndere\u00e7o: Victor Barreto, 2288 &#8211; Centro<\/p>\n<p><strong>Se\u00e7\u00f5es<\/strong>: 23, 71, 120, 148, 166, 189, 204, 214, 241, 246, 277<br \/>\nLocal: Col\u00e9gio da Imaculada<br \/>\nEndere\u00e7o: Ana Nery 1285 &#8211; Rio Branco<\/p>\n<p><strong>Se\u00e7\u00f5es<\/strong>: 34, 61, 140, 193, 225, 309, 333<br \/>\nLocal: Col\u00e9gio Maria Auxiliadora<br \/>\nEndere\u00e7o: Guilherme Schell, 5888 \u2013 Centro<\/p>\n<p><strong>Se\u00e7\u00f5es<\/strong>: 520, 521, 522, 523, 524, 525<br \/>\nLocal: Col\u00e9gio Ulbra S\u00e3o Jo\u00e3o<br \/>\nEndere\u00e7o: Rua Campinas, 660 &#8211; Mathias Velho<\/p>\n<p><strong>Se\u00e7\u00f5es<\/strong>: 21, 46, 62, 81, 95, 109, 133, 158, 183, 209, 234, 260<br \/>\nLocal: E.E.E.F. Professora Clotilde Batista<br \/>\nEndere\u00e7o: Rua Coronel Camis\u00e3o, 415 \u2013 Harmonia<\/p>\n<p><strong>Se\u00e7\u00f5es<\/strong>: 33, 97, 163, 207, 248, 311<br \/>\nLocal: Esc. Est. de Ens. Fund. \u00c1lvaro Moreyra<br \/>\nEndere\u00e7o: Hermes da Fonseca, S\/N &#8211; Rio Branco<\/p>\n<p><strong>Se\u00e7\u00f5es<\/strong>: 28, 59, 84, 115, 306, 332<br \/>\nLocal: Esc. Est. de Ens. Fund. Ant\u00f4nio Francisco Lisboa<br \/>\nEndere\u00e7o: Pistoia 1255 &#8211; Rio Branco<\/p>\n<p><strong>Se\u00e7\u00f5es<\/strong>: 29, 60, 101, 138, 165, 182, 205, 232, 263<br \/>\nLocal: Esc. Est. de Ens. Fund. Bartolomeu de Gusm\u00e3o<br \/>\nEndere\u00e7o: Primavera 515 &#8211; Rio Branco<\/p>\n<p><strong>Se\u00e7\u00f5es<\/strong>: 1, 70, 137, 195, 269, 318<br \/>\nLocal: Esc. Est. de Ens. M\u00e9dio Andr\u00e9 Le\u00e3o Puente<br \/>\nEndere\u00e7o: Victor Kessler, 291 \u2013 Centro<\/p>\n<p><strong>Se\u00e7\u00f5es<\/strong>: 14, 66, 103, 141, 168, 200, 218, 256, 299, 305, 319<br \/>\nLocal: Esc. Est. de Ens. M\u00e9dio Visconde Do Rio Branco (Polivalente)<br \/>\nEndere\u00e7o: Rua Pistoia, 664 &#8211; Rio Branco<\/p>\n<p><strong>Se\u00e7\u00f5es<\/strong>: 436, 437, 438, 439, 440, 441, 442, 443, 444<br \/>\nLocal: Esc. Est. Ens. Fund. Cristov\u00e3o Colombo<br \/>\nEndere\u00e7o: Senador Salgado Filho 250 &#8211; S\u00e3o Lu\u00eds<\/p>\n<p><strong>Se\u00e7\u00f5es<\/strong>: 398, 399, 400, 401, 402, 403, 404, 405, 406, 407, 408, 409<br \/>\nLocal: Esc. Est. Ens. Fund. Dr. Victor Hugo Ludwig<br \/>\nEndere\u00e7o: Av. Rio Grande Do Sul, 2292 &#8211; Mathias Velho<\/p>\n<p><strong>Se\u00e7\u00f5es<\/strong>: 359, 360, 361, 362, 363, 364, 365, 366, 367, 368, 369, 370, 371, 372, 373, 374, 375, 376<br \/>\nLocal: Esc. Est. Ens. M\u00e9dio Bento Gon\u00e7alves<br \/>\nEndere\u00e7o: Av. Rio Grande Do Sul, 1055 &#8211; Mathias Velho<\/p>\n<p><strong>Se\u00e7\u00f5es<\/strong>: 526, 527, 528, 529, 530, 531, 532, 533, 534, 535, 536, 537, 538, 539, 540<br \/>\nLocal: Esc. Est. Ens. M\u00e9dio S\u00e3o Francisco De Assis<br \/>\nEndere\u00e7o: Rua Campinas, 2020 &#8211; Mathias Velho<\/p>\n<p><strong>Se\u00e7\u00f5es<\/strong>: 552, 553, 554, 555, 556, 557, 558, 559, 560, 561, 562, 563<br \/>\nLocal: Esc. Est. Ens. M\u00e9dio Tereza Francescutti<br \/>\nEndere\u00e7o: Av. Rio Grande Do Sul, 3430 &#8211; Mathias Velho<\/p>\n<p><strong>Se\u00e7\u00f5es<\/strong>: 445, 446, 447, 448, 449, 450, 451<br \/>\nLocal: Esc. Luterana Comunit\u00e1ria Ens. Fund. S\u00e3o Mateus<br \/>\nEndere\u00e7o: Rua Florian\u00f3polis , 5201 &#8211; Mathias Velho<\/p>\n<p><strong>Se\u00e7\u00f5es<\/strong>: 3, 51, 85, 110, 147, 192, 237, 275, 327<br \/>\nLocal: Esc. Luterana de 1 Grau Dr. Martinho Lutero<br \/>\nEndere\u00e7o: Rua Coronel Vicente, N 1340 \u2013 Centro<\/p>\n<p><strong>Se\u00e7\u00f5es<\/strong>: 328, 330, 335, 336, 337<br \/>\nLocal: Esc. Mun. de Educa\u00e7\u00e3o Infantil Professora Marilene Da Silva Machado<br \/>\nEndere\u00e7o: Rua 13, N\u00famero 400, Loteamento Central Park &#8211; Mato Grande<\/p>\n<p><strong>Se\u00e7\u00f5es<\/strong>: 32, 184, 297, 308, 331<br \/>\nLocal: Esc. Mun. de Ens. Fund. Arthur Pereira De Vargas<br \/>\nEndere\u00e7o: Rua Dos Cedros, 23 \u2013 Harmonia<\/p>\n<p><strong>Se\u00e7\u00f5es<\/strong>: 27, 157, 279, 313, 329<br \/>\nLocal: Esc. Mun. de Ens. Fund. Coronel Francisco Pinto Bandeira<br \/>\nEndere\u00e7o: Rua Nelson Paim Terra, 1435 &#8211; Rio Branco<\/p>\n<p><strong>Se\u00e7\u00f5es<\/strong>: 9, 44, 69, 88, 108, 124, 152, 173, 196, 210, 220, 239, 261, 276<br \/>\nLocal: Esc. Mun. de Ens. Fund. Dr. Nelson Paim Terra<br \/>\nEndere\u00e7o: Rua Primavera,1676 &#8211; Rio Branco<\/p>\n<p><strong>Se\u00e7\u00f5es<\/strong>: 452, 453, 454, 455, 456, 457, 458, 459<br \/>\nLocal: Esc. Mun. Ens. Fund. Cear\u00e1<br \/>\nEndere\u00e7o: Rua S\u00e3o Paulo, 465 &#8211; Mathias Velho<\/p>\n<p><strong>Se\u00e7\u00f5es<\/strong>: 339, 340, 341, 342<br \/>\nLocal: Esc. Mun. Ens. Fund. David Canabarro<br \/>\nEndere\u00e7o: Rua Florian\u00f3polis, 3893 &#8211; Mathias Velho<\/p>\n<p><strong>Se\u00e7\u00f5es<\/strong>: 410, 411, 412, 413, 414, 415, 416, 417, 418, 419, 420, 421<br \/>\nLocal: Esc. Mun. Ens. Fund. Jo\u00e3o Paulo I<br \/>\nEndere\u00e7o: Rua S\u00e3o Pedro Pescador, 525 \u2013 Harmonia<\/p>\n<p><strong>Se\u00e7\u00f5es<\/strong>: 541, 542, 543, 544, 545, 546<br \/>\nLocal: Esc. Mun. Ens. Fund. Max Adolfo Oderich<br \/>\nEndere\u00e7o: Rua Profa. Dona Sara, 100 &#8211; Harmonia<\/p>\n<p><strong>Se\u00e7\u00f5es<\/strong>: 422, 423, 424, 425, 426<br \/>\nLocal: Esc. Mun. Ens. Fund. Min. Rubem Carlos Ludwig<br \/>\nEndere\u00e7o: Rua Sarandi, 160 &#8211; Mathias Velho<\/p>\n<p><strong>Se\u00e7\u00f5es<\/strong>: 377, 378, 379, 380, 381, 382, 383, 384, 385<br \/>\nLocal: Esc. Mun. Ens. Fund. Prof. Odette Yolanda O Freitas<br \/>\nEndere\u00e7o: Rua Erechim, 200 &#8211; Mathias Velho<\/p>\n<p><strong>Se\u00e7\u00f5es<\/strong>: 386, 387, 388, 389, 390, 391, 392, 393, 394, 395, 396, 397<br \/>\nLocal: Esc. Mun. Ens. Fund. Rio De Janeiro<br \/>\nEndere\u00e7o: Rua Vereador Ant\u00f4nio Ferreira Alves, 900 \u2013 Centro<\/p>\n<p><strong>Se\u00e7\u00f5es<\/strong>: 343, 344, 345, 346, 347, 348, 349, 350, 351, 352, 353, 354, 355, 356, 357, 358<br \/>\nLocal: Esc. Mun. Ens. Fund. Thiago Wurth<br \/>\nEndere\u00e7o: Av. Rio Grande Do Sul, 4240 &#8211; Mathias Velho<\/p>\n<p><strong>Se\u00e7\u00f5es<\/strong>: 427, 428, 429, 430, 431, 432, 433, 434, 435<br \/>\nLocal: Esc. Mun. Surdos Vit\u00f3ria<br \/>\nEndere\u00e7o; Av. Ca\u00e7apava, 400 &#8211; Mathias Velho<\/p>\n<p><strong>Se\u00e7\u00f5es<\/strong>: 20, 65, 134, 203, 284<br \/>\nLocal: Escola de Ens. Fund. Canoas<br \/>\nEndere\u00e7o: Guilherme Morsch, 141 \u2013 Centro<\/p>\n<p><strong>Se\u00e7\u00f5es<\/strong>: 4, 49, 64, 80, 90, 113, 156, 198, 222, 252, 274, 317, 325<br \/>\nLocal: Escola Estadual de Ens. M\u00e9dio Guarani<br \/>\nEndere\u00e7o: Rua Cairu, 2260 \u2013 F\u00e1tima<\/p>\n<p><strong>Se\u00e7\u00f5es<\/strong>: 16, 42, 54, 75, 86, 99, 262, 283, 291, 296, 298, 300, 301, 302, 312, 316, 322, 326<br \/>\nLocal: Escola Estadual de Ensino M\u00e9dio Guilherme de Almeida<br \/>\nEndere\u00e7o: Rua Clovis Bevilaqua, 693 \u2013 Harmonia<\/p>\n<p><strong>Se\u00e7\u00f5es<\/strong>: 39, 250<br \/>\nLocal: Escola Mun. de Ens. Fund. Assis Brasil<br \/>\nEndere\u00e7o: Aterro, Do 520 &#8211; Mato Grande<\/p>\n<p><strong>Se\u00e7\u00f5es<\/strong>: 8, 100, 181, 215, 255<br \/>\nLocal: Escola Mun. de Ens. Fund. General Os\u00f3rio<br \/>\nEndere\u00e7o: Rua Nelson Paim Terra, 925 &#8211; Rio Branco<\/p>\n<p><strong>Se\u00e7\u00f5es<\/strong>: 30, 123, 176, 238, 303, 314<br \/>\nLocal: Escola Mun. de Ens. Fund. Rio Grande Do Sul<br \/>\nEndere\u00e7o: Wenceslau Bras, 35 &#8211; Mato Grande<\/p>\n<p><strong>Se\u00e7\u00f5es<\/strong>: 304, 307, 315, 324, 334<br \/>\nLocal: Escola Municipal de Ensino Fundamental Gon\u00e7alves Dias<br \/>\nEndere\u00e7o: Rua Eng. Kindler, 1450 &#8211; Vila Cerne \u2013 Harmonia<\/p>\n<p><strong>Se\u00e7\u00f5es<\/strong>: 13, 50, 73, 89, 105, 149, 197, 228, 254<br \/>\nLocal: Sal\u00e3o Paroquial Nossa Senhora de F\u00e1tima<br \/>\nEndere\u00e7o: Oliveira Viana, 350 \u2013 F\u00e1tima<\/p>\n<p><strong>Se\u00e7\u00f5es<\/strong>: 10, 67, 126, 185, 235<br \/>\nLocal: Sal\u00e3o Paroquial S\u00e3o Lu\u00eds Gonzaga<br \/>\nEndere\u00e7o: C\u00f4nego Jos\u00e9 Le\u00e3o Hartmann, 82 \u2013 Centro<\/p>\n<p><strong>Se\u00e7\u00f5es<\/strong>: 547, 548, 549, 550, 551<br \/>\nLocal: Sal\u00e3o Paroquial S\u00e3o Pio X<br \/>\nEndere\u00e7o: Av. Rio Grande Do Sul, 414 &#8211; Mathias Velho<\/p>\n<h6>ZONA 134<\/h6>\n<p><strong>Se\u00e7\u00f5es<\/strong>: 17, 111, 183, 249<br \/>\nLocal: AMJI &#8211; Associa\u00e7\u00e3o Dos Moradores Do Jardim Ideal<br \/>\nEndere\u00e7o: Rua Nazar\u00e9, 617 &#8211; Nossa Senhora Das Gra\u00e7as<\/p>\n<p><strong>Se\u00e7\u00f5es<\/strong>: 21, 62, 92, 125, 160, 201<br \/>\nLocal: Bar\u00e3o do Amazonas &#8211; Esc. Est. Ensino Fundamental<br \/>\nEndere\u00e7o: Rua Osvaldo Cruz, 329 &#8211; Niter\u00f3i<\/p>\n<p><strong>Se\u00e7\u00f5es<\/strong>: 11, 44, 56, 67, 79, 91, 115, 128, 146, 162, 181, 195, 213, 233<br \/>\nLocal: Carlos Chagas &#8211; Instituto Estadual de Educa\u00e7\u00e3o Dr.<br \/>\nEndere\u00e7o: Rua Santa Cruz, S\/N &#8211; Niter\u00f3i<\/p>\n<p><strong>Se\u00e7\u00f5es<\/strong>: 432, 433, 434, 435, 436, 437, 438, 439, 440, 441, 442, 443, 444, 445, 446, 447<br \/>\nLocal: Carlos Drummond de Andrade &#8211; E.M E.F.<br \/>\nEndere\u00e7o: Rua 6.400 &#8211; Setor 5 \u2013 Guajuviras<\/p>\n<p><strong>Se\u00e7\u00f5es<\/strong>: 478, 479, 480, 481, 482, 483, 484<br \/>\nLocal: Castelo Branco &#8211; E.M.E.F.<br \/>\nEndere\u00e7o: Rua Tapaj\u00f3s, 275 \u2013 Igara<\/p>\n<p><strong>Se\u00e7\u00f5es<\/strong>: 31, 52, 64, 83, 104, 129, 143, 166, 184, 206, 224, 295<br \/>\nLocal: Col\u00e9gio Esp\u00edrito Santo &#8211; Soc. Ensino Benefic\u00eancia Prov\u00edncia Do Sul<br \/>\nEndere\u00e7o: Rua Tamoio, 3393 &#8211; Nossa Senhora Das Gra\u00e7as<\/p>\n<p><strong>Se\u00e7\u00f5es<\/strong>: 2, 7, 75, 93, 126, 149, 171, 199, 227, 254<br \/>\nLocal: Col\u00e9gio Rui Barbosa<br \/>\nEndere\u00e7o: Rua Julio De Castilhos, 207 \u2013 Niter\u00f3i<\/p>\n<p><strong>Se\u00e7\u00f5es<\/strong>: 1, 72, 112, 150, 191, 289<br \/>\nLocal: Conc\u00f3rdia &#8211; Col\u00e9gio Luterano<br \/>\nEndere\u00e7o: Rua Capistrano de Abreu, 229 \u2013 Niter\u00f3i<\/p>\n<p><strong>Se\u00e7\u00f5es<\/strong>: 351, 352<br \/>\nLocal: C\u00f4nego Jos\u00e9 Le\u00e3o Hartmann &#8211; E.E. Ens. Med.<br \/>\nEndere\u00e7o: Av. 17 de Abril, S\/N &#8211; Setor 4 \u2013 Guajuviras<\/p>\n<p><strong>Se\u00e7\u00f5es<\/strong>: 398, 399, 400, 401, 402, 403, 404, 405, 406, 407, 408, 409, 503<br \/>\nLocal: Cristo Redentor &#8211; Unidade Ensino<br \/>\nEndere\u00e7o: Rua Inconfid\u00eancia, 1231 &#8211; Marechal Rondon<\/p>\n<p><strong>Se\u00e7\u00f5es<\/strong>: 16, 107, 246, 292<br \/>\nLocal: CSSGAPA &#8211; Clube dos Suboficiais e Sargentos<br \/>\nEndere\u00e7o: Rua Tobias Barreto, 990 &#8211; Nossa Senhora das Gra\u00e7as<\/p>\n<p><strong>Se\u00e7\u00f5es<\/strong>: 8, 61, 97, 141, 188, 230<br \/>\nLocal: Duque De Caxias &#8211; Esc. Mun. de Ensino Fundamental<br \/>\nEndere\u00e7o: Rua Monte Castelo, 975 &#8211; Nossa Senhora Das Gra\u00e7as<\/p>\n<p><strong>Se\u00e7\u00f5es<\/strong>: 500, 501, 502<br \/>\nLocal: Edgar Fontoura &#8211; E.M.E.F. Pref.<br \/>\nEndere\u00e7o: Rua S\u00e3o Pedro, 555 &#8211; Marechal Rondon<\/p>\n<p><strong>Se\u00e7\u00f5es<\/strong>: 335, 336, 337, 338, 339, 340, 341, 342, 343, 344<br \/>\nLocal: \u00c9rico Ver\u00edssimo &#8211; E.E.Ens.Med.<br \/>\nEndere\u00e7o: Rua Boqueir\u00e3o, 1320 \u2013 Igara<\/p>\n<p><strong>Se\u00e7\u00f5es<\/strong>: 448, 449, 450, 451, 452, 453, 454, 455, 456, 457, 458, 459, 460<br \/>\nLocal: Erna W\u00fcrth &#8211; E M.E.F.<br \/>\nEndere\u00e7o: Av. 17 de Abril, S\/N \u2013 Guajuviras<\/p>\n<p><strong>Se\u00e7\u00f5es<\/strong>: 102, 137, 165, 194, 250<br \/>\nLocal: Farroupilha &#8211; Escola Municipal Ensino Fundamental<br \/>\nEndere\u00e7o: Rua Alberto Bins 160 \u2013 Niter\u00f3i<\/p>\n<p><strong>Se\u00e7\u00f5es<\/strong>: 410, 411, 412, 413, 414<br \/>\nLocal: General Neto &#8211; E.M.E.F.<br \/>\nEndere\u00e7o: Rua Jos\u00e9 Danilo Menezes, 150 \u2013 Olaria<\/p>\n<p><strong>Se\u00e7\u00f5es<\/strong>: 485, 486, 487, 488, 489, 490<br \/>\nLocal: Germano Witrock &#8211; E.E.Ens. Fund.Prof.<br \/>\nEndere\u00e7o: Rua Araguaia, S\/N \u2013 Igara<\/p>\n<p><strong>Se\u00e7\u00f5es<\/strong>: 18, 77, 136, 193<br \/>\nLocal: Getulio Vargas &#8211; Gr\u00eamio Esportivo Beneficente<br \/>\nEndere\u00e7o: Rua Ven\u00e2ncio Aires, 3120 &#8211; Nossa Senhora das Gra\u00e7as<\/p>\n<p><strong>Se\u00e7\u00f5es<\/strong>: 353, 354, 355, 356, 357, 358, 359, 360, 361, 362, 363, 364, 365<br \/>\nLocal: Guajuviras &#8211; E.M.E.F.<br \/>\nEndere\u00e7o: Rua 02, 577 &#8211; \u00c1rea Verde 1 \u2013 Guajuviras<\/p>\n<p><strong>Se\u00e7\u00f5es<\/strong>: 114, 132, 158, 186, 196, 208, 247, 251, 252, 253, 257, 288<br \/>\nLocal: Guanabara &#8211; Esc. Est. de Ensino Fundamental<br \/>\nEndere\u00e7o: Rua Alegrete, 1359 \u2013 Niter\u00f3i<\/p>\n<p><strong>Se\u00e7\u00f5es<\/strong>: 38, 175, 290<br \/>\nLocal: Igreja Luterana &#8211; Comunidade Evang\u00e9lica De Canoas<br \/>\nEndere\u00e7o: Rua Monte Castelo 470 &#8211; Nossa Senhora Das Gra\u00e7as<\/p>\n<p><strong>Se\u00e7\u00f5es<\/strong>: 284, 285, 287, 291, 296, 504<br \/>\nLocal: Ildo Meneghetti &#8211; E. M. de Ens. Fund. Eng.<br \/>\nEndere\u00e7o: Rua Imb\u00e9, 25 &#8211; Est\u00e2ncia Velha<\/p>\n<p><strong>Se\u00e7\u00f5es<\/strong>: 297, 298, 505<br \/>\nLocal: Instituto Federal de Educa\u00e7\u00e3o, Ci\u00eancia e Tecnologia do RS \u2013 IFRS<br \/>\nEndere\u00e7o: Rua Dra. Maria Z\u00e9lia Carneiro De Figueiredo, 870 &#8211; Igara<\/p>\n<p><strong>Se\u00e7\u00f5es<\/strong>: 258, 259, 260, 261, 262, 263, 264, 265, 266, 267, 268, 269, 270, 271, 272, 273, 286<br \/>\nLocal: Irm\u00e3o Pedro \u2013 E.M. de Ens. Fund.<br \/>\nEndere\u00e7o: Rua Olavo Fernandes, 91 &#8211; Est\u00e2ncia Velha<\/p>\n<p><strong>Se\u00e7\u00f5es<\/strong>: 35, 41, 74<br \/>\nLocal: Jasmelino Jardim &#8211; Esc. Est. de Ens. Fundamental<br \/>\nEndere\u00e7o: Travessa Ind\u00edgena, 1 &#8211; Nossa Senhora Das Gra\u00e7as<\/p>\n<p><strong>Se\u00e7\u00f5es<\/strong>: 3, 53, 81, 116, 153, 192, 219<br \/>\nLocal: Jo\u00e3o XXIII &#8211; Esc. Est. Ensino M\u00e9dio<br \/>\nEndere\u00e7o: Rua Santos Dumont 1721 \u2013 Niter\u00f3i<\/p>\n<p><strong>Se\u00e7\u00f5es<\/strong>: 13, 26, 43, 49, 50, 65, 78, 113, 140, 172, 198, 217, 234<br \/>\nLocal: Jos\u00e9 Gomes de Vasconcelos Jardim &#8211; Escola Estadual De Ens. M\u00e9dio<br \/>\nEndere\u00e7o: Rua Santos Ferreira 2985 &#8211; Est\u00e2ncia Velha<\/p>\n<p><strong>Se\u00e7\u00f5es<\/strong>: 366, 367, 368, 369, 370, 371, 372, 373, 374, 375, 376, 377, 378<br \/>\nLocal: Jussara Maria Polidoro &#8211; Col. Estadual<br \/>\nEndere\u00e7o: Av. Dezessete de Abril, S\/N \u2013 Guajuviras<\/p>\n<p><strong>Se\u00e7\u00f5es<\/strong>: 22, 30, 42, 60, 90, 124, 148, 177, 211, 231<br \/>\nLocal: La Salle Niter\u00f3i &#8211; Sociedade Porvir Cientifico<br \/>\nEndere\u00e7o: Rua Tamoio 821 \u2013 Niter\u00f3i<\/p>\n<p><strong>Se\u00e7\u00f5es<\/strong>: 12, 14, 45, 51, 54, 69, 76, 94, 96, 117, 139, 157, 178, 200, 225, 232<br \/>\nLocal: La Salle S\u00e3o Paulo \u2013 Col\u00e9gio<br \/>\nEndere\u00e7o: Rua Lajeado 1300 \u2013 Niter\u00f3i<\/p>\n<p><strong>Se\u00e7\u00f5es<\/strong>: 415, 416, 417, 418, 419, 420, 421, 422, 423, 424, 425, 426<br \/>\nLocal: Marechal Rondon &#8211; Col. Estadual<br \/>\nEndere\u00e7o: Rua Santini Longoni, 147 &#8211; Marechal Rondon<\/p>\n<p><strong>Se\u00e7\u00f5es<\/strong>: 385, 386, 387, 388, 389, 390, 391, 392, 393, 394, 395, 396, 397<br \/>\nLocal: Margot Terezinha Noal Giacomazzi &#8211; E.E.Ens. Med. Prof.<br \/>\nEndere\u00e7o: Rua Arroio Do Sal, 55 &#8211; Est\u00e2ncia Velha<\/p>\n<p><strong>Se\u00e7\u00f5es<\/strong>: 491, 492, 493, 494, 496, 497, 498, 499<br \/>\nLocal: Miguel Lampert- Col. Estadual<br \/>\nEndere\u00e7o: Rua Jo\u00e3o Leivas De Carvalho, 461 &#8211; S\u00e3o Jos\u00e9<\/p>\n<p><strong>Se\u00e7\u00f5es<\/strong>: 299, 300, 301, 302, 303, 304, 305, 306, 307, 308, 309, 310<br \/>\nLocal: Nancy Ferreira Pansera &#8211; E.M.E.F. Prof.<br \/>\nEndere\u00e7o: Setor 6, \u00c1rea Verde 13, S\/N \u2013 Guajuviras<\/p>\n<p><strong>Se\u00e7\u00f5es<\/strong>: 427, 428, 429, 430, 431<br \/>\nLocal: O Acad\u00eamico &#8211; E.Ens.Med.<br \/>\nEndere\u00e7o: Rua Inconfid\u00eancia, 460 &#8211; Marechal Rondon<\/p>\n<p><strong>Se\u00e7\u00f5es<\/strong>: 461, 462, 463<br \/>\nLocal: Padre Jaeger &#8211; E.E. Ens. Fund.<br \/>\nEndere\u00e7o: Rua Sen. Alberto Pasqualine, 100 &#8211; Marechal Rondon<\/p>\n<p><strong>Se\u00e7\u00f5es<\/strong>: 345, 346, 347, 348, 349, 350<br \/>\nLocal: Paz &#8211; Unidade Ensino<br \/>\nEndere\u00e7o: Rua Jacob Longoni, 10 \u2013 Olaria<\/p>\n<p><strong>Se\u00e7\u00e3o<\/strong>: 506<br \/>\nLocal: Penitenci\u00e1ria Estadual de Canoas &#8211; Pecan I<br \/>\nEndere\u00e7o: Estrada do Naz\u00e1rio, 3505 &#8211; Est\u00e2ncia Velha<\/p>\n<p><strong>Se\u00e7\u00e3o<\/strong>: 507<br \/>\nLocal: Penitenci\u00e1ria Estadual de Canoas &#8211; Pecan II<br \/>\nEndere\u00e7o: Estrada Do Naz\u00e1rio, 3505 &#8211; Est\u00e2ncia Velha<\/p>\n<p><strong>Se\u00e7\u00f5es<\/strong>: 15, 100, 161, 218, 256, 294<br \/>\nLocal: Pernambuco &#8211; Escola Municipal De Ensino Fundamental<br \/>\nEndere\u00e7o: Rua Conc\u00f3rdia, 1740 \u2013 Niter\u00f3i<\/p>\n<p><strong>Se\u00e7\u00f5es<\/strong>: 464, 465, 466, 467, 468, 469<br \/>\nLocal: Planalto Canoense &#8211; E. E.Ens.Fund.<br \/>\nEndere\u00e7o: Rua Dr. Sezefredo Azambuja Vieira, 61 \u2013 Olaria<\/p>\n<p><strong>Se\u00e7\u00f5es<\/strong>: 4, 80, 138, 187<br \/>\nLocal: Prot\u00e1sio Diogo de Jesus &#8211; Escola Estadual de Ens. Fundamental<br \/>\nEndere\u00e7o: Rua da Figueira 315 &#8211; Nossa Senhora Das Gra\u00e7as<\/p>\n<p><strong>Se\u00e7\u00f5es<\/strong>: 274, 275, 276, 277, 278, 279, 280, 281, 282, 283<br \/>\nLocal: Rond\u00f4nia &#8211; E.M. de Ens. Fund<br \/>\nEndere\u00e7o: Rua A. J. Renner, 211 &#8211; Est\u00e2ncia Velha<\/p>\n<p><strong>Se\u00e7\u00f5es<\/strong>: 470, 471, 472, 473<br \/>\nLocal: Sal\u00e3o Paroquial S\u00e3o Crist\u00f3v\u00e3o<br \/>\nEndere\u00e7o: Rua Tupi, 228 \u2013 Igara<\/p>\n<p><strong>Se\u00e7\u00f5es<\/strong>: 48, 68, 89, 106, 120, 135, 147, 163, 176, 189, 197, 214<br \/>\nLocal: Santos Dumont &#8211; Escola Municipal de Ensino Fundamental<br \/>\nEndere\u00e7o: Rua Arthur Bernardes 654 \u2013 Niter\u00f3i<\/p>\n<p><strong>Se\u00e7\u00f5es<\/strong>: 36, 248, 293<br \/>\nLocal: S\u00e3o Jos\u00e9 &#8211; Escola de Ensino Fundamental<br \/>\nEndere\u00e7o: Rua Irai 459 \u2013 Niter\u00f3i<\/p>\n<p><strong>Se\u00e7\u00f5es<\/strong>: 311, 312, 313, 314, 315<br \/>\nLocal: S\u00e3o Marcos &#8211; Unidade Ensino<br \/>\nEndere\u00e7o: Rua Lic\u00ednio Cardoso, 121 &#8211; S\u00e3o Jos\u00e9<\/p>\n<p><strong>Se\u00e7\u00f5es<\/strong>: 316, 317, 318, 319, 320, 321, 322, 323, 324, 325, 326<br \/>\nLocal: Sete de Setembro &#8211; E.M.E.F.<br \/>\nEndere\u00e7o: Estrada Do Naz\u00e1rio, 1205 &#8211; Est\u00e2ncia Velha<\/p>\n<p><strong>Se\u00e7\u00f5es<\/strong>: 20, 33, 127, 212, 228<br \/>\nLocal: Theodoro Bogen &#8211; Escola Municipal de Ensino Fundamental<br \/>\nEndere\u00e7o: Rua 11 de Junho,1001 &#8211; Niter\u00f3i<\/p>\n<p><strong>Se\u00e7\u00f5es<\/strong>: 327, 328, 329, 330, 331, 332, 333, 334<br \/>\nLocal: Vasco da Gama &#8211; E.E. Ens.Fund.<br \/>\nEndere\u00e7o: Rua Bol\u00edvia, 580 &#8211; S\u00e3o Jos\u00e9<\/p>\n<p><strong>Se\u00e7\u00f5es<\/strong>: 474, 475, 476, 477<br \/>\nLocal: Vicente Freire &#8211; E.E. Ens.Fund. Cel.<br \/>\nEndere\u00e7o: Rua Tiete, 276 \u2013 Igara<\/p>\n<p><strong>Se\u00e7\u00f5es<\/strong>: 379, 380, 381, 382, 383, 384<br \/>\nLocal: Walter Peracchi de Barcelos \u2013 E.M.E.F. Gov.<br \/>\nEndere\u00e7o: Rua Alberto Rodrigues De Oliveira, 125 \u2013 Olaria<\/p>\n<p>&nbsp;<\/p>\n<h6><strong>NOVA SANTA RITA<\/strong><\/h6>\n<h6>ZONA 66<\/h6>\n<p><strong>Se\u00e7\u00f5es<\/strong>: 484, 485, 486, 487, 488, 489, 490, 491, 492, 494<br \/>\nLocal: Esc. Est. Educ. B\u00e1sica Santa Rita<br \/>\nEndere\u00e7o: Rua Jo\u00e3o Antonio De Oliveira, 268 \u2013 Centro<\/p>\n<p><strong>Se\u00e7\u00f5es<\/strong>: 471, 472, 473, 474<br \/>\nLocal: ESC Est. Ens. Fund. Bar\u00e3o de Teres\u00f3polis<br \/>\nEndere\u00e7o: Estrada de Morretes, 68 \u2013 Morretes<\/p>\n<p><strong>Se\u00e7\u00e3o<\/strong>: 513<br \/>\nLocal: Esc. Est. Ens. M\u00e9dio Nova Sociedade<br \/>\nEndere\u00e7o: Estrada do Luizinho, S\/N &#8211; Assentamento Itapu\u00ed<\/p>\n<p><strong>Se\u00e7\u00f5es<\/strong>: 503 505<br \/>\nLocal: Esc. Mun. Ens. Fund. Alfredo Antonio Amorim<br \/>\nEndere\u00e7o: Estrada Sanga Funda , S\/N &#8211; Sanga Funda<\/p>\n<p><strong>Se\u00e7\u00e3o<\/strong>: 515<br \/>\nLocal: Esc. Mun. Ens. Fund. \u00c1lvaro Almeida<br \/>\nEndere\u00e7o: Estrada \u00c1lvaro Almeida, S\/N &#8211; Assentamento Do Sino<\/p>\n<p><strong>Se\u00e7\u00f5es<\/strong>: 516, 517, 518<br \/>\nLocal: Esc. Mun. Ens. Fund. Campos Salles<br \/>\nEndere\u00e7o: Rua dos Pinheiros, 570 \u2013 Calif\u00f3rnia<\/p>\n<p><strong>Se\u00e7\u00f5es<\/strong>: 475, 476, 477, 478, 479, 480, 481, 482, 483<br \/>\nLocal: Esc. Mun. Ens. Fund. Helio Fraga<br \/>\nEndere\u00e7o: Av. Santa Rita, 1901 \u2013 Centro<\/p>\n<p><strong>Se\u00e7\u00e3o<\/strong>: 519<br \/>\nLocal: Esc. Mun. Ens. Fund. Homero Fraga<br \/>\nEndere\u00e7o: Estrada Sanga Funda S\/N &#8211; Sanga Funda<\/p>\n<p><strong>Se\u00e7\u00f5es<\/strong>: 501, 502<br \/>\nLocal: Esc. Mun. Ens. Fund Jos\u00e9 Bonif\u00e1cio<br \/>\nEndere\u00e7o: Rua da Pedreira , S\/N \u2013 Pedreira<\/p>\n<p><strong>Se\u00e7\u00f5es<\/strong>: 460, 461, 462, 463, 464, 465, 466, 467, 468, 469, 470<br \/>\nLocal: Esc. Mun. Ens. Fund. Miguel Couto<br \/>\nEndere\u00e7o: Av. Get\u00falio Vargas, S\/N &#8211; Berto C\u00edrio<\/p>\n<p><strong>Se\u00e7\u00e3o<\/strong>: 506<br \/>\nLocal: Esc. Mun. Ens. Fund. Rui Barbosa<br \/>\nEndere\u00e7o: Est. Fazenda Padres, Pegar Alcides Amorim, 4 Rua \u00e0 esq &#8211; Porto Da Figueira<\/p>\n<p><strong>Se\u00e7\u00f5es<\/strong>: 495, 496, 497, 498, 499, 500<br \/>\nLocal: Esc. Mun. Ens. Fund. Tiradentes<br \/>\nEndere\u00e7o: Estrada Do Caju, 264 \u2013 Caju<\/p>\n<p><strong>Se\u00e7\u00e3o<\/strong>: 507<br \/>\nLocal: Esc. Mun. Ens. Fund. Vasconcelos Jardim<br \/>\nEndere\u00e7o: Rua Carlos de Souza Pereira, S\/N \u2013 Calif\u00f3rnia<\/p>\n<p><strong>Se\u00e7\u00f5es<\/strong>: 509, 510, 511, 512<br \/>\nLocal: Esc. Mun. Ens. Fund. Victor Aggens<br \/>\nEndere\u00e7o: Rua N, n\u00ba 418 &#8211; Berto C\u00edrio<\/p>\n<p>&nbsp;<\/p>\n<p>&nbsp;<\/p>\n<p>&nbsp;<\/p>\n","protected":false},"excerpt":{"rendered":"<p>CANOAS ZONA 66 Se\u00e7\u00f5es: 24, 74, 131, 190, 230 Local: Associa\u00e7\u00e3o Cultural e Beneficente Ga\u00facho (Bol\u00e3o Ga\u00facho) Endere\u00e7o: Ara\u00e7\u00e1 129 \u2013 Harmonia Se\u00e7\u00f5es: 2, 41, 45, 68, 96, 128, 142, 170, 187, 202, 219, 244, 265, 285, 310, 323, 338 Local: Centro Universit\u00e1rio La Salle Endere\u00e7o: Victor Barreto, 2288 &#8211; Centro Se\u00e7\u00f5es: 23, 71, 120, [&hellip;]<\/p>\n","protected":false},"author":1,"featured_media":11147,"comment_status":"closed","ping_status":"open","sticky":false,"template":"","format":"standard","meta":{"amp_status":"","footnotes":""},"categories":[19],"tags":[],"class_list":["post-11143","post","type-post","status-publish","format-standard","has-post-thumbnail","hentry","category-destaques"],"yoast_head":"<!-- This site is optimized with the Yoast SEO plugin v20.5 - https:\/\/yoast.com\/wordpress\/plugins\/seo\/ -->\n<title>Endere\u00e7os das se\u00e7\u00f5es eleitorais de Canoas e Nova Santa Rita - O Timoneiro Jornal Canoas RS<\/title>\n<meta name=\"robots\" content=\"index, follow, max-snippet:-1, max-image-preview:large, max-video-preview:-1\" \/>\n<link rel=\"canonical\" href=\"https:\/\/jornaltimoneiro.com.br\/index.php\/2018\/10\/05\/enderecos-das-secoes-eleitorais-de-canoas-e-nova-santa-rita\/\" \/>\n<meta property=\"og:locale\" content=\"pt_BR\" \/>\n<meta property=\"og:type\" content=\"article\" \/>\n<meta property=\"og:title\" content=\"Endere\u00e7os das se\u00e7\u00f5es eleitorais de Canoas e Nova Santa Rita - O Timoneiro Jornal Canoas RS\" \/>\n<meta property=\"og:description\" content=\"CANOAS ZONA 66 Se\u00e7\u00f5es: 24, 74, 131, 190, 230 Local: Associa\u00e7\u00e3o Cultural e Beneficente Ga\u00facho (Bol\u00e3o Ga\u00facho) Endere\u00e7o: Ara\u00e7\u00e1 129 \u2013 Harmonia Se\u00e7\u00f5es: 2, 41, 45, 68, 96, 128, 142, 170, 187, 202, 219, 244, 265, 285, 310, 323, 338 Local: Centro Universit\u00e1rio La Salle Endere\u00e7o: Victor Barreto, 2288 &#8211; Centro Se\u00e7\u00f5es: 23, 71, 120, [&hellip;]\" \/>\n<meta property=\"og:url\" content=\"https:\/\/jornaltimoneiro.com.br\/index.php\/2018\/10\/05\/enderecos-das-secoes-eleitorais-de-canoas-e-nova-santa-rita\/\" \/>\n<meta property=\"og:site_name\" content=\"O Timoneiro Jornal Canoas RS\" \/>\n<meta property=\"article:publisher\" content=\"https:\/\/www.facebook.com\/jornaltimoneiro\" \/>\n<meta property=\"article:published_time\" content=\"2018-10-05T18:20:12+00:00\" \/>\n<meta name=\"author\" content=\"Reda\u00e7\u00e3o\" \/>\n<meta name=\"twitter:card\" content=\"summary_large_image\" \/>\n<meta name=\"twitter:creator\" content=\"@_OTimoneiro\" \/>\n<meta name=\"twitter:site\" content=\"@_OTimoneiro\" \/>\n<meta name=\"twitter:label1\" content=\"Escrito por\" \/>\n\t<meta name=\"twitter:data1\" content=\"Reda\u00e7\u00e3o\" \/>\n\t<meta name=\"twitter:label2\" content=\"Est. tempo de leitura\" \/>\n\t<meta name=\"twitter:data2\" content=\"10 minutos\" \/>\n<script type=\"application\/ld+json\" class=\"yoast-schema-graph\">{\"@context\":\"https:\/\/schema.org\",\"@graph\":[{\"@type\":\"Article\",\"@id\":\"https:\/\/jornaltimoneiro.com.br\/index.php\/2018\/10\/05\/enderecos-das-secoes-eleitorais-de-canoas-e-nova-santa-rita\/#article\",\"isPartOf\":{\"@id\":\"https:\/\/jornaltimoneiro.com.br\/index.php\/2018\/10\/05\/enderecos-das-secoes-eleitorais-de-canoas-e-nova-santa-rita\/\"},\"author\":{\"name\":\"Reda\u00e7\u00e3o\",\"@id\":\"https:\/\/jornaltimoneiro.com.br\/#\/schema\/person\/620efd1d8244466117482be494360b08\"},\"headline\":\"Endere\u00e7os das se\u00e7\u00f5es eleitorais de Canoas e Nova Santa Rita\",\"datePublished\":\"2018-10-05T18:20:12+00:00\",\"dateModified\":\"2018-10-05T18:20:12+00:00\",\"mainEntityOfPage\":{\"@id\":\"https:\/\/jornaltimoneiro.com.br\/index.php\/2018\/10\/05\/enderecos-das-secoes-eleitorais-de-canoas-e-nova-santa-rita\/\"},\"wordCount\":2059,\"publisher\":{\"@id\":\"https:\/\/jornaltimoneiro.com.br\/#organization\"},\"articleSection\":[\"Destaques\"],\"inLanguage\":\"pt-BR\"},{\"@type\":\"WebPage\",\"@id\":\"https:\/\/jornaltimoneiro.com.br\/index.php\/2018\/10\/05\/enderecos-das-secoes-eleitorais-de-canoas-e-nova-santa-rita\/\",\"url\":\"https:\/\/jornaltimoneiro.com.br\/index.php\/2018\/10\/05\/enderecos-das-secoes-eleitorais-de-canoas-e-nova-santa-rita\/\",\"name\":\"Endere\u00e7os das se\u00e7\u00f5es eleitorais de Canoas e Nova Santa Rita - O Timoneiro Jornal Canoas RS\",\"isPartOf\":{\"@id\":\"https:\/\/jornaltimoneiro.com.br\/#website\"},\"datePublished\":\"2018-10-05T18:20:12+00:00\",\"dateModified\":\"2018-10-05T18:20:12+00:00\",\"breadcrumb\":{\"@id\":\"https:\/\/jornaltimoneiro.com.br\/index.php\/2018\/10\/05\/enderecos-das-secoes-eleitorais-de-canoas-e-nova-santa-rita\/#breadcrumb\"},\"inLanguage\":\"pt-BR\",\"potentialAction\":[{\"@type\":\"ReadAction\",\"target\":[\"https:\/\/jornaltimoneiro.com.br\/index.php\/2018\/10\/05\/enderecos-das-secoes-eleitorais-de-canoas-e-nova-santa-rita\/\"]}]},{\"@type\":\"BreadcrumbList\",\"@id\":\"https:\/\/jornaltimoneiro.com.br\/index.php\/2018\/10\/05\/enderecos-das-secoes-eleitorais-de-canoas-e-nova-santa-rita\/#breadcrumb\",\"itemListElement\":[{\"@type\":\"ListItem\",\"position\":1,\"name\":\"In\u00edcio\",\"item\":\"https:\/\/jornaltimoneiro.com.br\/\"},{\"@type\":\"ListItem\",\"position\":2,\"name\":\"Endere\u00e7os das se\u00e7\u00f5es eleitorais de Canoas e Nova Santa Rita\"}]},{\"@type\":\"WebSite\",\"@id\":\"https:\/\/jornaltimoneiro.com.br\/#website\",\"url\":\"https:\/\/jornaltimoneiro.com.br\/\",\"name\":\"Jornal Timoneiro Canoas RS\",\"description\":\"Jornal O Timoneiro, o verdadeiro jornal de Canoas\",\"publisher\":{\"@id\":\"https:\/\/jornaltimoneiro.com.br\/#organization\"},\"potentialAction\":[{\"@type\":\"SearchAction\",\"target\":{\"@type\":\"EntryPoint\",\"urlTemplate\":\"https:\/\/jornaltimoneiro.com.br\/?s={search_term_string}\"},\"query-input\":\"required name=search_term_string\"}],\"inLanguage\":\"pt-BR\"},{\"@type\":\"Organization\",\"@id\":\"https:\/\/jornaltimoneiro.com.br\/#organization\",\"name\":\"Jornal Timoneiro Canoas RS\",\"url\":\"https:\/\/jornaltimoneiro.com.br\/\",\"logo\":{\"@type\":\"ImageObject\",\"inLanguage\":\"pt-BR\",\"@id\":\"https:\/\/jornaltimoneiro.com.br\/#\/schema\/logo\/image\/\",\"url\":\"https:\/\/jornaltimoneiro.com.br\/wp-content\/uploads\/2023\/03\/logonovo.png\",\"contentUrl\":\"https:\/\/jornaltimoneiro.com.br\/wp-content\/uploads\/2023\/03\/logonovo.png\",\"width\":\"469\",\"height\":\"171\",\"caption\":\"Jornal Timoneiro Canoas RS\"},\"image\":{\"@id\":\"https:\/\/jornaltimoneiro.com.br\/#\/schema\/logo\/image\/\"},\"sameAs\":[\"https:\/\/www.facebook.com\/jornaltimoneiro\",\"https:\/\/twitter.com\/_OTimoneiro\",\"https:\/\/www.instagram.com\/jornaltimoneirocanoas\/\",\"https:\/\/www.youtube.com\/@jornalotimoneiro7927\"]},{\"@type\":\"Person\",\"@id\":\"https:\/\/jornaltimoneiro.com.br\/#\/schema\/person\/620efd1d8244466117482be494360b08\",\"name\":\"Reda\u00e7\u00e3o\",\"image\":{\"@type\":\"ImageObject\",\"inLanguage\":\"pt-BR\",\"@id\":\"https:\/\/jornaltimoneiro.com.br\/#\/schema\/person\/image\/\",\"url\":\"https:\/\/secure.gravatar.com\/avatar\/2f04e1b304682a8d9db336c7acd77f08?s=96&d=mm&r=g\",\"contentUrl\":\"https:\/\/secure.gravatar.com\/avatar\/2f04e1b304682a8d9db336c7acd77f08?s=96&d=mm&r=g\",\"caption\":\"Reda\u00e7\u00e3o\"},\"url\":\"https:\/\/jornaltimoneiro.com.br\/index.php\/author\/timoneirocanoas\/\"}]}<\/script>\n<!-- \/ Yoast SEO plugin. -->","yoast_head_json":{"title":"Endere\u00e7os das se\u00e7\u00f5es eleitorais de Canoas e Nova Santa Rita - O Timoneiro Jornal Canoas RS","robots":{"index":"index","follow":"follow","max-snippet":"max-snippet:-1","max-image-preview":"max-image-preview:large","max-video-preview":"max-video-preview:-1"},"canonical":"https:\/\/jornaltimoneiro.com.br\/index.php\/2018\/10\/05\/enderecos-das-secoes-eleitorais-de-canoas-e-nova-santa-rita\/","og_locale":"pt_BR","og_type":"article","og_title":"Endere\u00e7os das se\u00e7\u00f5es eleitorais de Canoas e Nova Santa Rita - O Timoneiro Jornal Canoas RS","og_description":"CANOAS ZONA 66 Se\u00e7\u00f5es: 24, 74, 131, 190, 230 Local: Associa\u00e7\u00e3o Cultural e Beneficente Ga\u00facho (Bol\u00e3o Ga\u00facho) Endere\u00e7o: Ara\u00e7\u00e1 129 \u2013 Harmonia Se\u00e7\u00f5es: 2, 41, 45, 68, 96, 128, 142, 170, 187, 202, 219, 244, 265, 285, 310, 323, 338 Local: Centro Universit\u00e1rio La Salle Endere\u00e7o: Victor Barreto, 2288 &#8211; Centro Se\u00e7\u00f5es: 23, 71, 120, [&hellip;]","og_url":"https:\/\/jornaltimoneiro.com.br\/index.php\/2018\/10\/05\/enderecos-das-secoes-eleitorais-de-canoas-e-nova-santa-rita\/","og_site_name":"O Timoneiro Jornal Canoas RS","article_publisher":"https:\/\/www.facebook.com\/jornaltimoneiro","article_published_time":"2018-10-05T18:20:12+00:00","author":"Reda\u00e7\u00e3o","twitter_card":"summary_large_image","twitter_creator":"@_OTimoneiro","twitter_site":"@_OTimoneiro","twitter_misc":{"Escrito por":"Reda\u00e7\u00e3o","Est. tempo de leitura":"10 minutos"},"schema":{"@context":"https:\/\/schema.org","@graph":[{"@type":"Article","@id":"https:\/\/jornaltimoneiro.com.br\/index.php\/2018\/10\/05\/enderecos-das-secoes-eleitorais-de-canoas-e-nova-santa-rita\/#article","isPartOf":{"@id":"https:\/\/jornaltimoneiro.com.br\/index.php\/2018\/10\/05\/enderecos-das-secoes-eleitorais-de-canoas-e-nova-santa-rita\/"},"author":{"name":"Reda\u00e7\u00e3o","@id":"https:\/\/jornaltimoneiro.com.br\/#\/schema\/person\/620efd1d8244466117482be494360b08"},"headline":"Endere\u00e7os das se\u00e7\u00f5es eleitorais de Canoas e Nova Santa Rita","datePublished":"2018-10-05T18:20:12+00:00","dateModified":"2018-10-05T18:20:12+00:00","mainEntityOfPage":{"@id":"https:\/\/jornaltimoneiro.com.br\/index.php\/2018\/10\/05\/enderecos-das-secoes-eleitorais-de-canoas-e-nova-santa-rita\/"},"wordCount":2059,"publisher":{"@id":"https:\/\/jornaltimoneiro.com.br\/#organization"},"articleSection":["Destaques"],"inLanguage":"pt-BR"},{"@type":"WebPage","@id":"https:\/\/jornaltimoneiro.com.br\/index.php\/2018\/10\/05\/enderecos-das-secoes-eleitorais-de-canoas-e-nova-santa-rita\/","url":"https:\/\/jornaltimoneiro.com.br\/index.php\/2018\/10\/05\/enderecos-das-secoes-eleitorais-de-canoas-e-nova-santa-rita\/","name":"Endere\u00e7os das se\u00e7\u00f5es eleitorais de Canoas e Nova Santa Rita - O Timoneiro Jornal Canoas RS","isPartOf":{"@id":"https:\/\/jornaltimoneiro.com.br\/#website"},"datePublished":"2018-10-05T18:20:12+00:00","dateModified":"2018-10-05T18:20:12+00:00","breadcrumb":{"@id":"https:\/\/jornaltimoneiro.com.br\/index.php\/2018\/10\/05\/enderecos-das-secoes-eleitorais-de-canoas-e-nova-santa-rita\/#breadcrumb"},"inLanguage":"pt-BR","potentialAction":[{"@type":"ReadAction","target":["https:\/\/jornaltimoneiro.com.br\/index.php\/2018\/10\/05\/enderecos-das-secoes-eleitorais-de-canoas-e-nova-santa-rita\/"]}]},{"@type":"BreadcrumbList","@id":"https:\/\/jornaltimoneiro.com.br\/index.php\/2018\/10\/05\/enderecos-das-secoes-eleitorais-de-canoas-e-nova-santa-rita\/#breadcrumb","itemListElement":[{"@type":"ListItem","position":1,"name":"In\u00edcio","item":"https:\/\/jornaltimoneiro.com.br\/"},{"@type":"ListItem","position":2,"name":"Endere\u00e7os das se\u00e7\u00f5es eleitorais de Canoas e Nova Santa Rita"}]},{"@type":"WebSite","@id":"https:\/\/jornaltimoneiro.com.br\/#website","url":"https:\/\/jornaltimoneiro.com.br\/","name":"Jornal Timoneiro Canoas RS","description":"Jornal O Timoneiro, o verdadeiro jornal de Canoas","publisher":{"@id":"https:\/\/jornaltimoneiro.com.br\/#organization"},"potentialAction":[{"@type":"SearchAction","target":{"@type":"EntryPoint","urlTemplate":"https:\/\/jornaltimoneiro.com.br\/?s={search_term_string}"},"query-input":"required name=search_term_string"}],"inLanguage":"pt-BR"},{"@type":"Organization","@id":"https:\/\/jornaltimoneiro.com.br\/#organization","name":"Jornal Timoneiro Canoas RS","url":"https:\/\/jornaltimoneiro.com.br\/","logo":{"@type":"ImageObject","inLanguage":"pt-BR","@id":"https:\/\/jornaltimoneiro.com.br\/#\/schema\/logo\/image\/","url":"https:\/\/jornaltimoneiro.com.br\/wp-content\/uploads\/2023\/03\/logonovo.png","contentUrl":"https:\/\/jornaltimoneiro.com.br\/wp-content\/uploads\/2023\/03\/logonovo.png","width":"469","height":"171","caption":"Jornal Timoneiro Canoas RS"},"image":{"@id":"https:\/\/jornaltimoneiro.com.br\/#\/schema\/logo\/image\/"},"sameAs":["https:\/\/www.facebook.com\/jornaltimoneiro","https:\/\/twitter.com\/_OTimoneiro","https:\/\/www.instagram.com\/jornaltimoneirocanoas\/","https:\/\/www.youtube.com\/@jornalotimoneiro7927"]},{"@type":"Person","@id":"https:\/\/jornaltimoneiro.com.br\/#\/schema\/person\/620efd1d8244466117482be494360b08","name":"Reda\u00e7\u00e3o","image":{"@type":"ImageObject","inLanguage":"pt-BR","@id":"https:\/\/jornaltimoneiro.com.br\/#\/schema\/person\/image\/","url":"https:\/\/secure.gravatar.com\/avatar\/2f04e1b304682a8d9db336c7acd77f08?s=96&d=mm&r=g","contentUrl":"https:\/\/secure.gravatar.com\/avatar\/2f04e1b304682a8d9db336c7acd77f08?s=96&d=mm&r=g","caption":"Reda\u00e7\u00e3o"},"url":"https:\/\/jornaltimoneiro.com.br\/index.php\/author\/timoneirocanoas\/"}]}},"_links":{"self":[{"href":"https:\/\/jornaltimoneiro.com.br\/index.php\/wp-json\/wp\/v2\/posts\/11143"}],"collection":[{"href":"https:\/\/jornaltimoneiro.com.br\/index.php\/wp-json\/wp\/v2\/posts"}],"about":[{"href":"https:\/\/jornaltimoneiro.com.br\/index.php\/wp-json\/wp\/v2\/types\/post"}],"author":[{"embeddable":true,"href":"https:\/\/jornaltimoneiro.com.br\/index.php\/wp-json\/wp\/v2\/users\/1"}],"replies":[{"embeddable":true,"href":"https:\/\/jornaltimoneiro.com.br\/index.php\/wp-json\/wp\/v2\/comments?post=11143"}],"version-history":[{"count":0,"href":"https:\/\/jornaltimoneiro.com.br\/index.php\/wp-json\/wp\/v2\/posts\/11143\/revisions"}],"wp:featuredmedia":[{"embeddable":true,"href":"https:\/\/jornaltimoneiro.com.br\/index.php\/wp-json\/"}],"wp:attachment":[{"href":"https:\/\/jornaltimoneiro.com.br\/index.php\/wp-json\/wp\/v2\/media?parent=11143"}],"wp:term":[{"taxonomy":"category","embeddable":true,"href":"https:\/\/jornaltimoneiro.com.br\/index.php\/wp-json\/wp\/v2\/categories?post=11143"},{"taxonomy":"post_tag","embeddable":true,"href":"https:\/\/jornaltimoneiro.com.br\/index.php\/wp-json\/wp\/v2\/tags?post=11143"}],"curies":[{"name":"wp","href":"https:\/\/api.w.org\/{rel}","templated":true}]}}