{"id":1111,"date":"2015-09-14T15:48:48","date_gmt":"2015-09-14T18:48:48","guid":{"rendered":"http:\/\/otimoneiro.com.br\/?p=1111"},"modified":"2015-09-14T15:48:48","modified_gmt":"2015-09-14T18:48:48","slug":"reintegracao-de-posse-no-porto-belo-tem-onibus-incendiado","status":"publish","type":"post","link":"https:\/\/jornaltimoneiro.com.br\/index.php\/2015\/09\/14\/reintegracao-de-posse-no-porto-belo-tem-onibus-incendiado\/","title":{"rendered":"Reintegra\u00e7\u00e3o de posse no Porto Belo tem \u00f4nibus incendiado"},"content":{"rendered":"<div id=\"attachment_1112\" style=\"width: 582px\" class=\"wp-caption aligncenter\"><a href=\"http:\/\/otimoneiro.com.br\/wp-content\/uploads\/2015\/09\/DSC4430.jpg\"><img decoding=\"async\" aria-describedby=\"caption-attachment-1112\" class=\"wp-image-1112\" src=\"http:\/\/otimoneiro.com.br\/wp-content\/uploads\/2015\/09\/DSC4430-1024x683.jpg\" alt=\"\u00d4nibus da empresa Vicasa foi incendiado por manifestantes no Porto Belo\" width=\"572\" height=\"382\" \/><\/a><p id=\"caption-attachment-1112\" class=\"wp-caption-text\">\u00d4nibus da empresa Vicasa foi incendiado por manifestantes no Porto Belo. Foto: Bruno Lara\/OT<\/p><\/div>\n<p style=\"text-align: justify;\">A reintegra\u00e7\u00e3o de posse da \u00e1rea ocupada por mais de 200 fam\u00edlias no domingo, 6, no loteamento Porto Belo, no bairro Harmonia, n\u00e3o foi tranquila. Vizinhos do terreno informaram que, na a\u00e7\u00e3o desta segunda-feira, 14, a Brigada Militar precisou usar de g\u00e1s de efeito moral e balas de borracha para conter os moradores. Na tentativa de manter o terreno, eles montaram barricadas nas ruas e atiraram pedras contra a tropa de choque. Um \u00f4nibus da empresa Vicasa foi incendiado no local. O carro, de n\u00famero 3542 fazia a linha integra\u00e7\u00e3o. Os presentes no local confirmaram que o motorista, Ricardo, e o cobrador, Marco Aur\u00e9lio, estavam dentro do ve\u00edculo quando pegou fogo, por volta das 11 horas. Ambos conseguiram sair e foram levados para a garagem da empresa. Ningu\u00e9m ficou ferido.<\/p>\n<p style=\"text-align: justify;\">O Tenente Coronel Eduardo Amorin, que esteve \u00e0 frente da negocia\u00e7\u00e3o, informou que na quinta-feira, 10, no per\u00edodo da tarde, o 15\u00ba Batalh\u00e3o de Pol\u00edcia Militar (BPM) esteve no local, ap\u00f3s receber o of\u00edcio. \u201cConversamos com os invasores, orientamos e informamos o recebimento do mandado de reintegra\u00e7\u00e3o de posse. Na sexta-feira, eu estive aqui e conversei com eles que na segunda-feira ir\u00edamos cumprir a reintegra\u00e7\u00e3o de posse\u201d, informou.<\/p>\n<div id=\"attachment_1113\" style=\"width: 594px\" class=\"wp-caption aligncenter\"><a href=\"http:\/\/otimoneiro.com.br\/wp-content\/uploads\/2015\/09\/DSC4452.jpg\"><img decoding=\"async\" aria-describedby=\"caption-attachment-1113\" class=\"wp-image-1113\" src=\"http:\/\/otimoneiro.com.br\/wp-content\/uploads\/2015\/09\/DSC4452-1024x683.jpg\" alt=\"Eduardo Lopes da Silva, 61 anos, morava na \u00e1rea h\u00e1 quatro anos\" width=\"584\" height=\"391\" \/><\/a><p id=\"caption-attachment-1113\" class=\"wp-caption-text\">Eduardo Lopes da Silva, 61 anos, morava na \u00e1rea h\u00e1 quatro anos. Foto: Bruno Lara\/OT<\/p><\/div>\n<p style=\"text-align: justify;\">Eduardo Lopes da Silva, 61 anos, morava na \u00e1rea h\u00e1 quatro anos. \u201cComprei. Paguei. Agora v\u00e3o me tirar sem nada\u201d, reclama. Segundo ele, as casas foram desmanchadas sem orientar os moradores para onde devem ir. \u201cN\u00e3o deram colher para n\u00f3s. Chegaram e foram desmanchando tudo. N\u00e3o disseram que iriam colocar n\u00f3s em lugar nenhum e foram desmanchando\u201d, reclama. Eduardo n\u00e3o sabe para onde vai agora. \u201cA\u00ed \u00e9 que est\u00e1. N\u00e3o pergunta para mim que eu n\u00e3o sei. Vou colocar minhas coisas no p\u00e1tio da minha cunhada at\u00e9 arrumar um cantinho para mim\u201d, conclui.<\/p>\n<div id=\"attachment_1114\" style=\"width: 599px\" class=\"wp-caption aligncenter\"><a href=\"http:\/\/otimoneiro.com.br\/wp-content\/uploads\/2015\/09\/DSC4469.jpg\"><img decoding=\"async\" aria-describedby=\"caption-attachment-1114\" class=\"wp-image-1114\" src=\"http:\/\/otimoneiro.com.br\/wp-content\/uploads\/2015\/09\/DSC4469-1024x683.jpg\" alt=\"O vendedor Leonardo Vanderlei de Azevedo, 18 anos\" width=\"589\" height=\"392\" \/><\/a><p id=\"caption-attachment-1114\" class=\"wp-caption-text\">O vendedor Leonardo Vanderlei de Azevedo, 18 anos, reclama da forma como foram retirados. Foto: Bruno Lara\/OT<\/p><\/div>\n<p style=\"text-align: justify;\">O vendedor Leonardo Vanderlei de Azevedo, 18 anos, n\u00e3o gostou da maneira como foi retirado de sua casa, onde reside com mais cinco membros da fam\u00edlia. \u201cPessoas civilizadas moram neste local, trabalhadores que v\u00e1rias vezes investiram sal\u00e1rios nessa casa\u201d, argumenta. Segundo Leonardo, um prazo maior para sair lhes foi negado. \u201cA gente pediu um prazo para retirar nossas coisas. Pelo menos at\u00e9 amanh\u00e3, para n\u00e3o precisar ter este transtorno, vir caminh\u00e3o da Prefeitura e tudo. E tamb\u00e9m para n\u00e3o ter tanta perca nos materiais\u201d, conta. Ele considera que os apartamentos n\u00e3o comportam toda a fam\u00edlia. \u201cL\u00e1 tem dois quartos, um banheiro e uma cozinha\u201d, afirma.<\/p>\n<p style=\"text-align: justify;\">Segundo o Tenente Coronel, os pr\u00f3prios ocupantes da \u00e1rea colocaram fogo em suas casas. \u201cDurante o deslocamento deles, coloram fogo em alguns casebres deles mesmos. Botaram fogo na rua e n\u00f3s fizemos uma linha. Conforme a linha n\u00f3s fomos ocupando espa\u00e7o. Determinado momento alguns deles, que n\u00e3o sabemos precisar, pois s\u00f3 vimos de longe, botaram fogo no \u00f4nibus. H\u00e1 que se destacar, tamb\u00e9m, que quem tocou pedras na brigada n\u00e3o foram todas as pessoas que participaram que tinham invadido a \u00e1rea. Foram alguns. E n\u00f3s nos posicionamos at\u00e9 um determinado ponto de seguran\u00e7a at\u00e9 o pessoal terminar o servi\u00e7o\u201d, informou.<\/p>\n<div id=\"attachment_1115\" style=\"width: 595px\" class=\"wp-caption aligncenter\"><a href=\"http:\/\/otimoneiro.com.br\/wp-content\/uploads\/2015\/09\/AhOFLRUkPNYZ8PaKoWtgMh5jJge78X5oOW6xCumdn3xj.jpg\"><img decoding=\"async\" aria-describedby=\"caption-attachment-1115\" class=\"wp-image-1115\" src=\"http:\/\/otimoneiro.com.br\/wp-content\/uploads\/2015\/09\/AhOFLRUkPNYZ8PaKoWtgMh5jJge78X5oOW6xCumdn3xj-1024x768.jpg\" alt=\"Bombeiros apagaram o fogo na linha 3542 da Vicasa. Foto: Internet\" width=\"585\" height=\"439\" \/><\/a><p id=\"caption-attachment-1115\" class=\"wp-caption-text\">Bombeiros apagaram o fogo na linha 3542 da Vicasa. Foto: Internet<\/p><\/div>\n<p style=\"text-align: justify;\">Amorin informou que o clima era tranquilo at\u00e9 a chegada do oficial de Justi\u00e7a. \u201cEle estacionou o primeiro caminh\u00e3o da prefeitura para recolher o material e o pessoal come\u00e7ou a provocar a brigada. Em determinado momento, come\u00e7aram a falar que n\u00e3o iriam aceitar a reintegra\u00e7\u00e3o de posse. At\u00e9 a\u00ed, tudo tranq\u00fcilo. S\u00f3 que, em determinado momento, come\u00e7aram a atirar pedras na brigada. Ent\u00e3o a brigada teve que reagir com granada de g\u00e1s\u201d, afirmou. Por volta das 13 horas a situa\u00e7\u00e3o estava controlada e algumas fam\u00edlias retiravam seus pertences do local.<\/p>\n<p style=\"text-align: justify;\">A Prefeitura Municipal de Canoas, presente no local, informou que a \u00e1rea \u00e9 de risco por passar cabos de alta tens\u00e3o por cima do local e pretende revitalizar a \u00e1rea.<\/p>\n\n","protected":false},"excerpt":{"rendered":"<p>Moradores reclamam que n\u00e3o tem para onde ir ap\u00f3s retomada de terreno da Prefeitura<\/p>\n","protected":false},"author":1,"featured_media":1115,"comment_status":"open","ping_status":"open","sticky":false,"template":"","format":"standard","meta":{"amp_status":"","footnotes":""},"categories":[25,19,22],"tags":[],"class_list":["post-1111","post","type-post","status-publish","format-standard","has-post-thumbnail","hentry","category-comunidade","category-destaques","category-noticias"],"yoast_head":"<!-- This site is optimized with the Yoast SEO plugin v20.5 - https:\/\/yoast.com\/wordpress\/plugins\/seo\/ -->\n<title>Reintegra\u00e7\u00e3o de posse no Porto Belo tem \u00f4nibus incendiado - O Timoneiro Jornal Canoas RS<\/title>\n<meta name=\"robots\" content=\"index, follow, max-snippet:-1, max-image-preview:large, max-video-preview:-1\" \/>\n<link rel=\"canonical\" href=\"https:\/\/jornaltimoneiro.com.br\/index.php\/2015\/09\/14\/reintegracao-de-posse-no-porto-belo-tem-onibus-incendiado\/\" \/>\n<meta property=\"og:locale\" content=\"pt_BR\" \/>\n<meta property=\"og:type\" content=\"article\" \/>\n<meta property=\"og:title\" content=\"Reintegra\u00e7\u00e3o de posse no Porto Belo tem \u00f4nibus incendiado - O Timoneiro Jornal Canoas RS\" \/>\n<meta property=\"og:description\" content=\"Moradores reclamam que n\u00e3o tem para onde ir ap\u00f3s retomada de terreno da Prefeitura\" \/>\n<meta property=\"og:url\" content=\"https:\/\/jornaltimoneiro.com.br\/index.php\/2015\/09\/14\/reintegracao-de-posse-no-porto-belo-tem-onibus-incendiado\/\" \/>\n<meta property=\"og:site_name\" content=\"O Timoneiro Jornal Canoas RS\" \/>\n<meta property=\"article:publisher\" content=\"https:\/\/www.facebook.com\/jornaltimoneiro\" \/>\n<meta property=\"article:published_time\" content=\"2015-09-14T18:48:48+00:00\" \/>\n<meta name=\"author\" content=\"Reda\u00e7\u00e3o\" \/>\n<meta name=\"twitter:card\" content=\"summary_large_image\" \/>\n<meta name=\"twitter:creator\" content=\"@_OTimoneiro\" \/>\n<meta name=\"twitter:site\" content=\"@_OTimoneiro\" \/>\n<meta name=\"twitter:label1\" content=\"Escrito por\" \/>\n\t<meta name=\"twitter:data1\" content=\"Reda\u00e7\u00e3o\" \/>\n\t<meta name=\"twitter:label2\" content=\"Est. tempo de leitura\" \/>\n\t<meta name=\"twitter:data2\" content=\"4 minutos\" \/>\n<script type=\"application\/ld+json\" class=\"yoast-schema-graph\">{\"@context\":\"https:\/\/schema.org\",\"@graph\":[{\"@type\":\"Article\",\"@id\":\"https:\/\/jornaltimoneiro.com.br\/index.php\/2015\/09\/14\/reintegracao-de-posse-no-porto-belo-tem-onibus-incendiado\/#article\",\"isPartOf\":{\"@id\":\"https:\/\/jornaltimoneiro.com.br\/index.php\/2015\/09\/14\/reintegracao-de-posse-no-porto-belo-tem-onibus-incendiado\/\"},\"author\":{\"name\":\"Reda\u00e7\u00e3o\",\"@id\":\"https:\/\/jornaltimoneiro.com.br\/#\/schema\/person\/620efd1d8244466117482be494360b08\"},\"headline\":\"Reintegra\u00e7\u00e3o de posse no Porto Belo tem \u00f4nibus incendiado\",\"datePublished\":\"2015-09-14T18:48:48+00:00\",\"dateModified\":\"2015-09-14T18:48:48+00:00\",\"mainEntityOfPage\":{\"@id\":\"https:\/\/jornaltimoneiro.com.br\/index.php\/2015\/09\/14\/reintegracao-de-posse-no-porto-belo-tem-onibus-incendiado\/\"},\"wordCount\":764,\"commentCount\":0,\"publisher\":{\"@id\":\"https:\/\/jornaltimoneiro.com.br\/#organization\"},\"articleSection\":[\"Comunidade\",\"Destaques\",\"Not\u00edcias\"],\"inLanguage\":\"pt-BR\",\"potentialAction\":[{\"@type\":\"CommentAction\",\"name\":\"Comment\",\"target\":[\"https:\/\/jornaltimoneiro.com.br\/index.php\/2015\/09\/14\/reintegracao-de-posse-no-porto-belo-tem-onibus-incendiado\/#respond\"]}]},{\"@type\":\"WebPage\",\"@id\":\"https:\/\/jornaltimoneiro.com.br\/index.php\/2015\/09\/14\/reintegracao-de-posse-no-porto-belo-tem-onibus-incendiado\/\",\"url\":\"https:\/\/jornaltimoneiro.com.br\/index.php\/2015\/09\/14\/reintegracao-de-posse-no-porto-belo-tem-onibus-incendiado\/\",\"name\":\"Reintegra\u00e7\u00e3o de posse no Porto Belo tem \u00f4nibus incendiado - O Timoneiro Jornal Canoas RS\",\"isPartOf\":{\"@id\":\"https:\/\/jornaltimoneiro.com.br\/#website\"},\"datePublished\":\"2015-09-14T18:48:48+00:00\",\"dateModified\":\"2015-09-14T18:48:48+00:00\",\"breadcrumb\":{\"@id\":\"https:\/\/jornaltimoneiro.com.br\/index.php\/2015\/09\/14\/reintegracao-de-posse-no-porto-belo-tem-onibus-incendiado\/#breadcrumb\"},\"inLanguage\":\"pt-BR\",\"potentialAction\":[{\"@type\":\"ReadAction\",\"target\":[\"https:\/\/jornaltimoneiro.com.br\/index.php\/2015\/09\/14\/reintegracao-de-posse-no-porto-belo-tem-onibus-incendiado\/\"]}]},{\"@type\":\"BreadcrumbList\",\"@id\":\"https:\/\/jornaltimoneiro.com.br\/index.php\/2015\/09\/14\/reintegracao-de-posse-no-porto-belo-tem-onibus-incendiado\/#breadcrumb\",\"itemListElement\":[{\"@type\":\"ListItem\",\"position\":1,\"name\":\"In\u00edcio\",\"item\":\"https:\/\/jornaltimoneiro.com.br\/\"},{\"@type\":\"ListItem\",\"position\":2,\"name\":\"Reintegra\u00e7\u00e3o de posse no Porto Belo tem \u00f4nibus incendiado\"}]},{\"@type\":\"WebSite\",\"@id\":\"https:\/\/jornaltimoneiro.com.br\/#website\",\"url\":\"https:\/\/jornaltimoneiro.com.br\/\",\"name\":\"Jornal Timoneiro Canoas RS\",\"description\":\"Jornal O Timoneiro, o verdadeiro jornal de Canoas\",\"publisher\":{\"@id\":\"https:\/\/jornaltimoneiro.com.br\/#organization\"},\"potentialAction\":[{\"@type\":\"SearchAction\",\"target\":{\"@type\":\"EntryPoint\",\"urlTemplate\":\"https:\/\/jornaltimoneiro.com.br\/?s={search_term_string}\"},\"query-input\":\"required name=search_term_string\"}],\"inLanguage\":\"pt-BR\"},{\"@type\":\"Organization\",\"@id\":\"https:\/\/jornaltimoneiro.com.br\/#organization\",\"name\":\"Jornal Timoneiro Canoas RS\",\"url\":\"https:\/\/jornaltimoneiro.com.br\/\",\"logo\":{\"@type\":\"ImageObject\",\"inLanguage\":\"pt-BR\",\"@id\":\"https:\/\/jornaltimoneiro.com.br\/#\/schema\/logo\/image\/\",\"url\":\"https:\/\/jornaltimoneiro.com.br\/wp-content\/uploads\/2023\/03\/logonovo.png\",\"contentUrl\":\"https:\/\/jornaltimoneiro.com.br\/wp-content\/uploads\/2023\/03\/logonovo.png\",\"width\":\"469\",\"height\":\"171\",\"caption\":\"Jornal Timoneiro Canoas RS\"},\"image\":{\"@id\":\"https:\/\/jornaltimoneiro.com.br\/#\/schema\/logo\/image\/\"},\"sameAs\":[\"https:\/\/www.facebook.com\/jornaltimoneiro\",\"https:\/\/twitter.com\/_OTimoneiro\",\"https:\/\/www.instagram.com\/jornaltimoneirocanoas\/\",\"https:\/\/www.youtube.com\/@jornalotimoneiro7927\"]},{\"@type\":\"Person\",\"@id\":\"https:\/\/jornaltimoneiro.com.br\/#\/schema\/person\/620efd1d8244466117482be494360b08\",\"name\":\"Reda\u00e7\u00e3o\",\"image\":{\"@type\":\"ImageObject\",\"inLanguage\":\"pt-BR\",\"@id\":\"https:\/\/jornaltimoneiro.com.br\/#\/schema\/person\/image\/\",\"url\":\"https:\/\/secure.gravatar.com\/avatar\/2f04e1b304682a8d9db336c7acd77f08?s=96&d=mm&r=g\",\"contentUrl\":\"https:\/\/secure.gravatar.com\/avatar\/2f04e1b304682a8d9db336c7acd77f08?s=96&d=mm&r=g\",\"caption\":\"Reda\u00e7\u00e3o\"},\"url\":\"https:\/\/jornaltimoneiro.com.br\/index.php\/author\/timoneirocanoas\/\"}]}<\/script>\n<!-- \/ Yoast SEO plugin. -->","yoast_head_json":{"title":"Reintegra\u00e7\u00e3o de posse no Porto Belo tem \u00f4nibus incendiado - O Timoneiro Jornal Canoas RS","robots":{"index":"index","follow":"follow","max-snippet":"max-snippet:-1","max-image-preview":"max-image-preview:large","max-video-preview":"max-video-preview:-1"},"canonical":"https:\/\/jornaltimoneiro.com.br\/index.php\/2015\/09\/14\/reintegracao-de-posse-no-porto-belo-tem-onibus-incendiado\/","og_locale":"pt_BR","og_type":"article","og_title":"Reintegra\u00e7\u00e3o de posse no Porto Belo tem \u00f4nibus incendiado - O Timoneiro Jornal Canoas RS","og_description":"Moradores reclamam que n\u00e3o tem para onde ir ap\u00f3s retomada de terreno da Prefeitura","og_url":"https:\/\/jornaltimoneiro.com.br\/index.php\/2015\/09\/14\/reintegracao-de-posse-no-porto-belo-tem-onibus-incendiado\/","og_site_name":"O Timoneiro Jornal Canoas RS","article_publisher":"https:\/\/www.facebook.com\/jornaltimoneiro","article_published_time":"2015-09-14T18:48:48+00:00","author":"Reda\u00e7\u00e3o","twitter_card":"summary_large_image","twitter_creator":"@_OTimoneiro","twitter_site":"@_OTimoneiro","twitter_misc":{"Escrito por":"Reda\u00e7\u00e3o","Est. tempo de leitura":"4 minutos"},"schema":{"@context":"https:\/\/schema.org","@graph":[{"@type":"Article","@id":"https:\/\/jornaltimoneiro.com.br\/index.php\/2015\/09\/14\/reintegracao-de-posse-no-porto-belo-tem-onibus-incendiado\/#article","isPartOf":{"@id":"https:\/\/jornaltimoneiro.com.br\/index.php\/2015\/09\/14\/reintegracao-de-posse-no-porto-belo-tem-onibus-incendiado\/"},"author":{"name":"Reda\u00e7\u00e3o","@id":"https:\/\/jornaltimoneiro.com.br\/#\/schema\/person\/620efd1d8244466117482be494360b08"},"headline":"Reintegra\u00e7\u00e3o de posse no Porto Belo tem \u00f4nibus incendiado","datePublished":"2015-09-14T18:48:48+00:00","dateModified":"2015-09-14T18:48:48+00:00","mainEntityOfPage":{"@id":"https:\/\/jornaltimoneiro.com.br\/index.php\/2015\/09\/14\/reintegracao-de-posse-no-porto-belo-tem-onibus-incendiado\/"},"wordCount":764,"commentCount":0,"publisher":{"@id":"https:\/\/jornaltimoneiro.com.br\/#organization"},"articleSection":["Comunidade","Destaques","Not\u00edcias"],"inLanguage":"pt-BR","potentialAction":[{"@type":"CommentAction","name":"Comment","target":["https:\/\/jornaltimoneiro.com.br\/index.php\/2015\/09\/14\/reintegracao-de-posse-no-porto-belo-tem-onibus-incendiado\/#respond"]}]},{"@type":"WebPage","@id":"https:\/\/jornaltimoneiro.com.br\/index.php\/2015\/09\/14\/reintegracao-de-posse-no-porto-belo-tem-onibus-incendiado\/","url":"https:\/\/jornaltimoneiro.com.br\/index.php\/2015\/09\/14\/reintegracao-de-posse-no-porto-belo-tem-onibus-incendiado\/","name":"Reintegra\u00e7\u00e3o de posse no Porto Belo tem \u00f4nibus incendiado - O Timoneiro Jornal Canoas RS","isPartOf":{"@id":"https:\/\/jornaltimoneiro.com.br\/#website"},"datePublished":"2015-09-14T18:48:48+00:00","dateModified":"2015-09-14T18:48:48+00:00","breadcrumb":{"@id":"https:\/\/jornaltimoneiro.com.br\/index.php\/2015\/09\/14\/reintegracao-de-posse-no-porto-belo-tem-onibus-incendiado\/#breadcrumb"},"inLanguage":"pt-BR","potentialAction":[{"@type":"ReadAction","target":["https:\/\/jornaltimoneiro.com.br\/index.php\/2015\/09\/14\/reintegracao-de-posse-no-porto-belo-tem-onibus-incendiado\/"]}]},{"@type":"BreadcrumbList","@id":"https:\/\/jornaltimoneiro.com.br\/index.php\/2015\/09\/14\/reintegracao-de-posse-no-porto-belo-tem-onibus-incendiado\/#breadcrumb","itemListElement":[{"@type":"ListItem","position":1,"name":"In\u00edcio","item":"https:\/\/jornaltimoneiro.com.br\/"},{"@type":"ListItem","position":2,"name":"Reintegra\u00e7\u00e3o de posse no Porto Belo tem \u00f4nibus incendiado"}]},{"@type":"WebSite","@id":"https:\/\/jornaltimoneiro.com.br\/#website","url":"https:\/\/jornaltimoneiro.com.br\/","name":"Jornal Timoneiro Canoas RS","description":"Jornal O Timoneiro, o verdadeiro jornal de Canoas","publisher":{"@id":"https:\/\/jornaltimoneiro.com.br\/#organization"},"potentialAction":[{"@type":"SearchAction","target":{"@type":"EntryPoint","urlTemplate":"https:\/\/jornaltimoneiro.com.br\/?s={search_term_string}"},"query-input":"required name=search_term_string"}],"inLanguage":"pt-BR"},{"@type":"Organization","@id":"https:\/\/jornaltimoneiro.com.br\/#organization","name":"Jornal Timoneiro Canoas RS","url":"https:\/\/jornaltimoneiro.com.br\/","logo":{"@type":"ImageObject","inLanguage":"pt-BR","@id":"https:\/\/jornaltimoneiro.com.br\/#\/schema\/logo\/image\/","url":"https:\/\/jornaltimoneiro.com.br\/wp-content\/uploads\/2023\/03\/logonovo.png","contentUrl":"https:\/\/jornaltimoneiro.com.br\/wp-content\/uploads\/2023\/03\/logonovo.png","width":"469","height":"171","caption":"Jornal Timoneiro Canoas RS"},"image":{"@id":"https:\/\/jornaltimoneiro.com.br\/#\/schema\/logo\/image\/"},"sameAs":["https:\/\/www.facebook.com\/jornaltimoneiro","https:\/\/twitter.com\/_OTimoneiro","https:\/\/www.instagram.com\/jornaltimoneirocanoas\/","https:\/\/www.youtube.com\/@jornalotimoneiro7927"]},{"@type":"Person","@id":"https:\/\/jornaltimoneiro.com.br\/#\/schema\/person\/620efd1d8244466117482be494360b08","name":"Reda\u00e7\u00e3o","image":{"@type":"ImageObject","inLanguage":"pt-BR","@id":"https:\/\/jornaltimoneiro.com.br\/#\/schema\/person\/image\/","url":"https:\/\/secure.gravatar.com\/avatar\/2f04e1b304682a8d9db336c7acd77f08?s=96&d=mm&r=g","contentUrl":"https:\/\/secure.gravatar.com\/avatar\/2f04e1b304682a8d9db336c7acd77f08?s=96&d=mm&r=g","caption":"Reda\u00e7\u00e3o"},"url":"https:\/\/jornaltimoneiro.com.br\/index.php\/author\/timoneirocanoas\/"}]}},"_links":{"self":[{"href":"https:\/\/jornaltimoneiro.com.br\/index.php\/wp-json\/wp\/v2\/posts\/1111"}],"collection":[{"href":"https:\/\/jornaltimoneiro.com.br\/index.php\/wp-json\/wp\/v2\/posts"}],"about":[{"href":"https:\/\/jornaltimoneiro.com.br\/index.php\/wp-json\/wp\/v2\/types\/post"}],"author":[{"embeddable":true,"href":"https:\/\/jornaltimoneiro.com.br\/index.php\/wp-json\/wp\/v2\/users\/1"}],"replies":[{"embeddable":true,"href":"https:\/\/jornaltimoneiro.com.br\/index.php\/wp-json\/wp\/v2\/comments?post=1111"}],"version-history":[{"count":0,"href":"https:\/\/jornaltimoneiro.com.br\/index.php\/wp-json\/wp\/v2\/posts\/1111\/revisions"}],"wp:featuredmedia":[{"embeddable":true,"href":"https:\/\/jornaltimoneiro.com.br\/index.php\/wp-json\/"}],"wp:attachment":[{"href":"https:\/\/jornaltimoneiro.com.br\/index.php\/wp-json\/wp\/v2\/media?parent=1111"}],"wp:term":[{"taxonomy":"category","embeddable":true,"href":"https:\/\/jornaltimoneiro.com.br\/index.php\/wp-json\/wp\/v2\/categories?post=1111"},{"taxonomy":"post_tag","embeddable":true,"href":"https:\/\/jornaltimoneiro.com.br\/index.php\/wp-json\/wp\/v2\/tags?post=1111"}],"curies":[{"name":"wp","href":"https:\/\/api.w.org\/{rel}","templated":true}]}}