{"id":10907,"date":"2018-08-31T11:05:41","date_gmt":"2018-08-31T14:05:41","guid":{"rendered":"http:\/\/otimoneiro.com.br\/?p=10907"},"modified":"2018-08-31T11:05:41","modified_gmt":"2018-08-31T14:05:41","slug":"vida-pessoal-tem-que-estar-bem-para-termos-sucesso-profissional","status":"publish","type":"post","link":"https:\/\/jornaltimoneiro.com.br\/index.php\/2018\/08\/31\/vida-pessoal-tem-que-estar-bem-para-termos-sucesso-profissional\/","title":{"rendered":"\u201cA vida pessoal tem que estar bem para termos sucesso profissional\u201d"},"content":{"rendered":"<p><img decoding=\"async\" class=\"aligncenter size-full wp-image-10908\" src=\"http:\/\/otimoneiro.com.br\/wp-content\/uploads\/2018\/08\/abertura-3.jpg\" alt=\"\" width=\"913\" height=\"960\" \/><\/p>\n<p>Milena Klein \u00e9 life coach h\u00e1 dois anos, mas garante que oferece os resultados de um coach de sete anos no mercado, j\u00e1 que entendeu a import\u00e2ncia de perseguir seus objetivos e trabalha diariamente para ser a melhor coach de Canoas. \u201cHoje eu ajudo a formar novos coachs da escola que eu me formei, j\u00e1 que sou um case de sucesso deles. Abri a minha sala no meio da crise, no ano passado. Mas eu vi uma oportunidade de trabalho para coach, j\u00e1 que hoje em cada 10 pessoas, apenas tr\u00eas est\u00e3o satisfeitas com as vidas que t\u00eam\u201d.<\/p>\n<p>\u201cAos 12 anos eu descobri que tenho diabetes tipo 1. Mais tarde, logo depois que eu casei, sofri um acidente e fraturei a coluna em dois lugares, depois meu marido se acidentou. Ent\u00e3o \u00e0 primeira vista a minha hist\u00f3ria parece tr\u00e1gica, mas n\u00e3o \u00e9, ela \u00e9 de supera\u00e7\u00e3o. Eu enxergo que o objetivo do meu trabalho \u00e9 ajudar a fazer uma cidade melhor, onde as pessoas possam viver melhor e conviver melhor. Quando uma pessoa sai daqui mais realizada ela vai devolver para a sociedade o que ela est\u00e1 recebendo aqui e isso \u00e9 muito gratificante\u201d, conta.<\/p>\n<p>Quem quiser contratar os servi\u00e7os de coach de Milena, pode entrar em contato pelo telefone: (51) 98539-8452. Ela atende na Av. Inconfid\u00eancia, 650, sala 1014.<\/p>\n<p><strong>Acorda meu amigo<\/strong><\/p>\n<p>O projeto Acorda Meu Amigo nasceu da percep\u00e7\u00e3o de Milena de que nem todas as pessoas que necessitam de seus servi\u00e7os teriam condi\u00e7\u00f5es de contratar seus servi\u00e7os. O projeto no instagram @acordameuamigo consiste na publica\u00e7\u00e3o de v\u00eddeos di\u00e1rios, nos quais a coach d\u00e1 dicas pontuais visando a melhoria da vida das pessoas. \u201cO projeto s\u00f3 funciona por que eu sei para que eu estou desenvolvendo. Se eu pensasse \u201cvou fazer um instagram para postar v\u00eddeos pra galera\u201d, eu talvez n\u00e3o postasse todo dia. \u201cMas se eu tenho certeza de que se a pessoa olhar meu v\u00eddeo ela vai deixar de ser grossa com algu\u00e9m ou produzir mais no trabalho, a minha motiva\u00e7\u00e3o para postar \u00e9 muito maior\u201d, explica.<\/p>\n","protected":false},"excerpt":{"rendered":"<p>Milena Klein \u00e9 life coach h\u00e1 dois anos, mas garante que oferece os resultados de um coach de sete anos no mercado, j\u00e1 que entendeu a import\u00e2ncia de perseguir seus objetivos e trabalha diariamente para ser a melhor coach de Canoas. \u201cHoje eu ajudo a formar novos coachs da escola que eu me formei, j\u00e1 [&hellip;]<\/p>\n","protected":false},"author":1,"featured_media":10908,"comment_status":"closed","ping_status":"open","sticky":false,"template":"","format":"standard","meta":{"amp_status":"","footnotes":""},"categories":[19],"tags":[],"class_list":["post-10907","post","type-post","status-publish","format-standard","has-post-thumbnail","hentry","category-destaques"],"yoast_head":"<!-- This site is optimized with the Yoast SEO plugin v20.5 - https:\/\/yoast.com\/wordpress\/plugins\/seo\/ -->\n<title>\u201cA vida pessoal tem que estar bem para termos sucesso profissional\u201d - O Timoneiro Jornal Canoas RS<\/title>\n<meta name=\"robots\" content=\"index, follow, max-snippet:-1, max-image-preview:large, max-video-preview:-1\" \/>\n<link rel=\"canonical\" href=\"https:\/\/jornaltimoneiro.com.br\/index.php\/2018\/08\/31\/vida-pessoal-tem-que-estar-bem-para-termos-sucesso-profissional\/\" \/>\n<meta property=\"og:locale\" content=\"pt_BR\" \/>\n<meta property=\"og:type\" content=\"article\" \/>\n<meta property=\"og:title\" content=\"\u201cA vida pessoal tem que estar bem para termos sucesso profissional\u201d - O Timoneiro Jornal Canoas RS\" \/>\n<meta property=\"og:description\" content=\"Milena Klein \u00e9 life coach h\u00e1 dois anos, mas garante que oferece os resultados de um coach de sete anos no mercado, j\u00e1 que entendeu a import\u00e2ncia de perseguir seus objetivos e trabalha diariamente para ser a melhor coach de Canoas. \u201cHoje eu ajudo a formar novos coachs da escola que eu me formei, j\u00e1 [&hellip;]\" \/>\n<meta property=\"og:url\" content=\"https:\/\/jornaltimoneiro.com.br\/index.php\/2018\/08\/31\/vida-pessoal-tem-que-estar-bem-para-termos-sucesso-profissional\/\" \/>\n<meta property=\"og:site_name\" content=\"O Timoneiro Jornal Canoas RS\" \/>\n<meta property=\"article:publisher\" content=\"https:\/\/www.facebook.com\/jornaltimoneiro\" \/>\n<meta property=\"article:published_time\" content=\"2018-08-31T14:05:41+00:00\" \/>\n<meta name=\"author\" content=\"Reda\u00e7\u00e3o\" \/>\n<meta name=\"twitter:card\" content=\"summary_large_image\" \/>\n<meta name=\"twitter:creator\" content=\"@_OTimoneiro\" \/>\n<meta name=\"twitter:site\" content=\"@_OTimoneiro\" \/>\n<meta name=\"twitter:label1\" content=\"Escrito por\" \/>\n\t<meta name=\"twitter:data1\" content=\"Reda\u00e7\u00e3o\" \/>\n\t<meta name=\"twitter:label2\" content=\"Est. tempo de leitura\" \/>\n\t<meta name=\"twitter:data2\" content=\"2 minutos\" \/>\n<script type=\"application\/ld+json\" class=\"yoast-schema-graph\">{\"@context\":\"https:\/\/schema.org\",\"@graph\":[{\"@type\":\"Article\",\"@id\":\"https:\/\/jornaltimoneiro.com.br\/index.php\/2018\/08\/31\/vida-pessoal-tem-que-estar-bem-para-termos-sucesso-profissional\/#article\",\"isPartOf\":{\"@id\":\"https:\/\/jornaltimoneiro.com.br\/index.php\/2018\/08\/31\/vida-pessoal-tem-que-estar-bem-para-termos-sucesso-profissional\/\"},\"author\":{\"name\":\"Reda\u00e7\u00e3o\",\"@id\":\"https:\/\/jornaltimoneiro.com.br\/#\/schema\/person\/620efd1d8244466117482be494360b08\"},\"headline\":\"\u201cA vida pessoal tem que estar bem para termos sucesso profissional\u201d\",\"datePublished\":\"2018-08-31T14:05:41+00:00\",\"dateModified\":\"2018-08-31T14:05:41+00:00\",\"mainEntityOfPage\":{\"@id\":\"https:\/\/jornaltimoneiro.com.br\/index.php\/2018\/08\/31\/vida-pessoal-tem-que-estar-bem-para-termos-sucesso-profissional\/\"},\"wordCount\":362,\"publisher\":{\"@id\":\"https:\/\/jornaltimoneiro.com.br\/#organization\"},\"articleSection\":[\"Destaques\"],\"inLanguage\":\"pt-BR\"},{\"@type\":\"WebPage\",\"@id\":\"https:\/\/jornaltimoneiro.com.br\/index.php\/2018\/08\/31\/vida-pessoal-tem-que-estar-bem-para-termos-sucesso-profissional\/\",\"url\":\"https:\/\/jornaltimoneiro.com.br\/index.php\/2018\/08\/31\/vida-pessoal-tem-que-estar-bem-para-termos-sucesso-profissional\/\",\"name\":\"\u201cA vida pessoal tem que estar bem para termos sucesso profissional\u201d - O Timoneiro Jornal Canoas RS\",\"isPartOf\":{\"@id\":\"https:\/\/jornaltimoneiro.com.br\/#website\"},\"datePublished\":\"2018-08-31T14:05:41+00:00\",\"dateModified\":\"2018-08-31T14:05:41+00:00\",\"breadcrumb\":{\"@id\":\"https:\/\/jornaltimoneiro.com.br\/index.php\/2018\/08\/31\/vida-pessoal-tem-que-estar-bem-para-termos-sucesso-profissional\/#breadcrumb\"},\"inLanguage\":\"pt-BR\",\"potentialAction\":[{\"@type\":\"ReadAction\",\"target\":[\"https:\/\/jornaltimoneiro.com.br\/index.php\/2018\/08\/31\/vida-pessoal-tem-que-estar-bem-para-termos-sucesso-profissional\/\"]}]},{\"@type\":\"BreadcrumbList\",\"@id\":\"https:\/\/jornaltimoneiro.com.br\/index.php\/2018\/08\/31\/vida-pessoal-tem-que-estar-bem-para-termos-sucesso-profissional\/#breadcrumb\",\"itemListElement\":[{\"@type\":\"ListItem\",\"position\":1,\"name\":\"In\u00edcio\",\"item\":\"https:\/\/jornaltimoneiro.com.br\/\"},{\"@type\":\"ListItem\",\"position\":2,\"name\":\"\u201cA vida pessoal tem que estar bem para termos sucesso profissional\u201d\"}]},{\"@type\":\"WebSite\",\"@id\":\"https:\/\/jornaltimoneiro.com.br\/#website\",\"url\":\"https:\/\/jornaltimoneiro.com.br\/\",\"name\":\"Jornal Timoneiro Canoas RS\",\"description\":\"Jornal O Timoneiro, o verdadeiro jornal de Canoas\",\"publisher\":{\"@id\":\"https:\/\/jornaltimoneiro.com.br\/#organization\"},\"potentialAction\":[{\"@type\":\"SearchAction\",\"target\":{\"@type\":\"EntryPoint\",\"urlTemplate\":\"https:\/\/jornaltimoneiro.com.br\/?s={search_term_string}\"},\"query-input\":\"required name=search_term_string\"}],\"inLanguage\":\"pt-BR\"},{\"@type\":\"Organization\",\"@id\":\"https:\/\/jornaltimoneiro.com.br\/#organization\",\"name\":\"Jornal Timoneiro Canoas RS\",\"url\":\"https:\/\/jornaltimoneiro.com.br\/\",\"logo\":{\"@type\":\"ImageObject\",\"inLanguage\":\"pt-BR\",\"@id\":\"https:\/\/jornaltimoneiro.com.br\/#\/schema\/logo\/image\/\",\"url\":\"https:\/\/jornaltimoneiro.com.br\/wp-content\/uploads\/2023\/03\/logonovo.png\",\"contentUrl\":\"https:\/\/jornaltimoneiro.com.br\/wp-content\/uploads\/2023\/03\/logonovo.png\",\"width\":\"469\",\"height\":\"171\",\"caption\":\"Jornal Timoneiro Canoas RS\"},\"image\":{\"@id\":\"https:\/\/jornaltimoneiro.com.br\/#\/schema\/logo\/image\/\"},\"sameAs\":[\"https:\/\/www.facebook.com\/jornaltimoneiro\",\"https:\/\/twitter.com\/_OTimoneiro\",\"https:\/\/www.instagram.com\/jornaltimoneirocanoas\/\",\"https:\/\/www.youtube.com\/@jornalotimoneiro7927\"]},{\"@type\":\"Person\",\"@id\":\"https:\/\/jornaltimoneiro.com.br\/#\/schema\/person\/620efd1d8244466117482be494360b08\",\"name\":\"Reda\u00e7\u00e3o\",\"image\":{\"@type\":\"ImageObject\",\"inLanguage\":\"pt-BR\",\"@id\":\"https:\/\/jornaltimoneiro.com.br\/#\/schema\/person\/image\/\",\"url\":\"https:\/\/secure.gravatar.com\/avatar\/2f04e1b304682a8d9db336c7acd77f08?s=96&d=mm&r=g\",\"contentUrl\":\"https:\/\/secure.gravatar.com\/avatar\/2f04e1b304682a8d9db336c7acd77f08?s=96&d=mm&r=g\",\"caption\":\"Reda\u00e7\u00e3o\"},\"url\":\"https:\/\/jornaltimoneiro.com.br\/index.php\/author\/timoneirocanoas\/\"}]}<\/script>\n<!-- \/ Yoast SEO plugin. -->","yoast_head_json":{"title":"\u201cA vida pessoal tem que estar bem para termos sucesso profissional\u201d - O Timoneiro Jornal Canoas RS","robots":{"index":"index","follow":"follow","max-snippet":"max-snippet:-1","max-image-preview":"max-image-preview:large","max-video-preview":"max-video-preview:-1"},"canonical":"https:\/\/jornaltimoneiro.com.br\/index.php\/2018\/08\/31\/vida-pessoal-tem-que-estar-bem-para-termos-sucesso-profissional\/","og_locale":"pt_BR","og_type":"article","og_title":"\u201cA vida pessoal tem que estar bem para termos sucesso profissional\u201d - O Timoneiro Jornal Canoas RS","og_description":"Milena Klein \u00e9 life coach h\u00e1 dois anos, mas garante que oferece os resultados de um coach de sete anos no mercado, j\u00e1 que entendeu a import\u00e2ncia de perseguir seus objetivos e trabalha diariamente para ser a melhor coach de Canoas. \u201cHoje eu ajudo a formar novos coachs da escola que eu me formei, j\u00e1 [&hellip;]","og_url":"https:\/\/jornaltimoneiro.com.br\/index.php\/2018\/08\/31\/vida-pessoal-tem-que-estar-bem-para-termos-sucesso-profissional\/","og_site_name":"O Timoneiro Jornal Canoas RS","article_publisher":"https:\/\/www.facebook.com\/jornaltimoneiro","article_published_time":"2018-08-31T14:05:41+00:00","author":"Reda\u00e7\u00e3o","twitter_card":"summary_large_image","twitter_creator":"@_OTimoneiro","twitter_site":"@_OTimoneiro","twitter_misc":{"Escrito por":"Reda\u00e7\u00e3o","Est. tempo de leitura":"2 minutos"},"schema":{"@context":"https:\/\/schema.org","@graph":[{"@type":"Article","@id":"https:\/\/jornaltimoneiro.com.br\/index.php\/2018\/08\/31\/vida-pessoal-tem-que-estar-bem-para-termos-sucesso-profissional\/#article","isPartOf":{"@id":"https:\/\/jornaltimoneiro.com.br\/index.php\/2018\/08\/31\/vida-pessoal-tem-que-estar-bem-para-termos-sucesso-profissional\/"},"author":{"name":"Reda\u00e7\u00e3o","@id":"https:\/\/jornaltimoneiro.com.br\/#\/schema\/person\/620efd1d8244466117482be494360b08"},"headline":"\u201cA vida pessoal tem que estar bem para termos sucesso profissional\u201d","datePublished":"2018-08-31T14:05:41+00:00","dateModified":"2018-08-31T14:05:41+00:00","mainEntityOfPage":{"@id":"https:\/\/jornaltimoneiro.com.br\/index.php\/2018\/08\/31\/vida-pessoal-tem-que-estar-bem-para-termos-sucesso-profissional\/"},"wordCount":362,"publisher":{"@id":"https:\/\/jornaltimoneiro.com.br\/#organization"},"articleSection":["Destaques"],"inLanguage":"pt-BR"},{"@type":"WebPage","@id":"https:\/\/jornaltimoneiro.com.br\/index.php\/2018\/08\/31\/vida-pessoal-tem-que-estar-bem-para-termos-sucesso-profissional\/","url":"https:\/\/jornaltimoneiro.com.br\/index.php\/2018\/08\/31\/vida-pessoal-tem-que-estar-bem-para-termos-sucesso-profissional\/","name":"\u201cA vida pessoal tem que estar bem para termos sucesso profissional\u201d - O Timoneiro Jornal Canoas RS","isPartOf":{"@id":"https:\/\/jornaltimoneiro.com.br\/#website"},"datePublished":"2018-08-31T14:05:41+00:00","dateModified":"2018-08-31T14:05:41+00:00","breadcrumb":{"@id":"https:\/\/jornaltimoneiro.com.br\/index.php\/2018\/08\/31\/vida-pessoal-tem-que-estar-bem-para-termos-sucesso-profissional\/#breadcrumb"},"inLanguage":"pt-BR","potentialAction":[{"@type":"ReadAction","target":["https:\/\/jornaltimoneiro.com.br\/index.php\/2018\/08\/31\/vida-pessoal-tem-que-estar-bem-para-termos-sucesso-profissional\/"]}]},{"@type":"BreadcrumbList","@id":"https:\/\/jornaltimoneiro.com.br\/index.php\/2018\/08\/31\/vida-pessoal-tem-que-estar-bem-para-termos-sucesso-profissional\/#breadcrumb","itemListElement":[{"@type":"ListItem","position":1,"name":"In\u00edcio","item":"https:\/\/jornaltimoneiro.com.br\/"},{"@type":"ListItem","position":2,"name":"\u201cA vida pessoal tem que estar bem para termos sucesso profissional\u201d"}]},{"@type":"WebSite","@id":"https:\/\/jornaltimoneiro.com.br\/#website","url":"https:\/\/jornaltimoneiro.com.br\/","name":"Jornal Timoneiro Canoas RS","description":"Jornal O Timoneiro, o verdadeiro jornal de Canoas","publisher":{"@id":"https:\/\/jornaltimoneiro.com.br\/#organization"},"potentialAction":[{"@type":"SearchAction","target":{"@type":"EntryPoint","urlTemplate":"https:\/\/jornaltimoneiro.com.br\/?s={search_term_string}"},"query-input":"required name=search_term_string"}],"inLanguage":"pt-BR"},{"@type":"Organization","@id":"https:\/\/jornaltimoneiro.com.br\/#organization","name":"Jornal Timoneiro Canoas RS","url":"https:\/\/jornaltimoneiro.com.br\/","logo":{"@type":"ImageObject","inLanguage":"pt-BR","@id":"https:\/\/jornaltimoneiro.com.br\/#\/schema\/logo\/image\/","url":"https:\/\/jornaltimoneiro.com.br\/wp-content\/uploads\/2023\/03\/logonovo.png","contentUrl":"https:\/\/jornaltimoneiro.com.br\/wp-content\/uploads\/2023\/03\/logonovo.png","width":"469","height":"171","caption":"Jornal Timoneiro Canoas RS"},"image":{"@id":"https:\/\/jornaltimoneiro.com.br\/#\/schema\/logo\/image\/"},"sameAs":["https:\/\/www.facebook.com\/jornaltimoneiro","https:\/\/twitter.com\/_OTimoneiro","https:\/\/www.instagram.com\/jornaltimoneirocanoas\/","https:\/\/www.youtube.com\/@jornalotimoneiro7927"]},{"@type":"Person","@id":"https:\/\/jornaltimoneiro.com.br\/#\/schema\/person\/620efd1d8244466117482be494360b08","name":"Reda\u00e7\u00e3o","image":{"@type":"ImageObject","inLanguage":"pt-BR","@id":"https:\/\/jornaltimoneiro.com.br\/#\/schema\/person\/image\/","url":"https:\/\/secure.gravatar.com\/avatar\/2f04e1b304682a8d9db336c7acd77f08?s=96&d=mm&r=g","contentUrl":"https:\/\/secure.gravatar.com\/avatar\/2f04e1b304682a8d9db336c7acd77f08?s=96&d=mm&r=g","caption":"Reda\u00e7\u00e3o"},"url":"https:\/\/jornaltimoneiro.com.br\/index.php\/author\/timoneirocanoas\/"}]}},"_links":{"self":[{"href":"https:\/\/jornaltimoneiro.com.br\/index.php\/wp-json\/wp\/v2\/posts\/10907"}],"collection":[{"href":"https:\/\/jornaltimoneiro.com.br\/index.php\/wp-json\/wp\/v2\/posts"}],"about":[{"href":"https:\/\/jornaltimoneiro.com.br\/index.php\/wp-json\/wp\/v2\/types\/post"}],"author":[{"embeddable":true,"href":"https:\/\/jornaltimoneiro.com.br\/index.php\/wp-json\/wp\/v2\/users\/1"}],"replies":[{"embeddable":true,"href":"https:\/\/jornaltimoneiro.com.br\/index.php\/wp-json\/wp\/v2\/comments?post=10907"}],"version-history":[{"count":0,"href":"https:\/\/jornaltimoneiro.com.br\/index.php\/wp-json\/wp\/v2\/posts\/10907\/revisions"}],"wp:featuredmedia":[{"embeddable":true,"href":"https:\/\/jornaltimoneiro.com.br\/index.php\/wp-json\/"}],"wp:attachment":[{"href":"https:\/\/jornaltimoneiro.com.br\/index.php\/wp-json\/wp\/v2\/media?parent=10907"}],"wp:term":[{"taxonomy":"category","embeddable":true,"href":"https:\/\/jornaltimoneiro.com.br\/index.php\/wp-json\/wp\/v2\/categories?post=10907"},{"taxonomy":"post_tag","embeddable":true,"href":"https:\/\/jornaltimoneiro.com.br\/index.php\/wp-json\/wp\/v2\/tags?post=10907"}],"curies":[{"name":"wp","href":"https:\/\/api.w.org\/{rel}","templated":true}]}}