{"id":10885,"date":"2018-08-27T16:31:32","date_gmt":"2018-08-27T19:31:32","guid":{"rendered":"http:\/\/otimoneiro.com.br\/?p=10885"},"modified":"2018-08-27T16:31:32","modified_gmt":"2018-08-27T19:31:32","slug":"mae-transexual-nao-consegue-registrar-filho-em-canoas","status":"publish","type":"post","link":"https:\/\/jornaltimoneiro.com.br\/index.php\/2018\/08\/27\/mae-transexual-nao-consegue-registrar-filho-em-canoas\/","title":{"rendered":"M\u00e3e transexual n\u00e3o consegue registrar filho em Canoas"},"content":{"rendered":"<div id=\"attachment_10895\" style=\"width: 1034px\" class=\"wp-caption aligncenter\"><img decoding=\"async\" aria-describedby=\"caption-attachment-10895\" class=\"wp-image-10895 size-large\" src=\"http:\/\/otimoneiro.com.br\/wp-content\/uploads\/2018\/08\/trans-1024x683.jpg\" alt=\"\" width=\"1024\" height=\"683\" \/><p id=\"caption-attachment-10895\" class=\"wp-caption-text\">O casal em ensaio de gravidez \/ Foto: Antonio Carlos<\/p><\/div>\n<p>A professora \u00c1gata Vieira Mostardeiro teve um filho com a designer de moda Chaiane Cunha, contendo o DNA das duas. \u00c1gata \u00e9 mulher trans h\u00e1 um ano e um m\u00eas.<\/p>\n<p>Por\u00e9m, segundo mat\u00e9ria da Folha de S\u00e3o Paulo, no momento de registrar a crian\u00e7a, o F\u00f3rum de Canoas, respondendo ao parecer do Minist\u00e9rio P\u00fablico, condicionou o registro da crian\u00e7a \u00e0 apresenta\u00e7\u00e3o de atestado m\u00e9dico, afirmando que \u00c1gata n\u00e3o havia alterado seu sexo biol\u00f3gico na \u00e9poca da concep\u00e7\u00e3o, portanto, \u201cteria condi\u00e7\u00f5es f\u00edsicas de ser pai\u201d.<\/p>\n<p>Ainda de acordo com a mat\u00e9ria, a Associa\u00e7\u00e3o dos Not\u00e1rios e Registradores do Brasil alegou em nota que o cart\u00f3rio n\u00e3o se recusou a realizar o registro do nascimento, e que a precau\u00e7\u00e3o do cart\u00f3rio foi um intuito de evitar preju\u00edzos \u00e0 fam\u00edlia em raz\u00e3o de eventual procedimento incorreto.<\/p>\n<p>A equipe de reportagem do jornal Timoneiro entrou em contato com Cart\u00f3rio de Registro Civil da 1\u00aa Zona, localizado no bairro Niter\u00f3i, em Canoas, mas o mesmo n\u00e3o quis comentar o assunto.<\/p>\n<p>As m\u00e3es pretendem entrar via judicial para resolver a quest\u00e3o.<\/p>\n<p>&nbsp;<\/p>\n","protected":false},"excerpt":{"rendered":"<p>A professora \u00c1gata Vieira Mostardeiro teve um filho com a designer de moda Chaiane Cunha, contendo o DNA das duas. \u00c1gata \u00e9 mulher trans h\u00e1 um ano e um m\u00eas. Por\u00e9m, segundo mat\u00e9ria da Folha de S\u00e3o Paulo, no momento de registrar a crian\u00e7a, o F\u00f3rum de Canoas, respondendo ao parecer do Minist\u00e9rio P\u00fablico, condicionou [&hellip;]<\/p>\n","protected":false},"author":1,"featured_media":10895,"comment_status":"closed","ping_status":"open","sticky":false,"template":"","format":"standard","meta":{"amp_status":"","footnotes":""},"categories":[19],"tags":[],"class_list":["post-10885","post","type-post","status-publish","format-standard","has-post-thumbnail","hentry","category-destaques"],"yoast_head":"<!-- This site is optimized with the Yoast SEO plugin v20.5 - https:\/\/yoast.com\/wordpress\/plugins\/seo\/ -->\n<title>M\u00e3e transexual n\u00e3o consegue registrar filho em Canoas - O Timoneiro Jornal Canoas RS<\/title>\n<meta name=\"robots\" content=\"index, follow, max-snippet:-1, max-image-preview:large, max-video-preview:-1\" \/>\n<link rel=\"canonical\" href=\"https:\/\/jornaltimoneiro.com.br\/index.php\/2018\/08\/27\/mae-transexual-nao-consegue-registrar-filho-em-canoas\/\" \/>\n<meta property=\"og:locale\" content=\"pt_BR\" \/>\n<meta property=\"og:type\" content=\"article\" \/>\n<meta property=\"og:title\" content=\"M\u00e3e transexual n\u00e3o consegue registrar filho em Canoas - O Timoneiro Jornal Canoas RS\" \/>\n<meta property=\"og:description\" content=\"A professora \u00c1gata Vieira Mostardeiro teve um filho com a designer de moda Chaiane Cunha, contendo o DNA das duas. \u00c1gata \u00e9 mulher trans h\u00e1 um ano e um m\u00eas. Por\u00e9m, segundo mat\u00e9ria da Folha de S\u00e3o Paulo, no momento de registrar a crian\u00e7a, o F\u00f3rum de Canoas, respondendo ao parecer do Minist\u00e9rio P\u00fablico, condicionou [&hellip;]\" \/>\n<meta property=\"og:url\" content=\"https:\/\/jornaltimoneiro.com.br\/index.php\/2018\/08\/27\/mae-transexual-nao-consegue-registrar-filho-em-canoas\/\" \/>\n<meta property=\"og:site_name\" content=\"O Timoneiro Jornal Canoas RS\" \/>\n<meta property=\"article:publisher\" content=\"https:\/\/www.facebook.com\/jornaltimoneiro\" \/>\n<meta property=\"article:published_time\" content=\"2018-08-27T19:31:32+00:00\" \/>\n<meta name=\"author\" content=\"Reda\u00e7\u00e3o\" \/>\n<meta name=\"twitter:card\" content=\"summary_large_image\" \/>\n<meta name=\"twitter:creator\" content=\"@_OTimoneiro\" \/>\n<meta name=\"twitter:site\" content=\"@_OTimoneiro\" \/>\n<meta name=\"twitter:label1\" content=\"Escrito por\" \/>\n\t<meta name=\"twitter:data1\" content=\"Reda\u00e7\u00e3o\" \/>\n\t<meta name=\"twitter:label2\" content=\"Est. tempo de leitura\" \/>\n\t<meta name=\"twitter:data2\" content=\"1 minuto\" \/>\n<script type=\"application\/ld+json\" class=\"yoast-schema-graph\">{\"@context\":\"https:\/\/schema.org\",\"@graph\":[{\"@type\":\"Article\",\"@id\":\"https:\/\/jornaltimoneiro.com.br\/index.php\/2018\/08\/27\/mae-transexual-nao-consegue-registrar-filho-em-canoas\/#article\",\"isPartOf\":{\"@id\":\"https:\/\/jornaltimoneiro.com.br\/index.php\/2018\/08\/27\/mae-transexual-nao-consegue-registrar-filho-em-canoas\/\"},\"author\":{\"name\":\"Reda\u00e7\u00e3o\",\"@id\":\"https:\/\/jornaltimoneiro.com.br\/#\/schema\/person\/620efd1d8244466117482be494360b08\"},\"headline\":\"M\u00e3e transexual n\u00e3o consegue registrar filho em Canoas\",\"datePublished\":\"2018-08-27T19:31:32+00:00\",\"dateModified\":\"2018-08-27T19:31:32+00:00\",\"mainEntityOfPage\":{\"@id\":\"https:\/\/jornaltimoneiro.com.br\/index.php\/2018\/08\/27\/mae-transexual-nao-consegue-registrar-filho-em-canoas\/\"},\"wordCount\":229,\"publisher\":{\"@id\":\"https:\/\/jornaltimoneiro.com.br\/#organization\"},\"articleSection\":[\"Destaques\"],\"inLanguage\":\"pt-BR\"},{\"@type\":\"WebPage\",\"@id\":\"https:\/\/jornaltimoneiro.com.br\/index.php\/2018\/08\/27\/mae-transexual-nao-consegue-registrar-filho-em-canoas\/\",\"url\":\"https:\/\/jornaltimoneiro.com.br\/index.php\/2018\/08\/27\/mae-transexual-nao-consegue-registrar-filho-em-canoas\/\",\"name\":\"M\u00e3e transexual n\u00e3o consegue registrar filho em Canoas - O Timoneiro Jornal Canoas RS\",\"isPartOf\":{\"@id\":\"https:\/\/jornaltimoneiro.com.br\/#website\"},\"datePublished\":\"2018-08-27T19:31:32+00:00\",\"dateModified\":\"2018-08-27T19:31:32+00:00\",\"breadcrumb\":{\"@id\":\"https:\/\/jornaltimoneiro.com.br\/index.php\/2018\/08\/27\/mae-transexual-nao-consegue-registrar-filho-em-canoas\/#breadcrumb\"},\"inLanguage\":\"pt-BR\",\"potentialAction\":[{\"@type\":\"ReadAction\",\"target\":[\"https:\/\/jornaltimoneiro.com.br\/index.php\/2018\/08\/27\/mae-transexual-nao-consegue-registrar-filho-em-canoas\/\"]}]},{\"@type\":\"BreadcrumbList\",\"@id\":\"https:\/\/jornaltimoneiro.com.br\/index.php\/2018\/08\/27\/mae-transexual-nao-consegue-registrar-filho-em-canoas\/#breadcrumb\",\"itemListElement\":[{\"@type\":\"ListItem\",\"position\":1,\"name\":\"In\u00edcio\",\"item\":\"https:\/\/jornaltimoneiro.com.br\/\"},{\"@type\":\"ListItem\",\"position\":2,\"name\":\"M\u00e3e transexual n\u00e3o consegue registrar filho em Canoas\"}]},{\"@type\":\"WebSite\",\"@id\":\"https:\/\/jornaltimoneiro.com.br\/#website\",\"url\":\"https:\/\/jornaltimoneiro.com.br\/\",\"name\":\"Jornal Timoneiro Canoas RS\",\"description\":\"Jornal O Timoneiro, o verdadeiro jornal de Canoas\",\"publisher\":{\"@id\":\"https:\/\/jornaltimoneiro.com.br\/#organization\"},\"potentialAction\":[{\"@type\":\"SearchAction\",\"target\":{\"@type\":\"EntryPoint\",\"urlTemplate\":\"https:\/\/jornaltimoneiro.com.br\/?s={search_term_string}\"},\"query-input\":\"required name=search_term_string\"}],\"inLanguage\":\"pt-BR\"},{\"@type\":\"Organization\",\"@id\":\"https:\/\/jornaltimoneiro.com.br\/#organization\",\"name\":\"Jornal Timoneiro Canoas RS\",\"url\":\"https:\/\/jornaltimoneiro.com.br\/\",\"logo\":{\"@type\":\"ImageObject\",\"inLanguage\":\"pt-BR\",\"@id\":\"https:\/\/jornaltimoneiro.com.br\/#\/schema\/logo\/image\/\",\"url\":\"https:\/\/jornaltimoneiro.com.br\/wp-content\/uploads\/2023\/03\/logonovo.png\",\"contentUrl\":\"https:\/\/jornaltimoneiro.com.br\/wp-content\/uploads\/2023\/03\/logonovo.png\",\"width\":\"469\",\"height\":\"171\",\"caption\":\"Jornal Timoneiro Canoas RS\"},\"image\":{\"@id\":\"https:\/\/jornaltimoneiro.com.br\/#\/schema\/logo\/image\/\"},\"sameAs\":[\"https:\/\/www.facebook.com\/jornaltimoneiro\",\"https:\/\/twitter.com\/_OTimoneiro\",\"https:\/\/www.instagram.com\/jornaltimoneirocanoas\/\",\"https:\/\/www.youtube.com\/@jornalotimoneiro7927\"]},{\"@type\":\"Person\",\"@id\":\"https:\/\/jornaltimoneiro.com.br\/#\/schema\/person\/620efd1d8244466117482be494360b08\",\"name\":\"Reda\u00e7\u00e3o\",\"image\":{\"@type\":\"ImageObject\",\"inLanguage\":\"pt-BR\",\"@id\":\"https:\/\/jornaltimoneiro.com.br\/#\/schema\/person\/image\/\",\"url\":\"https:\/\/secure.gravatar.com\/avatar\/2f04e1b304682a8d9db336c7acd77f08?s=96&d=mm&r=g\",\"contentUrl\":\"https:\/\/secure.gravatar.com\/avatar\/2f04e1b304682a8d9db336c7acd77f08?s=96&d=mm&r=g\",\"caption\":\"Reda\u00e7\u00e3o\"},\"url\":\"https:\/\/jornaltimoneiro.com.br\/index.php\/author\/timoneirocanoas\/\"}]}<\/script>\n<!-- \/ Yoast SEO plugin. -->","yoast_head_json":{"title":"M\u00e3e transexual n\u00e3o consegue registrar filho em Canoas - O Timoneiro Jornal Canoas RS","robots":{"index":"index","follow":"follow","max-snippet":"max-snippet:-1","max-image-preview":"max-image-preview:large","max-video-preview":"max-video-preview:-1"},"canonical":"https:\/\/jornaltimoneiro.com.br\/index.php\/2018\/08\/27\/mae-transexual-nao-consegue-registrar-filho-em-canoas\/","og_locale":"pt_BR","og_type":"article","og_title":"M\u00e3e transexual n\u00e3o consegue registrar filho em Canoas - O Timoneiro Jornal Canoas RS","og_description":"A professora \u00c1gata Vieira Mostardeiro teve um filho com a designer de moda Chaiane Cunha, contendo o DNA das duas. \u00c1gata \u00e9 mulher trans h\u00e1 um ano e um m\u00eas. Por\u00e9m, segundo mat\u00e9ria da Folha de S\u00e3o Paulo, no momento de registrar a crian\u00e7a, o F\u00f3rum de Canoas, respondendo ao parecer do Minist\u00e9rio P\u00fablico, condicionou [&hellip;]","og_url":"https:\/\/jornaltimoneiro.com.br\/index.php\/2018\/08\/27\/mae-transexual-nao-consegue-registrar-filho-em-canoas\/","og_site_name":"O Timoneiro Jornal Canoas RS","article_publisher":"https:\/\/www.facebook.com\/jornaltimoneiro","article_published_time":"2018-08-27T19:31:32+00:00","author":"Reda\u00e7\u00e3o","twitter_card":"summary_large_image","twitter_creator":"@_OTimoneiro","twitter_site":"@_OTimoneiro","twitter_misc":{"Escrito por":"Reda\u00e7\u00e3o","Est. tempo de leitura":"1 minuto"},"schema":{"@context":"https:\/\/schema.org","@graph":[{"@type":"Article","@id":"https:\/\/jornaltimoneiro.com.br\/index.php\/2018\/08\/27\/mae-transexual-nao-consegue-registrar-filho-em-canoas\/#article","isPartOf":{"@id":"https:\/\/jornaltimoneiro.com.br\/index.php\/2018\/08\/27\/mae-transexual-nao-consegue-registrar-filho-em-canoas\/"},"author":{"name":"Reda\u00e7\u00e3o","@id":"https:\/\/jornaltimoneiro.com.br\/#\/schema\/person\/620efd1d8244466117482be494360b08"},"headline":"M\u00e3e transexual n\u00e3o consegue registrar filho em Canoas","datePublished":"2018-08-27T19:31:32+00:00","dateModified":"2018-08-27T19:31:32+00:00","mainEntityOfPage":{"@id":"https:\/\/jornaltimoneiro.com.br\/index.php\/2018\/08\/27\/mae-transexual-nao-consegue-registrar-filho-em-canoas\/"},"wordCount":229,"publisher":{"@id":"https:\/\/jornaltimoneiro.com.br\/#organization"},"articleSection":["Destaques"],"inLanguage":"pt-BR"},{"@type":"WebPage","@id":"https:\/\/jornaltimoneiro.com.br\/index.php\/2018\/08\/27\/mae-transexual-nao-consegue-registrar-filho-em-canoas\/","url":"https:\/\/jornaltimoneiro.com.br\/index.php\/2018\/08\/27\/mae-transexual-nao-consegue-registrar-filho-em-canoas\/","name":"M\u00e3e transexual n\u00e3o consegue registrar filho em Canoas - O Timoneiro Jornal Canoas RS","isPartOf":{"@id":"https:\/\/jornaltimoneiro.com.br\/#website"},"datePublished":"2018-08-27T19:31:32+00:00","dateModified":"2018-08-27T19:31:32+00:00","breadcrumb":{"@id":"https:\/\/jornaltimoneiro.com.br\/index.php\/2018\/08\/27\/mae-transexual-nao-consegue-registrar-filho-em-canoas\/#breadcrumb"},"inLanguage":"pt-BR","potentialAction":[{"@type":"ReadAction","target":["https:\/\/jornaltimoneiro.com.br\/index.php\/2018\/08\/27\/mae-transexual-nao-consegue-registrar-filho-em-canoas\/"]}]},{"@type":"BreadcrumbList","@id":"https:\/\/jornaltimoneiro.com.br\/index.php\/2018\/08\/27\/mae-transexual-nao-consegue-registrar-filho-em-canoas\/#breadcrumb","itemListElement":[{"@type":"ListItem","position":1,"name":"In\u00edcio","item":"https:\/\/jornaltimoneiro.com.br\/"},{"@type":"ListItem","position":2,"name":"M\u00e3e transexual n\u00e3o consegue registrar filho em Canoas"}]},{"@type":"WebSite","@id":"https:\/\/jornaltimoneiro.com.br\/#website","url":"https:\/\/jornaltimoneiro.com.br\/","name":"Jornal Timoneiro Canoas RS","description":"Jornal O Timoneiro, o verdadeiro jornal de Canoas","publisher":{"@id":"https:\/\/jornaltimoneiro.com.br\/#organization"},"potentialAction":[{"@type":"SearchAction","target":{"@type":"EntryPoint","urlTemplate":"https:\/\/jornaltimoneiro.com.br\/?s={search_term_string}"},"query-input":"required name=search_term_string"}],"inLanguage":"pt-BR"},{"@type":"Organization","@id":"https:\/\/jornaltimoneiro.com.br\/#organization","name":"Jornal Timoneiro Canoas RS","url":"https:\/\/jornaltimoneiro.com.br\/","logo":{"@type":"ImageObject","inLanguage":"pt-BR","@id":"https:\/\/jornaltimoneiro.com.br\/#\/schema\/logo\/image\/","url":"https:\/\/jornaltimoneiro.com.br\/wp-content\/uploads\/2023\/03\/logonovo.png","contentUrl":"https:\/\/jornaltimoneiro.com.br\/wp-content\/uploads\/2023\/03\/logonovo.png","width":"469","height":"171","caption":"Jornal Timoneiro Canoas RS"},"image":{"@id":"https:\/\/jornaltimoneiro.com.br\/#\/schema\/logo\/image\/"},"sameAs":["https:\/\/www.facebook.com\/jornaltimoneiro","https:\/\/twitter.com\/_OTimoneiro","https:\/\/www.instagram.com\/jornaltimoneirocanoas\/","https:\/\/www.youtube.com\/@jornalotimoneiro7927"]},{"@type":"Person","@id":"https:\/\/jornaltimoneiro.com.br\/#\/schema\/person\/620efd1d8244466117482be494360b08","name":"Reda\u00e7\u00e3o","image":{"@type":"ImageObject","inLanguage":"pt-BR","@id":"https:\/\/jornaltimoneiro.com.br\/#\/schema\/person\/image\/","url":"https:\/\/secure.gravatar.com\/avatar\/2f04e1b304682a8d9db336c7acd77f08?s=96&d=mm&r=g","contentUrl":"https:\/\/secure.gravatar.com\/avatar\/2f04e1b304682a8d9db336c7acd77f08?s=96&d=mm&r=g","caption":"Reda\u00e7\u00e3o"},"url":"https:\/\/jornaltimoneiro.com.br\/index.php\/author\/timoneirocanoas\/"}]}},"_links":{"self":[{"href":"https:\/\/jornaltimoneiro.com.br\/index.php\/wp-json\/wp\/v2\/posts\/10885"}],"collection":[{"href":"https:\/\/jornaltimoneiro.com.br\/index.php\/wp-json\/wp\/v2\/posts"}],"about":[{"href":"https:\/\/jornaltimoneiro.com.br\/index.php\/wp-json\/wp\/v2\/types\/post"}],"author":[{"embeddable":true,"href":"https:\/\/jornaltimoneiro.com.br\/index.php\/wp-json\/wp\/v2\/users\/1"}],"replies":[{"embeddable":true,"href":"https:\/\/jornaltimoneiro.com.br\/index.php\/wp-json\/wp\/v2\/comments?post=10885"}],"version-history":[{"count":0,"href":"https:\/\/jornaltimoneiro.com.br\/index.php\/wp-json\/wp\/v2\/posts\/10885\/revisions"}],"wp:featuredmedia":[{"embeddable":true,"href":"https:\/\/jornaltimoneiro.com.br\/index.php\/wp-json\/"}],"wp:attachment":[{"href":"https:\/\/jornaltimoneiro.com.br\/index.php\/wp-json\/wp\/v2\/media?parent=10885"}],"wp:term":[{"taxonomy":"category","embeddable":true,"href":"https:\/\/jornaltimoneiro.com.br\/index.php\/wp-json\/wp\/v2\/categories?post=10885"},{"taxonomy":"post_tag","embeddable":true,"href":"https:\/\/jornaltimoneiro.com.br\/index.php\/wp-json\/wp\/v2\/tags?post=10885"}],"curies":[{"name":"wp","href":"https:\/\/api.w.org\/{rel}","templated":true}]}}