{"id":1077,"date":"2015-09-11T08:55:05","date_gmt":"2015-09-11T11:55:05","guid":{"rendered":"http:\/\/otimoneiro.com.br\/?p=1077"},"modified":"2015-09-11T08:55:05","modified_gmt":"2015-09-11T11:55:05","slug":"jairo-jorge-apoia-aumento-de-icms-pt-e-contra","status":"publish","type":"post","link":"https:\/\/jornaltimoneiro.com.br\/index.php\/2015\/09\/11\/jairo-jorge-apoia-aumento-de-icms-pt-e-contra\/","title":{"rendered":"Jairo Jorge apoia aumento de ICMS; PT \u00e9 contra"},"content":{"rendered":"<p style=\"text-align: justify;\">Apontado pelo jornal Zero Hora como \u201cum dos poss\u00edveis candidatos ao governo do Estado em 2018\u201d, o Prefeito de Canoas, Jairo Jorge (PT), declarou na quinta-feira, 3, apoio ao aumento das al\u00edquotas do Imposto Sobre Circula\u00e7\u00e3o de Mercadorias e Servi\u00e7os (ICMS). Segundo Jairo, o risco para a economia s\u00e3o maiores se tarifa\u00e7o n\u00e3o for aprovado na Assembl\u00e9ia Legislativa (AL).<br \/>\nJairo argumentou que n\u00e3o aumentaria o tributo, mas que entende a postura do governador Jos\u00e9 Ivo Sartori. \u201cEu, particularmente, n\u00e3o faria, mas entendo a proposta. Momentos extraordin\u00e1rios exigem posi\u00e7\u00f5es extraordin\u00e1rias. No momento, a alternativa \u00e9 aumentar impostos. \u00c9 um rem\u00e9dio amargo, mas o desequil\u00edbrio das finan\u00e7as tem consequ\u00eancias muito maiores. Qual \u00e9 o pre\u00e7o das vidas que est\u00e3o se perdendo todos os dias com a viol\u00eancia devido \u00e0 falta de dinheiro para investimentos\u201d, comentou para o jornal Zero Hora.<\/p>\n<p style=\"text-align: justify;\"><strong>Secret\u00e1rio\u00a0envolve Cosems<\/strong><br \/>\nFi\u00e9l escudeiro do Prefeito, o Secret\u00e1rio Municipal de Sa\u00fade, Marcelo B\u00f3sio, tamb\u00e9m presidente do Conselho das Secretarias Municipais de Sa\u00fade do Estado (Cosems\/RS), defendeu a proposta. Por meio de nota oficial do conselho \u00e0 comunidade ga\u00facha, saiu \u201cem defesa das medidas do governo do estado que prev\u00eam o aumento de arrecada\u00e7\u00e3o e a eleva\u00e7\u00e3o do limite para saques dos recursos dos dep\u00f3sitos judiciais, al\u00e9m da cria\u00e7\u00e3o de um novo tributo federal, exclusivo para a sa\u00fade e compartilhado com munic\u00edpios\u201d.<br \/>\nReunidos na quinta-feira, 3, O Conselho Deliberativo do Conselho argumentou que vai apoiar a medida do Governo do Estado que prop\u00f5e o aumento de arrecada\u00e7\u00e3o pela eleva\u00e7\u00e3o de alguns tributos. \u201cSem essa a\u00e7\u00e3o, no curto e m\u00e9dio prazos, o Estado n\u00e3o conseguir\u00e1 normalizar os repasses da Sa\u00fade, nem atender minimamente a demanda por servi\u00e7os p\u00fablicos\u201d, argumentou. Tamb\u00e9m ir\u00e1 apoiar a medida do Governo do Estado que prev\u00ea a eleva\u00e7\u00e3o da margem de saques dos dep\u00f3sitos judiciais de 85% para 95%. E \u201capoiar integralmente a proposta de cria\u00e7\u00e3o de um novo tributo federal exclusivo para o financiamento da Sa\u00fade, com a garantia de que, no m\u00ednimo, 50% desse valor seja repassado aos munic\u00edpios que s\u00e3o os respons\u00e1veis pela gest\u00e3o da sa\u00fade em n\u00edvel local\u201d, conclui.<\/p>\n<p style=\"text-align: justify;\"><strong>Presidente do Legislativo apoia<\/strong><br \/>\nPaulo Ritter (PT), presidente da C\u00e2mara dos Vereadores de Canoas em exerc\u00edcio, se pronunciou atrav\u00e9s da rede social Facebook, apoiando a atitude de Jairo, na sexta-feira, 6. \u201cQue o governo Sartori est\u00e1 pior que a encomenda quase todos os ga\u00fachos e ga\u00fachas tem acordo. Mas o nosso Prefeito Jairo Jorge tem todo o meu apoio nas suas posi\u00e7\u00f5es sobre a necessidade de solidariedade na crise no Estado. Trabalhadores e servidores com sal\u00e1rios parcelados e desumano \u00e9 inadmiss\u00edvel. A arte da pol\u00edtica e dialogar e desbloquear velhas posi\u00e7\u00f5es que s\u00f3 buscam a mera disputa e jogar para a plateia. Construir solu\u00e7\u00f5es conjuntas e civilizat\u00f3rio e democr\u00e1tico\u201d, afirmou.<\/p>\n<p style=\"text-align: justify;\"><strong>Partido n\u00e3o gostou<\/strong><br \/>\nImediatamente ap\u00f3s a postura do chefe do Executivo de Canoas, o Partido dos Trabalhadores (PT) divulgou nota oficial reafirmando a posi\u00e7\u00e3o contr\u00e1ria ao aumento e assinada pelo l\u00edder da bancada na AL, Luiz Fernando Mainardi. \u201cO aumento de ICMS atenta contra a economia ga\u00facha e \u00e9 mais um peso nas costas da popula\u00e7\u00e3o que \u00e9 quem vai, em \u00faltima inst\u00e2ncia, pagar esta conta\u201d, diz o texto.<br \/>\nA sigla recomendou Medidas Imediatas e de M\u00e9dio Prazos como solu\u00e7\u00e3o para a crise. \u201cEntre as medidas imediatas, destacamos a amplia\u00e7\u00e3o do uso dos Dep\u00f3sitos Judiciais, a Recupera\u00e7\u00e3o de Cr\u00e9ditos Tribut\u00e1rios, a cess\u00e3o de cr\u00e9dito de ativos tribut\u00e1rios e a utiliza\u00e7\u00e3o do novo Espa\u00e7o Fiscal. Entre as medidas de m\u00e9dio prazo, destacamos a federaliza\u00e7\u00e3o do excedente acion\u00e1rio da CEEE, a Compensa\u00e7\u00e3o Previdenci\u00e1ria (Comprev) e a compensa\u00e7\u00e3o em obras de estradas federais\u201d, conclui a nota.<br \/>\nOutra nota, assinada tamb\u00e9m pelo presidente Ary Vanazzi, afirma que nunca propuseram o aumento nos impostos.\u201cPor duas vezes, governamos o Estado, enfrentando as dificuldades financeiras, sem propor aumento linear de impostos e sem jamais atrasar sal\u00e1rios\u201d, embora o governo de Ol\u00edvio Dutra (1999-2002) tenha proposto um aumento no mesmo ICMS.<br \/>\nOs trabalhadores lamentaram a postura de Jairo. \u201cNeste sentido, a bancada e a dire\u00e7\u00e3o do PT lamentam a posi\u00e7\u00e3o do prefeito Jairo Jorge que est\u00e1 na contram\u00e3o da posi\u00e7\u00e3o partid\u00e1ria, do nosso projeto de desenvolvimento e do legado de nossos dois governos no Estado\u201d, conclui.<\/p>\n","protected":false},"excerpt":{"rendered":"<p>Apontado pelo jornal Zero Hora como \u201cum dos poss\u00edveis candidatos ao governo do Estado em 2018\u201d, o Prefeito de Canoas, Jairo Jorge (PT), declarou na quinta-feira, 3, apoio ao aumento das al\u00edquotas do Imposto Sobre Circula\u00e7\u00e3o de Mercadorias e Servi\u00e7os (ICMS). Segundo Jairo, o risco para a economia s\u00e3o maiores se tarifa\u00e7o n\u00e3o for aprovado [&hellip;]<\/p>\n","protected":false},"author":1,"featured_media":0,"comment_status":"open","ping_status":"open","sticky":false,"template":"","format":"standard","meta":{"amp_status":"","footnotes":""},"categories":[19,20],"tags":[],"class_list":["post-1077","post","type-post","status-publish","format-standard","hentry","category-destaques","category-politica-noticias"],"yoast_head":"<!-- This site is optimized with the Yoast SEO plugin v20.5 - https:\/\/yoast.com\/wordpress\/plugins\/seo\/ -->\n<title>Jairo Jorge apoia aumento de ICMS; PT \u00e9 contra - O Timoneiro Jornal Canoas RS<\/title>\n<meta name=\"robots\" content=\"index, follow, max-snippet:-1, max-image-preview:large, max-video-preview:-1\" \/>\n<link rel=\"canonical\" href=\"https:\/\/jornaltimoneiro.com.br\/index.php\/2015\/09\/11\/jairo-jorge-apoia-aumento-de-icms-pt-e-contra\/\" \/>\n<meta property=\"og:locale\" content=\"pt_BR\" \/>\n<meta property=\"og:type\" content=\"article\" \/>\n<meta property=\"og:title\" content=\"Jairo Jorge apoia aumento de ICMS; PT \u00e9 contra - O Timoneiro Jornal Canoas RS\" \/>\n<meta property=\"og:description\" content=\"Apontado pelo jornal Zero Hora como \u201cum dos poss\u00edveis candidatos ao governo do Estado em 2018\u201d, o Prefeito de Canoas, Jairo Jorge (PT), declarou na quinta-feira, 3, apoio ao aumento das al\u00edquotas do Imposto Sobre Circula\u00e7\u00e3o de Mercadorias e Servi\u00e7os (ICMS). Segundo Jairo, o risco para a economia s\u00e3o maiores se tarifa\u00e7o n\u00e3o for aprovado [&hellip;]\" \/>\n<meta property=\"og:url\" content=\"https:\/\/jornaltimoneiro.com.br\/index.php\/2015\/09\/11\/jairo-jorge-apoia-aumento-de-icms-pt-e-contra\/\" \/>\n<meta property=\"og:site_name\" content=\"O Timoneiro Jornal Canoas RS\" \/>\n<meta property=\"article:publisher\" content=\"https:\/\/www.facebook.com\/jornaltimoneiro\" \/>\n<meta property=\"article:published_time\" content=\"2015-09-11T11:55:05+00:00\" \/>\n<meta name=\"author\" content=\"Reda\u00e7\u00e3o\" \/>\n<meta name=\"twitter:card\" content=\"summary_large_image\" \/>\n<meta name=\"twitter:creator\" content=\"@_OTimoneiro\" \/>\n<meta name=\"twitter:site\" content=\"@_OTimoneiro\" \/>\n<meta name=\"twitter:label1\" content=\"Escrito por\" \/>\n\t<meta name=\"twitter:data1\" content=\"Reda\u00e7\u00e3o\" \/>\n\t<meta name=\"twitter:label2\" content=\"Est. tempo de leitura\" \/>\n\t<meta name=\"twitter:data2\" content=\"4 minutos\" \/>\n<script type=\"application\/ld+json\" class=\"yoast-schema-graph\">{\"@context\":\"https:\/\/schema.org\",\"@graph\":[{\"@type\":\"Article\",\"@id\":\"https:\/\/jornaltimoneiro.com.br\/index.php\/2015\/09\/11\/jairo-jorge-apoia-aumento-de-icms-pt-e-contra\/#article\",\"isPartOf\":{\"@id\":\"https:\/\/jornaltimoneiro.com.br\/index.php\/2015\/09\/11\/jairo-jorge-apoia-aumento-de-icms-pt-e-contra\/\"},\"author\":{\"name\":\"Reda\u00e7\u00e3o\",\"@id\":\"https:\/\/jornaltimoneiro.com.br\/#\/schema\/person\/620efd1d8244466117482be494360b08\"},\"headline\":\"Jairo Jorge apoia aumento de ICMS; PT \u00e9 contra\",\"datePublished\":\"2015-09-11T11:55:05+00:00\",\"dateModified\":\"2015-09-11T11:55:05+00:00\",\"mainEntityOfPage\":{\"@id\":\"https:\/\/jornaltimoneiro.com.br\/index.php\/2015\/09\/11\/jairo-jorge-apoia-aumento-de-icms-pt-e-contra\/\"},\"wordCount\":791,\"commentCount\":0,\"publisher\":{\"@id\":\"https:\/\/jornaltimoneiro.com.br\/#organization\"},\"articleSection\":[\"Destaques\",\"Pol\u00edtica\"],\"inLanguage\":\"pt-BR\",\"potentialAction\":[{\"@type\":\"CommentAction\",\"name\":\"Comment\",\"target\":[\"https:\/\/jornaltimoneiro.com.br\/index.php\/2015\/09\/11\/jairo-jorge-apoia-aumento-de-icms-pt-e-contra\/#respond\"]}]},{\"@type\":\"WebPage\",\"@id\":\"https:\/\/jornaltimoneiro.com.br\/index.php\/2015\/09\/11\/jairo-jorge-apoia-aumento-de-icms-pt-e-contra\/\",\"url\":\"https:\/\/jornaltimoneiro.com.br\/index.php\/2015\/09\/11\/jairo-jorge-apoia-aumento-de-icms-pt-e-contra\/\",\"name\":\"Jairo Jorge apoia aumento de ICMS; PT \u00e9 contra - O Timoneiro Jornal Canoas RS\",\"isPartOf\":{\"@id\":\"https:\/\/jornaltimoneiro.com.br\/#website\"},\"datePublished\":\"2015-09-11T11:55:05+00:00\",\"dateModified\":\"2015-09-11T11:55:05+00:00\",\"breadcrumb\":{\"@id\":\"https:\/\/jornaltimoneiro.com.br\/index.php\/2015\/09\/11\/jairo-jorge-apoia-aumento-de-icms-pt-e-contra\/#breadcrumb\"},\"inLanguage\":\"pt-BR\",\"potentialAction\":[{\"@type\":\"ReadAction\",\"target\":[\"https:\/\/jornaltimoneiro.com.br\/index.php\/2015\/09\/11\/jairo-jorge-apoia-aumento-de-icms-pt-e-contra\/\"]}]},{\"@type\":\"BreadcrumbList\",\"@id\":\"https:\/\/jornaltimoneiro.com.br\/index.php\/2015\/09\/11\/jairo-jorge-apoia-aumento-de-icms-pt-e-contra\/#breadcrumb\",\"itemListElement\":[{\"@type\":\"ListItem\",\"position\":1,\"name\":\"In\u00edcio\",\"item\":\"https:\/\/jornaltimoneiro.com.br\/\"},{\"@type\":\"ListItem\",\"position\":2,\"name\":\"Jairo Jorge apoia aumento de ICMS; PT \u00e9 contra\"}]},{\"@type\":\"WebSite\",\"@id\":\"https:\/\/jornaltimoneiro.com.br\/#website\",\"url\":\"https:\/\/jornaltimoneiro.com.br\/\",\"name\":\"Jornal Timoneiro Canoas RS\",\"description\":\"Jornal O Timoneiro, o verdadeiro jornal de Canoas\",\"publisher\":{\"@id\":\"https:\/\/jornaltimoneiro.com.br\/#organization\"},\"potentialAction\":[{\"@type\":\"SearchAction\",\"target\":{\"@type\":\"EntryPoint\",\"urlTemplate\":\"https:\/\/jornaltimoneiro.com.br\/?s={search_term_string}\"},\"query-input\":\"required name=search_term_string\"}],\"inLanguage\":\"pt-BR\"},{\"@type\":\"Organization\",\"@id\":\"https:\/\/jornaltimoneiro.com.br\/#organization\",\"name\":\"Jornal Timoneiro Canoas RS\",\"url\":\"https:\/\/jornaltimoneiro.com.br\/\",\"logo\":{\"@type\":\"ImageObject\",\"inLanguage\":\"pt-BR\",\"@id\":\"https:\/\/jornaltimoneiro.com.br\/#\/schema\/logo\/image\/\",\"url\":\"https:\/\/jornaltimoneiro.com.br\/wp-content\/uploads\/2023\/03\/logonovo.png\",\"contentUrl\":\"https:\/\/jornaltimoneiro.com.br\/wp-content\/uploads\/2023\/03\/logonovo.png\",\"width\":\"469\",\"height\":\"171\",\"caption\":\"Jornal Timoneiro Canoas RS\"},\"image\":{\"@id\":\"https:\/\/jornaltimoneiro.com.br\/#\/schema\/logo\/image\/\"},\"sameAs\":[\"https:\/\/www.facebook.com\/jornaltimoneiro\",\"https:\/\/twitter.com\/_OTimoneiro\",\"https:\/\/www.instagram.com\/jornaltimoneirocanoas\/\",\"https:\/\/www.youtube.com\/@jornalotimoneiro7927\"]},{\"@type\":\"Person\",\"@id\":\"https:\/\/jornaltimoneiro.com.br\/#\/schema\/person\/620efd1d8244466117482be494360b08\",\"name\":\"Reda\u00e7\u00e3o\",\"image\":{\"@type\":\"ImageObject\",\"inLanguage\":\"pt-BR\",\"@id\":\"https:\/\/jornaltimoneiro.com.br\/#\/schema\/person\/image\/\",\"url\":\"https:\/\/secure.gravatar.com\/avatar\/2f04e1b304682a8d9db336c7acd77f08?s=96&d=mm&r=g\",\"contentUrl\":\"https:\/\/secure.gravatar.com\/avatar\/2f04e1b304682a8d9db336c7acd77f08?s=96&d=mm&r=g\",\"caption\":\"Reda\u00e7\u00e3o\"},\"url\":\"https:\/\/jornaltimoneiro.com.br\/index.php\/author\/timoneirocanoas\/\"}]}<\/script>\n<!-- \/ Yoast SEO plugin. -->","yoast_head_json":{"title":"Jairo Jorge apoia aumento de ICMS; PT \u00e9 contra - O Timoneiro Jornal Canoas RS","robots":{"index":"index","follow":"follow","max-snippet":"max-snippet:-1","max-image-preview":"max-image-preview:large","max-video-preview":"max-video-preview:-1"},"canonical":"https:\/\/jornaltimoneiro.com.br\/index.php\/2015\/09\/11\/jairo-jorge-apoia-aumento-de-icms-pt-e-contra\/","og_locale":"pt_BR","og_type":"article","og_title":"Jairo Jorge apoia aumento de ICMS; PT \u00e9 contra - O Timoneiro Jornal Canoas RS","og_description":"Apontado pelo jornal Zero Hora como \u201cum dos poss\u00edveis candidatos ao governo do Estado em 2018\u201d, o Prefeito de Canoas, Jairo Jorge (PT), declarou na quinta-feira, 3, apoio ao aumento das al\u00edquotas do Imposto Sobre Circula\u00e7\u00e3o de Mercadorias e Servi\u00e7os (ICMS). Segundo Jairo, o risco para a economia s\u00e3o maiores se tarifa\u00e7o n\u00e3o for aprovado [&hellip;]","og_url":"https:\/\/jornaltimoneiro.com.br\/index.php\/2015\/09\/11\/jairo-jorge-apoia-aumento-de-icms-pt-e-contra\/","og_site_name":"O Timoneiro Jornal Canoas RS","article_publisher":"https:\/\/www.facebook.com\/jornaltimoneiro","article_published_time":"2015-09-11T11:55:05+00:00","author":"Reda\u00e7\u00e3o","twitter_card":"summary_large_image","twitter_creator":"@_OTimoneiro","twitter_site":"@_OTimoneiro","twitter_misc":{"Escrito por":"Reda\u00e7\u00e3o","Est. tempo de leitura":"4 minutos"},"schema":{"@context":"https:\/\/schema.org","@graph":[{"@type":"Article","@id":"https:\/\/jornaltimoneiro.com.br\/index.php\/2015\/09\/11\/jairo-jorge-apoia-aumento-de-icms-pt-e-contra\/#article","isPartOf":{"@id":"https:\/\/jornaltimoneiro.com.br\/index.php\/2015\/09\/11\/jairo-jorge-apoia-aumento-de-icms-pt-e-contra\/"},"author":{"name":"Reda\u00e7\u00e3o","@id":"https:\/\/jornaltimoneiro.com.br\/#\/schema\/person\/620efd1d8244466117482be494360b08"},"headline":"Jairo Jorge apoia aumento de ICMS; PT \u00e9 contra","datePublished":"2015-09-11T11:55:05+00:00","dateModified":"2015-09-11T11:55:05+00:00","mainEntityOfPage":{"@id":"https:\/\/jornaltimoneiro.com.br\/index.php\/2015\/09\/11\/jairo-jorge-apoia-aumento-de-icms-pt-e-contra\/"},"wordCount":791,"commentCount":0,"publisher":{"@id":"https:\/\/jornaltimoneiro.com.br\/#organization"},"articleSection":["Destaques","Pol\u00edtica"],"inLanguage":"pt-BR","potentialAction":[{"@type":"CommentAction","name":"Comment","target":["https:\/\/jornaltimoneiro.com.br\/index.php\/2015\/09\/11\/jairo-jorge-apoia-aumento-de-icms-pt-e-contra\/#respond"]}]},{"@type":"WebPage","@id":"https:\/\/jornaltimoneiro.com.br\/index.php\/2015\/09\/11\/jairo-jorge-apoia-aumento-de-icms-pt-e-contra\/","url":"https:\/\/jornaltimoneiro.com.br\/index.php\/2015\/09\/11\/jairo-jorge-apoia-aumento-de-icms-pt-e-contra\/","name":"Jairo Jorge apoia aumento de ICMS; PT \u00e9 contra - O Timoneiro Jornal Canoas RS","isPartOf":{"@id":"https:\/\/jornaltimoneiro.com.br\/#website"},"datePublished":"2015-09-11T11:55:05+00:00","dateModified":"2015-09-11T11:55:05+00:00","breadcrumb":{"@id":"https:\/\/jornaltimoneiro.com.br\/index.php\/2015\/09\/11\/jairo-jorge-apoia-aumento-de-icms-pt-e-contra\/#breadcrumb"},"inLanguage":"pt-BR","potentialAction":[{"@type":"ReadAction","target":["https:\/\/jornaltimoneiro.com.br\/index.php\/2015\/09\/11\/jairo-jorge-apoia-aumento-de-icms-pt-e-contra\/"]}]},{"@type":"BreadcrumbList","@id":"https:\/\/jornaltimoneiro.com.br\/index.php\/2015\/09\/11\/jairo-jorge-apoia-aumento-de-icms-pt-e-contra\/#breadcrumb","itemListElement":[{"@type":"ListItem","position":1,"name":"In\u00edcio","item":"https:\/\/jornaltimoneiro.com.br\/"},{"@type":"ListItem","position":2,"name":"Jairo Jorge apoia aumento de ICMS; PT \u00e9 contra"}]},{"@type":"WebSite","@id":"https:\/\/jornaltimoneiro.com.br\/#website","url":"https:\/\/jornaltimoneiro.com.br\/","name":"Jornal Timoneiro Canoas RS","description":"Jornal O Timoneiro, o verdadeiro jornal de Canoas","publisher":{"@id":"https:\/\/jornaltimoneiro.com.br\/#organization"},"potentialAction":[{"@type":"SearchAction","target":{"@type":"EntryPoint","urlTemplate":"https:\/\/jornaltimoneiro.com.br\/?s={search_term_string}"},"query-input":"required name=search_term_string"}],"inLanguage":"pt-BR"},{"@type":"Organization","@id":"https:\/\/jornaltimoneiro.com.br\/#organization","name":"Jornal Timoneiro Canoas RS","url":"https:\/\/jornaltimoneiro.com.br\/","logo":{"@type":"ImageObject","inLanguage":"pt-BR","@id":"https:\/\/jornaltimoneiro.com.br\/#\/schema\/logo\/image\/","url":"https:\/\/jornaltimoneiro.com.br\/wp-content\/uploads\/2023\/03\/logonovo.png","contentUrl":"https:\/\/jornaltimoneiro.com.br\/wp-content\/uploads\/2023\/03\/logonovo.png","width":"469","height":"171","caption":"Jornal Timoneiro Canoas RS"},"image":{"@id":"https:\/\/jornaltimoneiro.com.br\/#\/schema\/logo\/image\/"},"sameAs":["https:\/\/www.facebook.com\/jornaltimoneiro","https:\/\/twitter.com\/_OTimoneiro","https:\/\/www.instagram.com\/jornaltimoneirocanoas\/","https:\/\/www.youtube.com\/@jornalotimoneiro7927"]},{"@type":"Person","@id":"https:\/\/jornaltimoneiro.com.br\/#\/schema\/person\/620efd1d8244466117482be494360b08","name":"Reda\u00e7\u00e3o","image":{"@type":"ImageObject","inLanguage":"pt-BR","@id":"https:\/\/jornaltimoneiro.com.br\/#\/schema\/person\/image\/","url":"https:\/\/secure.gravatar.com\/avatar\/2f04e1b304682a8d9db336c7acd77f08?s=96&d=mm&r=g","contentUrl":"https:\/\/secure.gravatar.com\/avatar\/2f04e1b304682a8d9db336c7acd77f08?s=96&d=mm&r=g","caption":"Reda\u00e7\u00e3o"},"url":"https:\/\/jornaltimoneiro.com.br\/index.php\/author\/timoneirocanoas\/"}]}},"_links":{"self":[{"href":"https:\/\/jornaltimoneiro.com.br\/index.php\/wp-json\/wp\/v2\/posts\/1077"}],"collection":[{"href":"https:\/\/jornaltimoneiro.com.br\/index.php\/wp-json\/wp\/v2\/posts"}],"about":[{"href":"https:\/\/jornaltimoneiro.com.br\/index.php\/wp-json\/wp\/v2\/types\/post"}],"author":[{"embeddable":true,"href":"https:\/\/jornaltimoneiro.com.br\/index.php\/wp-json\/wp\/v2\/users\/1"}],"replies":[{"embeddable":true,"href":"https:\/\/jornaltimoneiro.com.br\/index.php\/wp-json\/wp\/v2\/comments?post=1077"}],"version-history":[{"count":0,"href":"https:\/\/jornaltimoneiro.com.br\/index.php\/wp-json\/wp\/v2\/posts\/1077\/revisions"}],"wp:attachment":[{"href":"https:\/\/jornaltimoneiro.com.br\/index.php\/wp-json\/wp\/v2\/media?parent=1077"}],"wp:term":[{"taxonomy":"category","embeddable":true,"href":"https:\/\/jornaltimoneiro.com.br\/index.php\/wp-json\/wp\/v2\/categories?post=1077"},{"taxonomy":"post_tag","embeddable":true,"href":"https:\/\/jornaltimoneiro.com.br\/index.php\/wp-json\/wp\/v2\/tags?post=1077"}],"curies":[{"name":"wp","href":"https:\/\/api.w.org\/{rel}","templated":true}]}}