{"id":10754,"date":"2018-07-27T12:14:29","date_gmt":"2018-07-27T15:14:29","guid":{"rendered":"http:\/\/otimoneiro.com.br\/?p=10754"},"modified":"2018-07-27T12:14:29","modified_gmt":"2018-07-27T15:14:29","slug":"comiccon-rs-2018-divulga-programacao-completa","status":"publish","type":"post","link":"https:\/\/jornaltimoneiro.com.br\/index.php\/2018\/07\/27\/comiccon-rs-2018-divulga-programacao-completa\/","title":{"rendered":"ComicCon RS 2018 divulga programa\u00e7\u00e3o completa"},"content":{"rendered":"<p><img decoding=\"async\" class=\"aligncenter size-full wp-image-10755\" src=\"http:\/\/otimoneiro.com.br\/wp-content\/uploads\/2018\/07\/abertura-1.jpg\" alt=\"\" width=\"918\" height=\"612\" \/><\/p>\n<p>\u00c0s v\u00e9speras de realizar a oitava edi\u00e7\u00e3o da maior e mais tradicional conven\u00e7\u00e3o de quadrinhos e cultura pop do Rio Grande do Sul, a ComicCon RS anuncia sua programa\u00e7\u00e3o oficial. O evento promovido pela produtora Multiverso acontece nos dias 4 e 5 de agosto, no campus da Ulbra em Canoas, Regi\u00e3o Metropolitana de Porto Alegre, com ingressos \u00e0 venda pelo site www.comicconrs.com.br\/ingressos.<\/p>\n<h6><strong>Convidados<\/strong><\/h6>\n<p>Neste ano o convidado internacional da ComicCon RS \u00e9 Glenn Fabry, ilustrador brit\u00e2nico famoso por suas capas inconfund\u00edveis e que tem seu nome ligado \u00e0 hist\u00f3ria da Vertigo e a s\u00e9ries consagradas como Preacher e Hellblazer. Outro destaque da programa\u00e7\u00e3o \u00e9 Daniel Furlan, mais conhecido como o Renan do Choque de Cultura. O ator e roteirista do programa de humor que virou fen\u00f4meno nas redes sociais traz em seu curr\u00edculo produ\u00e7\u00f5es como Furo MTV, O \u00daltimo Programa do Mundo e Falha de Cobertura. Ele participa de bate-papo e sess\u00e3o de fotos com o p\u00fablico no domingo, dia 5.<\/p>\n<p>Com cerca de 50 convidados, o evento recebe ainda artistas nacionais como Rod Reis, desenhista da Marvel que participou da pol\u00eamica saga Imp\u00e9rio Secreto, e Felipe Watanabe, artista da DC Comic,s respons\u00e1vel pelo t\u00edtulo da Liga da Justi\u00e7a da Am\u00e9rica. O homenageado de 2018 \u00e9 Levi Trindade, editor s\u00eanior da Panini.<\/p>\n<h6><strong>Saiba como encontrar os ingressos<\/strong><\/h6>\n<p>Os ingressos promocionais antecipados podem ser adquiridos por R$ 40 o dia ou R$ 70 o passaporte para os dois dias, pelo site <a href=\"http:\/\/www.comicconrs.com.br\/ingressos\">www.comicconrs.com.br\/ingressos<\/a> ou nos pontos de venda. Na hora o ingresso Meia Social sai por R$ 45 mediante doa\u00e7\u00e3o de 1kg de alimento ou R$ 5 para institui\u00e7\u00e3o beneficente parceira do evento, e meia entrada normal de R$ 45 para estudantes, terceira idade e demais benefici\u00e1rios. A ComicCon RS ocorre no pr\u00e9dio Ulbratech.<\/p>\n","protected":false},"excerpt":{"rendered":"<p>\u00c0s v\u00e9speras de realizar a oitava edi\u00e7\u00e3o da maior e mais tradicional conven\u00e7\u00e3o de quadrinhos e cultura pop do Rio Grande do Sul, a ComicCon RS anuncia sua programa\u00e7\u00e3o oficial. O evento promovido pela produtora Multiverso acontece nos dias 4 e 5 de agosto, no campus da Ulbra em Canoas, Regi\u00e3o Metropolitana de Porto Alegre, [&hellip;]<\/p>\n","protected":false},"author":1,"featured_media":10755,"comment_status":"closed","ping_status":"open","sticky":false,"template":"","format":"standard","meta":{"amp_status":"","footnotes":""},"categories":[19],"tags":[],"class_list":["post-10754","post","type-post","status-publish","format-standard","has-post-thumbnail","hentry","category-destaques"],"yoast_head":"<!-- This site is optimized with the Yoast SEO plugin v20.5 - https:\/\/yoast.com\/wordpress\/plugins\/seo\/ -->\n<title>ComicCon RS 2018 divulga programa\u00e7\u00e3o completa - O Timoneiro Jornal Canoas RS<\/title>\n<meta name=\"robots\" content=\"index, follow, max-snippet:-1, max-image-preview:large, max-video-preview:-1\" \/>\n<link rel=\"canonical\" href=\"https:\/\/jornaltimoneiro.com.br\/index.php\/2018\/07\/27\/comiccon-rs-2018-divulga-programacao-completa\/\" \/>\n<meta property=\"og:locale\" content=\"pt_BR\" \/>\n<meta property=\"og:type\" content=\"article\" \/>\n<meta property=\"og:title\" content=\"ComicCon RS 2018 divulga programa\u00e7\u00e3o completa - O Timoneiro Jornal Canoas RS\" \/>\n<meta property=\"og:description\" content=\"\u00c0s v\u00e9speras de realizar a oitava edi\u00e7\u00e3o da maior e mais tradicional conven\u00e7\u00e3o de quadrinhos e cultura pop do Rio Grande do Sul, a ComicCon RS anuncia sua programa\u00e7\u00e3o oficial. O evento promovido pela produtora Multiverso acontece nos dias 4 e 5 de agosto, no campus da Ulbra em Canoas, Regi\u00e3o Metropolitana de Porto Alegre, [&hellip;]\" \/>\n<meta property=\"og:url\" content=\"https:\/\/jornaltimoneiro.com.br\/index.php\/2018\/07\/27\/comiccon-rs-2018-divulga-programacao-completa\/\" \/>\n<meta property=\"og:site_name\" content=\"O Timoneiro Jornal Canoas RS\" \/>\n<meta property=\"article:publisher\" content=\"https:\/\/www.facebook.com\/jornaltimoneiro\" \/>\n<meta property=\"article:published_time\" content=\"2018-07-27T15:14:29+00:00\" \/>\n<meta name=\"author\" content=\"Reda\u00e7\u00e3o\" \/>\n<meta name=\"twitter:card\" content=\"summary_large_image\" \/>\n<meta name=\"twitter:creator\" content=\"@_OTimoneiro\" \/>\n<meta name=\"twitter:site\" content=\"@_OTimoneiro\" \/>\n<meta name=\"twitter:label1\" content=\"Escrito por\" \/>\n\t<meta name=\"twitter:data1\" content=\"Reda\u00e7\u00e3o\" \/>\n\t<meta name=\"twitter:label2\" content=\"Est. tempo de leitura\" \/>\n\t<meta name=\"twitter:data2\" content=\"2 minutos\" \/>\n<script type=\"application\/ld+json\" class=\"yoast-schema-graph\">{\"@context\":\"https:\/\/schema.org\",\"@graph\":[{\"@type\":\"Article\",\"@id\":\"https:\/\/jornaltimoneiro.com.br\/index.php\/2018\/07\/27\/comiccon-rs-2018-divulga-programacao-completa\/#article\",\"isPartOf\":{\"@id\":\"https:\/\/jornaltimoneiro.com.br\/index.php\/2018\/07\/27\/comiccon-rs-2018-divulga-programacao-completa\/\"},\"author\":{\"name\":\"Reda\u00e7\u00e3o\",\"@id\":\"https:\/\/jornaltimoneiro.com.br\/#\/schema\/person\/620efd1d8244466117482be494360b08\"},\"headline\":\"ComicCon RS 2018 divulga programa\u00e7\u00e3o completa\",\"datePublished\":\"2018-07-27T15:14:29+00:00\",\"dateModified\":\"2018-07-27T15:14:29+00:00\",\"mainEntityOfPage\":{\"@id\":\"https:\/\/jornaltimoneiro.com.br\/index.php\/2018\/07\/27\/comiccon-rs-2018-divulga-programacao-completa\/\"},\"wordCount\":318,\"publisher\":{\"@id\":\"https:\/\/jornaltimoneiro.com.br\/#organization\"},\"articleSection\":[\"Destaques\"],\"inLanguage\":\"pt-BR\"},{\"@type\":\"WebPage\",\"@id\":\"https:\/\/jornaltimoneiro.com.br\/index.php\/2018\/07\/27\/comiccon-rs-2018-divulga-programacao-completa\/\",\"url\":\"https:\/\/jornaltimoneiro.com.br\/index.php\/2018\/07\/27\/comiccon-rs-2018-divulga-programacao-completa\/\",\"name\":\"ComicCon RS 2018 divulga programa\u00e7\u00e3o completa - O Timoneiro Jornal Canoas RS\",\"isPartOf\":{\"@id\":\"https:\/\/jornaltimoneiro.com.br\/#website\"},\"datePublished\":\"2018-07-27T15:14:29+00:00\",\"dateModified\":\"2018-07-27T15:14:29+00:00\",\"breadcrumb\":{\"@id\":\"https:\/\/jornaltimoneiro.com.br\/index.php\/2018\/07\/27\/comiccon-rs-2018-divulga-programacao-completa\/#breadcrumb\"},\"inLanguage\":\"pt-BR\",\"potentialAction\":[{\"@type\":\"ReadAction\",\"target\":[\"https:\/\/jornaltimoneiro.com.br\/index.php\/2018\/07\/27\/comiccon-rs-2018-divulga-programacao-completa\/\"]}]},{\"@type\":\"BreadcrumbList\",\"@id\":\"https:\/\/jornaltimoneiro.com.br\/index.php\/2018\/07\/27\/comiccon-rs-2018-divulga-programacao-completa\/#breadcrumb\",\"itemListElement\":[{\"@type\":\"ListItem\",\"position\":1,\"name\":\"In\u00edcio\",\"item\":\"https:\/\/jornaltimoneiro.com.br\/\"},{\"@type\":\"ListItem\",\"position\":2,\"name\":\"ComicCon RS 2018 divulga programa\u00e7\u00e3o completa\"}]},{\"@type\":\"WebSite\",\"@id\":\"https:\/\/jornaltimoneiro.com.br\/#website\",\"url\":\"https:\/\/jornaltimoneiro.com.br\/\",\"name\":\"Jornal Timoneiro Canoas RS\",\"description\":\"Jornal O Timoneiro, o verdadeiro jornal de Canoas\",\"publisher\":{\"@id\":\"https:\/\/jornaltimoneiro.com.br\/#organization\"},\"potentialAction\":[{\"@type\":\"SearchAction\",\"target\":{\"@type\":\"EntryPoint\",\"urlTemplate\":\"https:\/\/jornaltimoneiro.com.br\/?s={search_term_string}\"},\"query-input\":\"required name=search_term_string\"}],\"inLanguage\":\"pt-BR\"},{\"@type\":\"Organization\",\"@id\":\"https:\/\/jornaltimoneiro.com.br\/#organization\",\"name\":\"Jornal Timoneiro Canoas RS\",\"url\":\"https:\/\/jornaltimoneiro.com.br\/\",\"logo\":{\"@type\":\"ImageObject\",\"inLanguage\":\"pt-BR\",\"@id\":\"https:\/\/jornaltimoneiro.com.br\/#\/schema\/logo\/image\/\",\"url\":\"https:\/\/jornaltimoneiro.com.br\/wp-content\/uploads\/2023\/03\/logonovo.png\",\"contentUrl\":\"https:\/\/jornaltimoneiro.com.br\/wp-content\/uploads\/2023\/03\/logonovo.png\",\"width\":\"469\",\"height\":\"171\",\"caption\":\"Jornal Timoneiro Canoas RS\"},\"image\":{\"@id\":\"https:\/\/jornaltimoneiro.com.br\/#\/schema\/logo\/image\/\"},\"sameAs\":[\"https:\/\/www.facebook.com\/jornaltimoneiro\",\"https:\/\/twitter.com\/_OTimoneiro\",\"https:\/\/www.instagram.com\/jornaltimoneirocanoas\/\",\"https:\/\/www.youtube.com\/@jornalotimoneiro7927\"]},{\"@type\":\"Person\",\"@id\":\"https:\/\/jornaltimoneiro.com.br\/#\/schema\/person\/620efd1d8244466117482be494360b08\",\"name\":\"Reda\u00e7\u00e3o\",\"image\":{\"@type\":\"ImageObject\",\"inLanguage\":\"pt-BR\",\"@id\":\"https:\/\/jornaltimoneiro.com.br\/#\/schema\/person\/image\/\",\"url\":\"https:\/\/secure.gravatar.com\/avatar\/2f04e1b304682a8d9db336c7acd77f08?s=96&d=mm&r=g\",\"contentUrl\":\"https:\/\/secure.gravatar.com\/avatar\/2f04e1b304682a8d9db336c7acd77f08?s=96&d=mm&r=g\",\"caption\":\"Reda\u00e7\u00e3o\"},\"url\":\"https:\/\/jornaltimoneiro.com.br\/index.php\/author\/timoneirocanoas\/\"}]}<\/script>\n<!-- \/ Yoast SEO plugin. -->","yoast_head_json":{"title":"ComicCon RS 2018 divulga programa\u00e7\u00e3o completa - O Timoneiro Jornal Canoas RS","robots":{"index":"index","follow":"follow","max-snippet":"max-snippet:-1","max-image-preview":"max-image-preview:large","max-video-preview":"max-video-preview:-1"},"canonical":"https:\/\/jornaltimoneiro.com.br\/index.php\/2018\/07\/27\/comiccon-rs-2018-divulga-programacao-completa\/","og_locale":"pt_BR","og_type":"article","og_title":"ComicCon RS 2018 divulga programa\u00e7\u00e3o completa - O Timoneiro Jornal Canoas RS","og_description":"\u00c0s v\u00e9speras de realizar a oitava edi\u00e7\u00e3o da maior e mais tradicional conven\u00e7\u00e3o de quadrinhos e cultura pop do Rio Grande do Sul, a ComicCon RS anuncia sua programa\u00e7\u00e3o oficial. O evento promovido pela produtora Multiverso acontece nos dias 4 e 5 de agosto, no campus da Ulbra em Canoas, Regi\u00e3o Metropolitana de Porto Alegre, [&hellip;]","og_url":"https:\/\/jornaltimoneiro.com.br\/index.php\/2018\/07\/27\/comiccon-rs-2018-divulga-programacao-completa\/","og_site_name":"O Timoneiro Jornal Canoas RS","article_publisher":"https:\/\/www.facebook.com\/jornaltimoneiro","article_published_time":"2018-07-27T15:14:29+00:00","author":"Reda\u00e7\u00e3o","twitter_card":"summary_large_image","twitter_creator":"@_OTimoneiro","twitter_site":"@_OTimoneiro","twitter_misc":{"Escrito por":"Reda\u00e7\u00e3o","Est. tempo de leitura":"2 minutos"},"schema":{"@context":"https:\/\/schema.org","@graph":[{"@type":"Article","@id":"https:\/\/jornaltimoneiro.com.br\/index.php\/2018\/07\/27\/comiccon-rs-2018-divulga-programacao-completa\/#article","isPartOf":{"@id":"https:\/\/jornaltimoneiro.com.br\/index.php\/2018\/07\/27\/comiccon-rs-2018-divulga-programacao-completa\/"},"author":{"name":"Reda\u00e7\u00e3o","@id":"https:\/\/jornaltimoneiro.com.br\/#\/schema\/person\/620efd1d8244466117482be494360b08"},"headline":"ComicCon RS 2018 divulga programa\u00e7\u00e3o completa","datePublished":"2018-07-27T15:14:29+00:00","dateModified":"2018-07-27T15:14:29+00:00","mainEntityOfPage":{"@id":"https:\/\/jornaltimoneiro.com.br\/index.php\/2018\/07\/27\/comiccon-rs-2018-divulga-programacao-completa\/"},"wordCount":318,"publisher":{"@id":"https:\/\/jornaltimoneiro.com.br\/#organization"},"articleSection":["Destaques"],"inLanguage":"pt-BR"},{"@type":"WebPage","@id":"https:\/\/jornaltimoneiro.com.br\/index.php\/2018\/07\/27\/comiccon-rs-2018-divulga-programacao-completa\/","url":"https:\/\/jornaltimoneiro.com.br\/index.php\/2018\/07\/27\/comiccon-rs-2018-divulga-programacao-completa\/","name":"ComicCon RS 2018 divulga programa\u00e7\u00e3o completa - O Timoneiro Jornal Canoas RS","isPartOf":{"@id":"https:\/\/jornaltimoneiro.com.br\/#website"},"datePublished":"2018-07-27T15:14:29+00:00","dateModified":"2018-07-27T15:14:29+00:00","breadcrumb":{"@id":"https:\/\/jornaltimoneiro.com.br\/index.php\/2018\/07\/27\/comiccon-rs-2018-divulga-programacao-completa\/#breadcrumb"},"inLanguage":"pt-BR","potentialAction":[{"@type":"ReadAction","target":["https:\/\/jornaltimoneiro.com.br\/index.php\/2018\/07\/27\/comiccon-rs-2018-divulga-programacao-completa\/"]}]},{"@type":"BreadcrumbList","@id":"https:\/\/jornaltimoneiro.com.br\/index.php\/2018\/07\/27\/comiccon-rs-2018-divulga-programacao-completa\/#breadcrumb","itemListElement":[{"@type":"ListItem","position":1,"name":"In\u00edcio","item":"https:\/\/jornaltimoneiro.com.br\/"},{"@type":"ListItem","position":2,"name":"ComicCon RS 2018 divulga programa\u00e7\u00e3o completa"}]},{"@type":"WebSite","@id":"https:\/\/jornaltimoneiro.com.br\/#website","url":"https:\/\/jornaltimoneiro.com.br\/","name":"Jornal Timoneiro Canoas RS","description":"Jornal O Timoneiro, o verdadeiro jornal de Canoas","publisher":{"@id":"https:\/\/jornaltimoneiro.com.br\/#organization"},"potentialAction":[{"@type":"SearchAction","target":{"@type":"EntryPoint","urlTemplate":"https:\/\/jornaltimoneiro.com.br\/?s={search_term_string}"},"query-input":"required name=search_term_string"}],"inLanguage":"pt-BR"},{"@type":"Organization","@id":"https:\/\/jornaltimoneiro.com.br\/#organization","name":"Jornal Timoneiro Canoas RS","url":"https:\/\/jornaltimoneiro.com.br\/","logo":{"@type":"ImageObject","inLanguage":"pt-BR","@id":"https:\/\/jornaltimoneiro.com.br\/#\/schema\/logo\/image\/","url":"https:\/\/jornaltimoneiro.com.br\/wp-content\/uploads\/2023\/03\/logonovo.png","contentUrl":"https:\/\/jornaltimoneiro.com.br\/wp-content\/uploads\/2023\/03\/logonovo.png","width":"469","height":"171","caption":"Jornal Timoneiro Canoas RS"},"image":{"@id":"https:\/\/jornaltimoneiro.com.br\/#\/schema\/logo\/image\/"},"sameAs":["https:\/\/www.facebook.com\/jornaltimoneiro","https:\/\/twitter.com\/_OTimoneiro","https:\/\/www.instagram.com\/jornaltimoneirocanoas\/","https:\/\/www.youtube.com\/@jornalotimoneiro7927"]},{"@type":"Person","@id":"https:\/\/jornaltimoneiro.com.br\/#\/schema\/person\/620efd1d8244466117482be494360b08","name":"Reda\u00e7\u00e3o","image":{"@type":"ImageObject","inLanguage":"pt-BR","@id":"https:\/\/jornaltimoneiro.com.br\/#\/schema\/person\/image\/","url":"https:\/\/secure.gravatar.com\/avatar\/2f04e1b304682a8d9db336c7acd77f08?s=96&d=mm&r=g","contentUrl":"https:\/\/secure.gravatar.com\/avatar\/2f04e1b304682a8d9db336c7acd77f08?s=96&d=mm&r=g","caption":"Reda\u00e7\u00e3o"},"url":"https:\/\/jornaltimoneiro.com.br\/index.php\/author\/timoneirocanoas\/"}]}},"_links":{"self":[{"href":"https:\/\/jornaltimoneiro.com.br\/index.php\/wp-json\/wp\/v2\/posts\/10754"}],"collection":[{"href":"https:\/\/jornaltimoneiro.com.br\/index.php\/wp-json\/wp\/v2\/posts"}],"about":[{"href":"https:\/\/jornaltimoneiro.com.br\/index.php\/wp-json\/wp\/v2\/types\/post"}],"author":[{"embeddable":true,"href":"https:\/\/jornaltimoneiro.com.br\/index.php\/wp-json\/wp\/v2\/users\/1"}],"replies":[{"embeddable":true,"href":"https:\/\/jornaltimoneiro.com.br\/index.php\/wp-json\/wp\/v2\/comments?post=10754"}],"version-history":[{"count":0,"href":"https:\/\/jornaltimoneiro.com.br\/index.php\/wp-json\/wp\/v2\/posts\/10754\/revisions"}],"wp:featuredmedia":[{"embeddable":true,"href":"https:\/\/jornaltimoneiro.com.br\/index.php\/wp-json\/"}],"wp:attachment":[{"href":"https:\/\/jornaltimoneiro.com.br\/index.php\/wp-json\/wp\/v2\/media?parent=10754"}],"wp:term":[{"taxonomy":"category","embeddable":true,"href":"https:\/\/jornaltimoneiro.com.br\/index.php\/wp-json\/wp\/v2\/categories?post=10754"},{"taxonomy":"post_tag","embeddable":true,"href":"https:\/\/jornaltimoneiro.com.br\/index.php\/wp-json\/wp\/v2\/tags?post=10754"}],"curies":[{"name":"wp","href":"https:\/\/api.w.org\/{rel}","templated":true}]}}