{"id":10652,"date":"2018-06-29T14:13:37","date_gmt":"2018-06-29T17:13:37","guid":{"rendered":"http:\/\/otimoneiro.com.br\/?p=10652"},"modified":"2018-06-29T14:13:37","modified_gmt":"2018-06-29T17:13:37","slug":"coluna-de-esporte-volta-as-paginas-do-jornal-timoneiro","status":"publish","type":"post","link":"https:\/\/jornaltimoneiro.com.br\/index.php\/2018\/06\/29\/coluna-de-esporte-volta-as-paginas-do-jornal-timoneiro\/","title":{"rendered":"Coluna de esporte volta \u00e0s p\u00e1ginas do jornal Timoneiro"},"content":{"rendered":"<p><img decoding=\"async\" class=\"aligncenter size-large wp-image-10653\" src=\"http:\/\/otimoneiro.com.br\/wp-content\/uploads\/2018\/06\/unnamed-1-1024x680.jpg\" alt=\"\" width=\"1024\" height=\"680\" \/><\/p>\n<h6>MARCELO MENDES*<\/h6>\n<p>Inicio este meu retorno em primeiro lugar agradecendo ao diretor Dr. Jorge Uequed e ao editor-chefe do jornal pelo convite e pela confian\u00e7a depositada neste humilde colaborador. Nesta nova temporada traremos fatos e opini\u00f5es que possam contribuir ou pelo menos instigar algumas vis\u00f5es em rela\u00e7\u00e3o ao esporte em geral. E continuaremos dando espa\u00e7o para os amantes da v\u00e1rzea canoense. Aqueles guerreiros de final de semana que d\u00e3o show pelas quadras e campos de Canoas.<\/p>\n<p>J\u00e1 que a ideia \u00e9 falar de esportes em geral, n\u00e3o exclusivamente de Futebol, que \u00e9 basicamente a minha praia, vamos de Patina\u00e7\u00e3o. Entre os dias 20 e 24 de junho as escolas de Patina\u00e7\u00e3o Art\u00edstica de Canoas ART em Rodas e Adriano Belmonte participaram do Torneio Estadual de iniciantes e aspirantes, que aconteceu na cidade de Santa Cruz do Sul, organizado pela Federa\u00e7\u00e3o Ga\u00facha de Patina\u00e7\u00e3o. Estiveram reunidas as melhores escolas de patina\u00e7\u00e3o do Rio Grande do Sul. Pude presenciar dois dias de excelente n\u00edvel t\u00e9cnico das competidoras e competidores que nos presentearam com apresenta\u00e7\u00f5es bel\u00edssimas e emocionantes.<\/p>\n<p>A dedica\u00e7\u00e3o das atletas e treinadores rendeu \u00f3timos resultados \u00e0s patinadoras canoenses. Pela Art em Rodas destaque para o primeiro lugar de Paula Luz e os terceiros lugares de Serena Farias e Isadora Willers Mendes. Pela Adriano Belmonte o destaque ficou por conta do primeiro lugar de Luiza Pavin e o sexto lugar de Barbar\u00e1 Grando.<\/p>\n","protected":false},"excerpt":{"rendered":"<p>MARCELO MENDES* Inicio este meu retorno em primeiro lugar agradecendo ao diretor Dr. Jorge Uequed e ao editor-chefe do jornal pelo convite e pela confian\u00e7a depositada neste humilde colaborador. Nesta nova temporada traremos fatos e opini\u00f5es que possam contribuir ou pelo menos instigar algumas vis\u00f5es em rela\u00e7\u00e3o ao esporte em geral. E continuaremos dando espa\u00e7o [&hellip;]<\/p>\n","protected":false},"author":1,"featured_media":10653,"comment_status":"closed","ping_status":"open","sticky":false,"template":"","format":"standard","meta":{"amp_status":"","footnotes":""},"categories":[19],"tags":[],"class_list":["post-10652","post","type-post","status-publish","format-standard","has-post-thumbnail","hentry","category-destaques"],"yoast_head":"<!-- This site is optimized with the Yoast SEO plugin v20.5 - https:\/\/yoast.com\/wordpress\/plugins\/seo\/ -->\n<title>Coluna de esporte volta \u00e0s p\u00e1ginas do jornal Timoneiro - O Timoneiro Jornal Canoas RS<\/title>\n<meta name=\"robots\" content=\"index, follow, max-snippet:-1, max-image-preview:large, max-video-preview:-1\" \/>\n<link rel=\"canonical\" href=\"https:\/\/jornaltimoneiro.com.br\/index.php\/2018\/06\/29\/coluna-de-esporte-volta-as-paginas-do-jornal-timoneiro\/\" \/>\n<meta property=\"og:locale\" content=\"pt_BR\" \/>\n<meta property=\"og:type\" content=\"article\" \/>\n<meta property=\"og:title\" content=\"Coluna de esporte volta \u00e0s p\u00e1ginas do jornal Timoneiro - O Timoneiro Jornal Canoas RS\" \/>\n<meta property=\"og:description\" content=\"MARCELO MENDES* Inicio este meu retorno em primeiro lugar agradecendo ao diretor Dr. Jorge Uequed e ao editor-chefe do jornal pelo convite e pela confian\u00e7a depositada neste humilde colaborador. Nesta nova temporada traremos fatos e opini\u00f5es que possam contribuir ou pelo menos instigar algumas vis\u00f5es em rela\u00e7\u00e3o ao esporte em geral. E continuaremos dando espa\u00e7o [&hellip;]\" \/>\n<meta property=\"og:url\" content=\"https:\/\/jornaltimoneiro.com.br\/index.php\/2018\/06\/29\/coluna-de-esporte-volta-as-paginas-do-jornal-timoneiro\/\" \/>\n<meta property=\"og:site_name\" content=\"O Timoneiro Jornal Canoas RS\" \/>\n<meta property=\"article:publisher\" content=\"https:\/\/www.facebook.com\/jornaltimoneiro\" \/>\n<meta property=\"article:published_time\" content=\"2018-06-29T17:13:37+00:00\" \/>\n<meta name=\"author\" content=\"Reda\u00e7\u00e3o\" \/>\n<meta name=\"twitter:card\" content=\"summary_large_image\" \/>\n<meta name=\"twitter:creator\" content=\"@_OTimoneiro\" \/>\n<meta name=\"twitter:site\" content=\"@_OTimoneiro\" \/>\n<meta name=\"twitter:label1\" content=\"Escrito por\" \/>\n\t<meta name=\"twitter:data1\" content=\"Reda\u00e7\u00e3o\" \/>\n\t<meta name=\"twitter:label2\" content=\"Est. tempo de leitura\" \/>\n\t<meta name=\"twitter:data2\" content=\"1 minuto\" \/>\n<script type=\"application\/ld+json\" class=\"yoast-schema-graph\">{\"@context\":\"https:\/\/schema.org\",\"@graph\":[{\"@type\":\"Article\",\"@id\":\"https:\/\/jornaltimoneiro.com.br\/index.php\/2018\/06\/29\/coluna-de-esporte-volta-as-paginas-do-jornal-timoneiro\/#article\",\"isPartOf\":{\"@id\":\"https:\/\/jornaltimoneiro.com.br\/index.php\/2018\/06\/29\/coluna-de-esporte-volta-as-paginas-do-jornal-timoneiro\/\"},\"author\":{\"name\":\"Reda\u00e7\u00e3o\",\"@id\":\"https:\/\/jornaltimoneiro.com.br\/#\/schema\/person\/620efd1d8244466117482be494360b08\"},\"headline\":\"Coluna de esporte volta \u00e0s p\u00e1ginas do jornal Timoneiro\",\"datePublished\":\"2018-06-29T17:13:37+00:00\",\"dateModified\":\"2018-06-29T17:13:37+00:00\",\"mainEntityOfPage\":{\"@id\":\"https:\/\/jornaltimoneiro.com.br\/index.php\/2018\/06\/29\/coluna-de-esporte-volta-as-paginas-do-jornal-timoneiro\/\"},\"wordCount\":257,\"publisher\":{\"@id\":\"https:\/\/jornaltimoneiro.com.br\/#organization\"},\"articleSection\":[\"Destaques\"],\"inLanguage\":\"pt-BR\"},{\"@type\":\"WebPage\",\"@id\":\"https:\/\/jornaltimoneiro.com.br\/index.php\/2018\/06\/29\/coluna-de-esporte-volta-as-paginas-do-jornal-timoneiro\/\",\"url\":\"https:\/\/jornaltimoneiro.com.br\/index.php\/2018\/06\/29\/coluna-de-esporte-volta-as-paginas-do-jornal-timoneiro\/\",\"name\":\"Coluna de esporte volta \u00e0s p\u00e1ginas do jornal Timoneiro - O Timoneiro Jornal Canoas RS\",\"isPartOf\":{\"@id\":\"https:\/\/jornaltimoneiro.com.br\/#website\"},\"datePublished\":\"2018-06-29T17:13:37+00:00\",\"dateModified\":\"2018-06-29T17:13:37+00:00\",\"breadcrumb\":{\"@id\":\"https:\/\/jornaltimoneiro.com.br\/index.php\/2018\/06\/29\/coluna-de-esporte-volta-as-paginas-do-jornal-timoneiro\/#breadcrumb\"},\"inLanguage\":\"pt-BR\",\"potentialAction\":[{\"@type\":\"ReadAction\",\"target\":[\"https:\/\/jornaltimoneiro.com.br\/index.php\/2018\/06\/29\/coluna-de-esporte-volta-as-paginas-do-jornal-timoneiro\/\"]}]},{\"@type\":\"BreadcrumbList\",\"@id\":\"https:\/\/jornaltimoneiro.com.br\/index.php\/2018\/06\/29\/coluna-de-esporte-volta-as-paginas-do-jornal-timoneiro\/#breadcrumb\",\"itemListElement\":[{\"@type\":\"ListItem\",\"position\":1,\"name\":\"In\u00edcio\",\"item\":\"https:\/\/jornaltimoneiro.com.br\/\"},{\"@type\":\"ListItem\",\"position\":2,\"name\":\"Coluna de esporte volta \u00e0s p\u00e1ginas do jornal Timoneiro\"}]},{\"@type\":\"WebSite\",\"@id\":\"https:\/\/jornaltimoneiro.com.br\/#website\",\"url\":\"https:\/\/jornaltimoneiro.com.br\/\",\"name\":\"Jornal Timoneiro Canoas RS\",\"description\":\"Jornal O Timoneiro, o verdadeiro jornal de Canoas\",\"publisher\":{\"@id\":\"https:\/\/jornaltimoneiro.com.br\/#organization\"},\"potentialAction\":[{\"@type\":\"SearchAction\",\"target\":{\"@type\":\"EntryPoint\",\"urlTemplate\":\"https:\/\/jornaltimoneiro.com.br\/?s={search_term_string}\"},\"query-input\":\"required name=search_term_string\"}],\"inLanguage\":\"pt-BR\"},{\"@type\":\"Organization\",\"@id\":\"https:\/\/jornaltimoneiro.com.br\/#organization\",\"name\":\"Jornal Timoneiro Canoas RS\",\"url\":\"https:\/\/jornaltimoneiro.com.br\/\",\"logo\":{\"@type\":\"ImageObject\",\"inLanguage\":\"pt-BR\",\"@id\":\"https:\/\/jornaltimoneiro.com.br\/#\/schema\/logo\/image\/\",\"url\":\"https:\/\/jornaltimoneiro.com.br\/wp-content\/uploads\/2023\/03\/logonovo.png\",\"contentUrl\":\"https:\/\/jornaltimoneiro.com.br\/wp-content\/uploads\/2023\/03\/logonovo.png\",\"width\":\"469\",\"height\":\"171\",\"caption\":\"Jornal Timoneiro Canoas RS\"},\"image\":{\"@id\":\"https:\/\/jornaltimoneiro.com.br\/#\/schema\/logo\/image\/\"},\"sameAs\":[\"https:\/\/www.facebook.com\/jornaltimoneiro\",\"https:\/\/twitter.com\/_OTimoneiro\",\"https:\/\/www.instagram.com\/jornaltimoneirocanoas\/\",\"https:\/\/www.youtube.com\/@jornalotimoneiro7927\"]},{\"@type\":\"Person\",\"@id\":\"https:\/\/jornaltimoneiro.com.br\/#\/schema\/person\/620efd1d8244466117482be494360b08\",\"name\":\"Reda\u00e7\u00e3o\",\"image\":{\"@type\":\"ImageObject\",\"inLanguage\":\"pt-BR\",\"@id\":\"https:\/\/jornaltimoneiro.com.br\/#\/schema\/person\/image\/\",\"url\":\"https:\/\/secure.gravatar.com\/avatar\/2f04e1b304682a8d9db336c7acd77f08?s=96&d=mm&r=g\",\"contentUrl\":\"https:\/\/secure.gravatar.com\/avatar\/2f04e1b304682a8d9db336c7acd77f08?s=96&d=mm&r=g\",\"caption\":\"Reda\u00e7\u00e3o\"},\"url\":\"https:\/\/jornaltimoneiro.com.br\/index.php\/author\/timoneirocanoas\/\"}]}<\/script>\n<!-- \/ Yoast SEO plugin. -->","yoast_head_json":{"title":"Coluna de esporte volta \u00e0s p\u00e1ginas do jornal Timoneiro - O Timoneiro Jornal Canoas RS","robots":{"index":"index","follow":"follow","max-snippet":"max-snippet:-1","max-image-preview":"max-image-preview:large","max-video-preview":"max-video-preview:-1"},"canonical":"https:\/\/jornaltimoneiro.com.br\/index.php\/2018\/06\/29\/coluna-de-esporte-volta-as-paginas-do-jornal-timoneiro\/","og_locale":"pt_BR","og_type":"article","og_title":"Coluna de esporte volta \u00e0s p\u00e1ginas do jornal Timoneiro - O Timoneiro Jornal Canoas RS","og_description":"MARCELO MENDES* Inicio este meu retorno em primeiro lugar agradecendo ao diretor Dr. Jorge Uequed e ao editor-chefe do jornal pelo convite e pela confian\u00e7a depositada neste humilde colaborador. Nesta nova temporada traremos fatos e opini\u00f5es que possam contribuir ou pelo menos instigar algumas vis\u00f5es em rela\u00e7\u00e3o ao esporte em geral. E continuaremos dando espa\u00e7o [&hellip;]","og_url":"https:\/\/jornaltimoneiro.com.br\/index.php\/2018\/06\/29\/coluna-de-esporte-volta-as-paginas-do-jornal-timoneiro\/","og_site_name":"O Timoneiro Jornal Canoas RS","article_publisher":"https:\/\/www.facebook.com\/jornaltimoneiro","article_published_time":"2018-06-29T17:13:37+00:00","author":"Reda\u00e7\u00e3o","twitter_card":"summary_large_image","twitter_creator":"@_OTimoneiro","twitter_site":"@_OTimoneiro","twitter_misc":{"Escrito por":"Reda\u00e7\u00e3o","Est. tempo de leitura":"1 minuto"},"schema":{"@context":"https:\/\/schema.org","@graph":[{"@type":"Article","@id":"https:\/\/jornaltimoneiro.com.br\/index.php\/2018\/06\/29\/coluna-de-esporte-volta-as-paginas-do-jornal-timoneiro\/#article","isPartOf":{"@id":"https:\/\/jornaltimoneiro.com.br\/index.php\/2018\/06\/29\/coluna-de-esporte-volta-as-paginas-do-jornal-timoneiro\/"},"author":{"name":"Reda\u00e7\u00e3o","@id":"https:\/\/jornaltimoneiro.com.br\/#\/schema\/person\/620efd1d8244466117482be494360b08"},"headline":"Coluna de esporte volta \u00e0s p\u00e1ginas do jornal Timoneiro","datePublished":"2018-06-29T17:13:37+00:00","dateModified":"2018-06-29T17:13:37+00:00","mainEntityOfPage":{"@id":"https:\/\/jornaltimoneiro.com.br\/index.php\/2018\/06\/29\/coluna-de-esporte-volta-as-paginas-do-jornal-timoneiro\/"},"wordCount":257,"publisher":{"@id":"https:\/\/jornaltimoneiro.com.br\/#organization"},"articleSection":["Destaques"],"inLanguage":"pt-BR"},{"@type":"WebPage","@id":"https:\/\/jornaltimoneiro.com.br\/index.php\/2018\/06\/29\/coluna-de-esporte-volta-as-paginas-do-jornal-timoneiro\/","url":"https:\/\/jornaltimoneiro.com.br\/index.php\/2018\/06\/29\/coluna-de-esporte-volta-as-paginas-do-jornal-timoneiro\/","name":"Coluna de esporte volta \u00e0s p\u00e1ginas do jornal Timoneiro - O Timoneiro Jornal Canoas RS","isPartOf":{"@id":"https:\/\/jornaltimoneiro.com.br\/#website"},"datePublished":"2018-06-29T17:13:37+00:00","dateModified":"2018-06-29T17:13:37+00:00","breadcrumb":{"@id":"https:\/\/jornaltimoneiro.com.br\/index.php\/2018\/06\/29\/coluna-de-esporte-volta-as-paginas-do-jornal-timoneiro\/#breadcrumb"},"inLanguage":"pt-BR","potentialAction":[{"@type":"ReadAction","target":["https:\/\/jornaltimoneiro.com.br\/index.php\/2018\/06\/29\/coluna-de-esporte-volta-as-paginas-do-jornal-timoneiro\/"]}]},{"@type":"BreadcrumbList","@id":"https:\/\/jornaltimoneiro.com.br\/index.php\/2018\/06\/29\/coluna-de-esporte-volta-as-paginas-do-jornal-timoneiro\/#breadcrumb","itemListElement":[{"@type":"ListItem","position":1,"name":"In\u00edcio","item":"https:\/\/jornaltimoneiro.com.br\/"},{"@type":"ListItem","position":2,"name":"Coluna de esporte volta \u00e0s p\u00e1ginas do jornal Timoneiro"}]},{"@type":"WebSite","@id":"https:\/\/jornaltimoneiro.com.br\/#website","url":"https:\/\/jornaltimoneiro.com.br\/","name":"Jornal Timoneiro Canoas RS","description":"Jornal O Timoneiro, o verdadeiro jornal de Canoas","publisher":{"@id":"https:\/\/jornaltimoneiro.com.br\/#organization"},"potentialAction":[{"@type":"SearchAction","target":{"@type":"EntryPoint","urlTemplate":"https:\/\/jornaltimoneiro.com.br\/?s={search_term_string}"},"query-input":"required name=search_term_string"}],"inLanguage":"pt-BR"},{"@type":"Organization","@id":"https:\/\/jornaltimoneiro.com.br\/#organization","name":"Jornal Timoneiro Canoas RS","url":"https:\/\/jornaltimoneiro.com.br\/","logo":{"@type":"ImageObject","inLanguage":"pt-BR","@id":"https:\/\/jornaltimoneiro.com.br\/#\/schema\/logo\/image\/","url":"https:\/\/jornaltimoneiro.com.br\/wp-content\/uploads\/2023\/03\/logonovo.png","contentUrl":"https:\/\/jornaltimoneiro.com.br\/wp-content\/uploads\/2023\/03\/logonovo.png","width":"469","height":"171","caption":"Jornal Timoneiro Canoas RS"},"image":{"@id":"https:\/\/jornaltimoneiro.com.br\/#\/schema\/logo\/image\/"},"sameAs":["https:\/\/www.facebook.com\/jornaltimoneiro","https:\/\/twitter.com\/_OTimoneiro","https:\/\/www.instagram.com\/jornaltimoneirocanoas\/","https:\/\/www.youtube.com\/@jornalotimoneiro7927"]},{"@type":"Person","@id":"https:\/\/jornaltimoneiro.com.br\/#\/schema\/person\/620efd1d8244466117482be494360b08","name":"Reda\u00e7\u00e3o","image":{"@type":"ImageObject","inLanguage":"pt-BR","@id":"https:\/\/jornaltimoneiro.com.br\/#\/schema\/person\/image\/","url":"https:\/\/secure.gravatar.com\/avatar\/2f04e1b304682a8d9db336c7acd77f08?s=96&d=mm&r=g","contentUrl":"https:\/\/secure.gravatar.com\/avatar\/2f04e1b304682a8d9db336c7acd77f08?s=96&d=mm&r=g","caption":"Reda\u00e7\u00e3o"},"url":"https:\/\/jornaltimoneiro.com.br\/index.php\/author\/timoneirocanoas\/"}]}},"_links":{"self":[{"href":"https:\/\/jornaltimoneiro.com.br\/index.php\/wp-json\/wp\/v2\/posts\/10652"}],"collection":[{"href":"https:\/\/jornaltimoneiro.com.br\/index.php\/wp-json\/wp\/v2\/posts"}],"about":[{"href":"https:\/\/jornaltimoneiro.com.br\/index.php\/wp-json\/wp\/v2\/types\/post"}],"author":[{"embeddable":true,"href":"https:\/\/jornaltimoneiro.com.br\/index.php\/wp-json\/wp\/v2\/users\/1"}],"replies":[{"embeddable":true,"href":"https:\/\/jornaltimoneiro.com.br\/index.php\/wp-json\/wp\/v2\/comments?post=10652"}],"version-history":[{"count":0,"href":"https:\/\/jornaltimoneiro.com.br\/index.php\/wp-json\/wp\/v2\/posts\/10652\/revisions"}],"wp:featuredmedia":[{"embeddable":true,"href":"https:\/\/jornaltimoneiro.com.br\/index.php\/wp-json\/"}],"wp:attachment":[{"href":"https:\/\/jornaltimoneiro.com.br\/index.php\/wp-json\/wp\/v2\/media?parent=10652"}],"wp:term":[{"taxonomy":"category","embeddable":true,"href":"https:\/\/jornaltimoneiro.com.br\/index.php\/wp-json\/wp\/v2\/categories?post=10652"},{"taxonomy":"post_tag","embeddable":true,"href":"https:\/\/jornaltimoneiro.com.br\/index.php\/wp-json\/wp\/v2\/tags?post=10652"}],"curies":[{"name":"wp","href":"https:\/\/api.w.org\/{rel}","templated":true}]}}