{"id":10434,"date":"2015-05-15T08:47:44","date_gmt":"2015-05-15T11:47:44","guid":{"rendered":"http:\/\/otimoneiro.com.br\/?p=141"},"modified":"2015-05-15T08:47:44","modified_gmt":"2015-05-15T11:47:44","slug":"1a-prenda-natasha-bohrer-competira-na-estadual","status":"publish","type":"post","link":"https:\/\/jornaltimoneiro.com.br\/index.php\/2015\/05\/15\/1a-prenda-natasha-bohrer-competira-na-estadual\/","title":{"rendered":"1\u00aa Prenda Natasha Bohrer competir\u00e1 na estadual"},"content":{"rendered":"<div id=\"attachment_142\" style=\"width: 295px\" class=\"wp-caption alignleft\"><a href=\"http:\/\/otimoneiro.com.br\/wp-content\/uploads\/2015\/05\/Visitas-007.jpg\"><img decoding=\"async\" aria-describedby=\"caption-attachment-142\" class=\" wp-image-142\" src=\"http:\/\/otimoneiro.com.br\/wp-content\/uploads\/2015\/05\/Visitas-007-200x300.jpg\" alt=\"Natasha Bohrer, 1\u00aa Prenda da 12\u00aa Regi\u00e3o Tracionalista\" width=\"285\" height=\"428\" \/><\/a><p id=\"caption-attachment-142\" class=\"wp-caption-text\">Natasha Bohrer, 1\u00aa Prenda da 12\u00aa Regi\u00e3o Tracionalista<\/p><\/div>\n<p style=\"text-align: justify;\">Nesta semana, a 1\u00ba Prenda da 12\u00b0 Regi\u00e3o Tradicionalista, Natasha Sales Bohrer, 19 anos, visitou a reda\u00e7\u00e3o de O Timoneiro, trazendo a boa nova da 45\u00ba Ciranda Cultural de Prendas do Rio Grande do Sul que acontecer\u00e1 em Rio Grande. Natasha faz parte da comunidade do CTG Mata Nativa, centro que ingressou aos tr\u00eas anos de idade. Aos cinco j\u00e1 garantiu a primeira faixa, de bonequinha do CTG. Aos 16, tornou-se prenda juvenil do Mata Nativa e agora disputar\u00e1 a regional pela categoria adulta, representando Canoas, Esteio, Sapucaia do Sul, S\u00e3o Leopoldo e Nova Santa Rita. \u201cA competi\u00e7\u00e3o deve existir, mas ela nunca pode ser o principal. Fazer um bom trabalho e voltar feliz com o resultado \u00e9 o principal\u201d, explica Natasha.<br \/>\nEstudante de Jornalismo na Universidade Luterana do Brasil (Ulbra), sonha em usar a carreira para difundir o tradicionalismo. \u201cA falta de reconhecimento dos pr\u00f3prios ga\u00fachos e da m\u00eddia tira isso do dia a dia\u201d, comenta. Para ela, ser a primeira prenda representa muito mais do que usar uma pilcha. \u201c\u00c9 estar representando a mulher e a juventude tradicionalista, al\u00e9m de preservar o tradicionalismo e ajudar o estado no seu problema fundamental\u201d, termina.<br \/>\nPara a estudante de jornalismo, ajudar o estado em seu problema fundamental \u00e9 coisa muito s\u00e9ria. No seu entendimento, a corrup\u00e7\u00e3o \u00e9 o problema do momento. \u201cA corrup\u00e7\u00e3o, pois acaba agregando todas as coisas ruins: A mentira, a desonestidade\u201d, comenta a representante. Como atitudes para ajudar a sanar esse problema, Natasha ministrou aulas na Escola Municipal de Ensino Fundamental Arthur Pereira de Vargas, realizou amostras culturais, entre outros eventos, prometendo, por fim, dar continuidade e nunca deixar o tradicionalismo na m\u00e3o.<br \/>\nPara ser uma representante, algumas etapas s\u00e3o observadas, como, por exemplo, provas orais e escritas sobre a hist\u00f3ria e a geografia do estado e do pa\u00eds. Conhecer a tradi\u00e7\u00e3o e o folclore tamb\u00e9m contam pontos. Provas art\u00edsticas, declamar poemas ou tocar instrumentos e dan\u00e7a tradicional ga\u00facha fecham as etapas. \u201cA beleza n\u00e3o conta. N\u00e3o tem nada haver\u201d, lembra, fazendo quest\u00e3o de citar Fernanda Dutra, do mesmo CTG, que concorrer\u00e1 pela categoria juvenil.<br \/>\nO pai, Paulo Ricardo Bohrer, 49 anos, orgulhou-se com a trajet\u00f3ria da filha e prometeu acompanh\u00e1-la onde for necess\u00e1rio. \u201cDamos sempre apoio. Participamos h\u00e1 20 anos do CTG. Ter uma filha ou filho participando \u00e9 um orgulho. Ela disputar \u00e9 um orgulho\u201d, comenta Paulo, lembrando que Canoas \u00e9 a cidade com o maior n\u00famero de entidades tradicionalistas concentradas do estado.<\/p>\n<p style=\"text-align: justify;\">\n","protected":false},"excerpt":{"rendered":"<p>Miss\u00e3o da prenda \u00e9 levar as tradi\u00e7\u00f5es ga\u00fachas para onde for poss\u00edvel e nunca abandon\u00e1-la<\/p>\n","protected":false},"author":1,"featured_media":143,"comment_status":"open","ping_status":"open","sticky":false,"template":"","format":"standard","meta":{"amp_status":"","footnotes":""},"categories":[25,19,22],"tags":[],"class_list":["post-10434","post","type-post","status-publish","format-standard","has-post-thumbnail","hentry","category-comunidade","category-destaques","category-noticias"],"yoast_head":"<!-- This site is optimized with the Yoast SEO plugin v20.5 - https:\/\/yoast.com\/wordpress\/plugins\/seo\/ -->\n<title>1\u00aa Prenda Natasha Bohrer competir\u00e1 na estadual - O Timoneiro Jornal Canoas RS<\/title>\n<meta name=\"robots\" content=\"index, follow, max-snippet:-1, max-image-preview:large, max-video-preview:-1\" \/>\n<link rel=\"canonical\" href=\"https:\/\/jornaltimoneiro.com.br\/index.php\/2015\/05\/15\/1a-prenda-natasha-bohrer-competira-na-estadual\/\" \/>\n<meta property=\"og:locale\" content=\"pt_BR\" \/>\n<meta property=\"og:type\" content=\"article\" \/>\n<meta property=\"og:title\" content=\"1\u00aa Prenda Natasha Bohrer competir\u00e1 na estadual - O Timoneiro Jornal Canoas RS\" \/>\n<meta property=\"og:description\" content=\"Miss\u00e3o da prenda \u00e9 levar as tradi\u00e7\u00f5es ga\u00fachas para onde for poss\u00edvel e nunca abandon\u00e1-la\" \/>\n<meta property=\"og:url\" content=\"https:\/\/jornaltimoneiro.com.br\/index.php\/2015\/05\/15\/1a-prenda-natasha-bohrer-competira-na-estadual\/\" \/>\n<meta property=\"og:site_name\" content=\"O Timoneiro Jornal Canoas RS\" \/>\n<meta property=\"article:publisher\" content=\"https:\/\/www.facebook.com\/jornaltimoneiro\" \/>\n<meta property=\"article:published_time\" content=\"2015-05-15T11:47:44+00:00\" \/>\n<meta name=\"author\" content=\"Reda\u00e7\u00e3o\" \/>\n<meta name=\"twitter:card\" content=\"summary_large_image\" \/>\n<meta name=\"twitter:creator\" content=\"@_OTimoneiro\" \/>\n<meta name=\"twitter:site\" content=\"@_OTimoneiro\" \/>\n<meta name=\"twitter:label1\" content=\"Escrito por\" \/>\n\t<meta name=\"twitter:data1\" content=\"Reda\u00e7\u00e3o\" \/>\n\t<meta name=\"twitter:label2\" content=\"Est. tempo de leitura\" \/>\n\t<meta name=\"twitter:data2\" content=\"2 minutos\" \/>\n<script type=\"application\/ld+json\" class=\"yoast-schema-graph\">{\"@context\":\"https:\/\/schema.org\",\"@graph\":[{\"@type\":\"Article\",\"@id\":\"https:\/\/jornaltimoneiro.com.br\/index.php\/2015\/05\/15\/1a-prenda-natasha-bohrer-competira-na-estadual\/#article\",\"isPartOf\":{\"@id\":\"https:\/\/jornaltimoneiro.com.br\/index.php\/2015\/05\/15\/1a-prenda-natasha-bohrer-competira-na-estadual\/\"},\"author\":{\"name\":\"Reda\u00e7\u00e3o\",\"@id\":\"https:\/\/jornaltimoneiro.com.br\/#\/schema\/person\/620efd1d8244466117482be494360b08\"},\"headline\":\"1\u00aa Prenda Natasha Bohrer competir\u00e1 na estadual\",\"datePublished\":\"2015-05-15T11:47:44+00:00\",\"dateModified\":\"2015-05-15T11:47:44+00:00\",\"mainEntityOfPage\":{\"@id\":\"https:\/\/jornaltimoneiro.com.br\/index.php\/2015\/05\/15\/1a-prenda-natasha-bohrer-competira-na-estadual\/\"},\"wordCount\":441,\"commentCount\":0,\"publisher\":{\"@id\":\"https:\/\/jornaltimoneiro.com.br\/#organization\"},\"articleSection\":[\"Comunidade\",\"Destaques\",\"Not\u00edcias\"],\"inLanguage\":\"pt-BR\",\"potentialAction\":[{\"@type\":\"CommentAction\",\"name\":\"Comment\",\"target\":[\"https:\/\/jornaltimoneiro.com.br\/index.php\/2015\/05\/15\/1a-prenda-natasha-bohrer-competira-na-estadual\/#respond\"]}]},{\"@type\":\"WebPage\",\"@id\":\"https:\/\/jornaltimoneiro.com.br\/index.php\/2015\/05\/15\/1a-prenda-natasha-bohrer-competira-na-estadual\/\",\"url\":\"https:\/\/jornaltimoneiro.com.br\/index.php\/2015\/05\/15\/1a-prenda-natasha-bohrer-competira-na-estadual\/\",\"name\":\"1\u00aa Prenda Natasha Bohrer competir\u00e1 na estadual - O Timoneiro Jornal Canoas RS\",\"isPartOf\":{\"@id\":\"https:\/\/jornaltimoneiro.com.br\/#website\"},\"datePublished\":\"2015-05-15T11:47:44+00:00\",\"dateModified\":\"2015-05-15T11:47:44+00:00\",\"breadcrumb\":{\"@id\":\"https:\/\/jornaltimoneiro.com.br\/index.php\/2015\/05\/15\/1a-prenda-natasha-bohrer-competira-na-estadual\/#breadcrumb\"},\"inLanguage\":\"pt-BR\",\"potentialAction\":[{\"@type\":\"ReadAction\",\"target\":[\"https:\/\/jornaltimoneiro.com.br\/index.php\/2015\/05\/15\/1a-prenda-natasha-bohrer-competira-na-estadual\/\"]}]},{\"@type\":\"BreadcrumbList\",\"@id\":\"https:\/\/jornaltimoneiro.com.br\/index.php\/2015\/05\/15\/1a-prenda-natasha-bohrer-competira-na-estadual\/#breadcrumb\",\"itemListElement\":[{\"@type\":\"ListItem\",\"position\":1,\"name\":\"In\u00edcio\",\"item\":\"https:\/\/jornaltimoneiro.com.br\/\"},{\"@type\":\"ListItem\",\"position\":2,\"name\":\"1\u00aa Prenda Natasha Bohrer competir\u00e1 na estadual\"}]},{\"@type\":\"WebSite\",\"@id\":\"https:\/\/jornaltimoneiro.com.br\/#website\",\"url\":\"https:\/\/jornaltimoneiro.com.br\/\",\"name\":\"Jornal Timoneiro Canoas RS\",\"description\":\"Jornal O Timoneiro, o verdadeiro jornal de Canoas\",\"publisher\":{\"@id\":\"https:\/\/jornaltimoneiro.com.br\/#organization\"},\"potentialAction\":[{\"@type\":\"SearchAction\",\"target\":{\"@type\":\"EntryPoint\",\"urlTemplate\":\"https:\/\/jornaltimoneiro.com.br\/?s={search_term_string}\"},\"query-input\":\"required name=search_term_string\"}],\"inLanguage\":\"pt-BR\"},{\"@type\":\"Organization\",\"@id\":\"https:\/\/jornaltimoneiro.com.br\/#organization\",\"name\":\"Jornal Timoneiro Canoas RS\",\"url\":\"https:\/\/jornaltimoneiro.com.br\/\",\"logo\":{\"@type\":\"ImageObject\",\"inLanguage\":\"pt-BR\",\"@id\":\"https:\/\/jornaltimoneiro.com.br\/#\/schema\/logo\/image\/\",\"url\":\"https:\/\/jornaltimoneiro.com.br\/wp-content\/uploads\/2023\/03\/logonovo.png\",\"contentUrl\":\"https:\/\/jornaltimoneiro.com.br\/wp-content\/uploads\/2023\/03\/logonovo.png\",\"width\":\"469\",\"height\":\"171\",\"caption\":\"Jornal Timoneiro Canoas RS\"},\"image\":{\"@id\":\"https:\/\/jornaltimoneiro.com.br\/#\/schema\/logo\/image\/\"},\"sameAs\":[\"https:\/\/www.facebook.com\/jornaltimoneiro\",\"https:\/\/twitter.com\/_OTimoneiro\",\"https:\/\/www.instagram.com\/jornaltimoneirocanoas\/\",\"https:\/\/www.youtube.com\/@jornalotimoneiro7927\"]},{\"@type\":\"Person\",\"@id\":\"https:\/\/jornaltimoneiro.com.br\/#\/schema\/person\/620efd1d8244466117482be494360b08\",\"name\":\"Reda\u00e7\u00e3o\",\"image\":{\"@type\":\"ImageObject\",\"inLanguage\":\"pt-BR\",\"@id\":\"https:\/\/jornaltimoneiro.com.br\/#\/schema\/person\/image\/\",\"url\":\"https:\/\/secure.gravatar.com\/avatar\/2f04e1b304682a8d9db336c7acd77f08?s=96&d=mm&r=g\",\"contentUrl\":\"https:\/\/secure.gravatar.com\/avatar\/2f04e1b304682a8d9db336c7acd77f08?s=96&d=mm&r=g\",\"caption\":\"Reda\u00e7\u00e3o\"},\"url\":\"https:\/\/jornaltimoneiro.com.br\/index.php\/author\/timoneirocanoas\/\"}]}<\/script>\n<!-- \/ Yoast SEO plugin. -->","yoast_head_json":{"title":"1\u00aa Prenda Natasha Bohrer competir\u00e1 na estadual - O Timoneiro Jornal Canoas RS","robots":{"index":"index","follow":"follow","max-snippet":"max-snippet:-1","max-image-preview":"max-image-preview:large","max-video-preview":"max-video-preview:-1"},"canonical":"https:\/\/jornaltimoneiro.com.br\/index.php\/2015\/05\/15\/1a-prenda-natasha-bohrer-competira-na-estadual\/","og_locale":"pt_BR","og_type":"article","og_title":"1\u00aa Prenda Natasha Bohrer competir\u00e1 na estadual - O Timoneiro Jornal Canoas RS","og_description":"Miss\u00e3o da prenda \u00e9 levar as tradi\u00e7\u00f5es ga\u00fachas para onde for poss\u00edvel e nunca abandon\u00e1-la","og_url":"https:\/\/jornaltimoneiro.com.br\/index.php\/2015\/05\/15\/1a-prenda-natasha-bohrer-competira-na-estadual\/","og_site_name":"O Timoneiro Jornal Canoas RS","article_publisher":"https:\/\/www.facebook.com\/jornaltimoneiro","article_published_time":"2015-05-15T11:47:44+00:00","author":"Reda\u00e7\u00e3o","twitter_card":"summary_large_image","twitter_creator":"@_OTimoneiro","twitter_site":"@_OTimoneiro","twitter_misc":{"Escrito por":"Reda\u00e7\u00e3o","Est. tempo de leitura":"2 minutos"},"schema":{"@context":"https:\/\/schema.org","@graph":[{"@type":"Article","@id":"https:\/\/jornaltimoneiro.com.br\/index.php\/2015\/05\/15\/1a-prenda-natasha-bohrer-competira-na-estadual\/#article","isPartOf":{"@id":"https:\/\/jornaltimoneiro.com.br\/index.php\/2015\/05\/15\/1a-prenda-natasha-bohrer-competira-na-estadual\/"},"author":{"name":"Reda\u00e7\u00e3o","@id":"https:\/\/jornaltimoneiro.com.br\/#\/schema\/person\/620efd1d8244466117482be494360b08"},"headline":"1\u00aa Prenda Natasha Bohrer competir\u00e1 na estadual","datePublished":"2015-05-15T11:47:44+00:00","dateModified":"2015-05-15T11:47:44+00:00","mainEntityOfPage":{"@id":"https:\/\/jornaltimoneiro.com.br\/index.php\/2015\/05\/15\/1a-prenda-natasha-bohrer-competira-na-estadual\/"},"wordCount":441,"commentCount":0,"publisher":{"@id":"https:\/\/jornaltimoneiro.com.br\/#organization"},"articleSection":["Comunidade","Destaques","Not\u00edcias"],"inLanguage":"pt-BR","potentialAction":[{"@type":"CommentAction","name":"Comment","target":["https:\/\/jornaltimoneiro.com.br\/index.php\/2015\/05\/15\/1a-prenda-natasha-bohrer-competira-na-estadual\/#respond"]}]},{"@type":"WebPage","@id":"https:\/\/jornaltimoneiro.com.br\/index.php\/2015\/05\/15\/1a-prenda-natasha-bohrer-competira-na-estadual\/","url":"https:\/\/jornaltimoneiro.com.br\/index.php\/2015\/05\/15\/1a-prenda-natasha-bohrer-competira-na-estadual\/","name":"1\u00aa Prenda Natasha Bohrer competir\u00e1 na estadual - O Timoneiro Jornal Canoas RS","isPartOf":{"@id":"https:\/\/jornaltimoneiro.com.br\/#website"},"datePublished":"2015-05-15T11:47:44+00:00","dateModified":"2015-05-15T11:47:44+00:00","breadcrumb":{"@id":"https:\/\/jornaltimoneiro.com.br\/index.php\/2015\/05\/15\/1a-prenda-natasha-bohrer-competira-na-estadual\/#breadcrumb"},"inLanguage":"pt-BR","potentialAction":[{"@type":"ReadAction","target":["https:\/\/jornaltimoneiro.com.br\/index.php\/2015\/05\/15\/1a-prenda-natasha-bohrer-competira-na-estadual\/"]}]},{"@type":"BreadcrumbList","@id":"https:\/\/jornaltimoneiro.com.br\/index.php\/2015\/05\/15\/1a-prenda-natasha-bohrer-competira-na-estadual\/#breadcrumb","itemListElement":[{"@type":"ListItem","position":1,"name":"In\u00edcio","item":"https:\/\/jornaltimoneiro.com.br\/"},{"@type":"ListItem","position":2,"name":"1\u00aa Prenda Natasha Bohrer competir\u00e1 na estadual"}]},{"@type":"WebSite","@id":"https:\/\/jornaltimoneiro.com.br\/#website","url":"https:\/\/jornaltimoneiro.com.br\/","name":"Jornal Timoneiro Canoas RS","description":"Jornal O Timoneiro, o verdadeiro jornal de Canoas","publisher":{"@id":"https:\/\/jornaltimoneiro.com.br\/#organization"},"potentialAction":[{"@type":"SearchAction","target":{"@type":"EntryPoint","urlTemplate":"https:\/\/jornaltimoneiro.com.br\/?s={search_term_string}"},"query-input":"required name=search_term_string"}],"inLanguage":"pt-BR"},{"@type":"Organization","@id":"https:\/\/jornaltimoneiro.com.br\/#organization","name":"Jornal Timoneiro Canoas RS","url":"https:\/\/jornaltimoneiro.com.br\/","logo":{"@type":"ImageObject","inLanguage":"pt-BR","@id":"https:\/\/jornaltimoneiro.com.br\/#\/schema\/logo\/image\/","url":"https:\/\/jornaltimoneiro.com.br\/wp-content\/uploads\/2023\/03\/logonovo.png","contentUrl":"https:\/\/jornaltimoneiro.com.br\/wp-content\/uploads\/2023\/03\/logonovo.png","width":"469","height":"171","caption":"Jornal Timoneiro Canoas RS"},"image":{"@id":"https:\/\/jornaltimoneiro.com.br\/#\/schema\/logo\/image\/"},"sameAs":["https:\/\/www.facebook.com\/jornaltimoneiro","https:\/\/twitter.com\/_OTimoneiro","https:\/\/www.instagram.com\/jornaltimoneirocanoas\/","https:\/\/www.youtube.com\/@jornalotimoneiro7927"]},{"@type":"Person","@id":"https:\/\/jornaltimoneiro.com.br\/#\/schema\/person\/620efd1d8244466117482be494360b08","name":"Reda\u00e7\u00e3o","image":{"@type":"ImageObject","inLanguage":"pt-BR","@id":"https:\/\/jornaltimoneiro.com.br\/#\/schema\/person\/image\/","url":"https:\/\/secure.gravatar.com\/avatar\/2f04e1b304682a8d9db336c7acd77f08?s=96&d=mm&r=g","contentUrl":"https:\/\/secure.gravatar.com\/avatar\/2f04e1b304682a8d9db336c7acd77f08?s=96&d=mm&r=g","caption":"Reda\u00e7\u00e3o"},"url":"https:\/\/jornaltimoneiro.com.br\/index.php\/author\/timoneirocanoas\/"}]}},"_links":{"self":[{"href":"https:\/\/jornaltimoneiro.com.br\/index.php\/wp-json\/wp\/v2\/posts\/10434"}],"collection":[{"href":"https:\/\/jornaltimoneiro.com.br\/index.php\/wp-json\/wp\/v2\/posts"}],"about":[{"href":"https:\/\/jornaltimoneiro.com.br\/index.php\/wp-json\/wp\/v2\/types\/post"}],"author":[{"embeddable":true,"href":"https:\/\/jornaltimoneiro.com.br\/index.php\/wp-json\/wp\/v2\/users\/1"}],"replies":[{"embeddable":true,"href":"https:\/\/jornaltimoneiro.com.br\/index.php\/wp-json\/wp\/v2\/comments?post=10434"}],"version-history":[{"count":0,"href":"https:\/\/jornaltimoneiro.com.br\/index.php\/wp-json\/wp\/v2\/posts\/10434\/revisions"}],"wp:featuredmedia":[{"embeddable":true,"href":"https:\/\/jornaltimoneiro.com.br\/index.php\/wp-json\/"}],"wp:attachment":[{"href":"https:\/\/jornaltimoneiro.com.br\/index.php\/wp-json\/wp\/v2\/media?parent=10434"}],"wp:term":[{"taxonomy":"category","embeddable":true,"href":"https:\/\/jornaltimoneiro.com.br\/index.php\/wp-json\/wp\/v2\/categories?post=10434"},{"taxonomy":"post_tag","embeddable":true,"href":"https:\/\/jornaltimoneiro.com.br\/index.php\/wp-json\/wp\/v2\/tags?post=10434"}],"curies":[{"name":"wp","href":"https:\/\/api.w.org\/{rel}","templated":true}]}}