{"id":10426,"date":"2015-05-08T14:09:03","date_gmt":"2015-05-08T17:09:03","guid":{"rendered":"http:\/\/otimoneiro.com.br\/?p=101"},"modified":"2015-05-08T14:09:03","modified_gmt":"2015-05-08T17:09:03","slug":"entregue-premio-lider-comunitario-na-camara","status":"publish","type":"post","link":"https:\/\/jornaltimoneiro.com.br\/index.php\/2015\/05\/08\/entregue-premio-lider-comunitario-na-camara\/","title":{"rendered":"Entregue Pr\u00eamio L\u00edder Comunit\u00e1rio na C\u00e2mara"},"content":{"rendered":"<p style=\"text-align: justify;\"><a href=\"http:\/\/otimoneiro.com.br\/wp-content\/uploads\/2015\/05\/IMG_0787.jpg\"><img decoding=\"async\" class=\" size-medium wp-image-134 alignright\" src=\"http:\/\/otimoneiro.com.br\/wp-content\/uploads\/2015\/05\/IMG_0787-300x200.jpg\" alt=\"IMG_0787\" width=\"300\" height=\"200\" \/><\/a><\/p>\n<p style=\"text-align: justify;\">Na sess\u00e3o de ter\u00e7a-feira, 5, a C\u00e2mara dos Vereadores entregou o Pr\u00eamio L\u00edder Comunit\u00e1rio Cl\u00e9sio Aires de Oliveira, alusivo ao Dia do L\u00edder Comunit\u00e1rio. O projeto foi criado pelo vereador D\u00e1rio da Silveira (PDT). Ivo Fiorotti (PT), l\u00edder da bancada do governo, foi quem teve a iniciativa de instituir o pr\u00eamio.<\/p>\n<p style=\"text-align: justify;\">Cl\u00e9sio Aires de Oliveira, que leva nome ao t\u00edtulo, foi pioneiro na ocupa\u00e7\u00e3o da Vila Uni\u00e3o dos Oper\u00e1rios, um dos fundadores e primeiro Presidente da Uamca \u2013 Uni\u00e3o das Associa\u00e7\u00f5es de Moradores de Canoas. A C\u00e2mara descreveu Cl\u00e9sio em seu cerimonial. \u201cFoi militante comunit\u00e1rio que soube transformar a indigna\u00e7\u00e3o frente ao desemprego, a falta de moradia e de condi\u00e7\u00f5es m\u00ednimas de vida e dignidade, em a\u00e7\u00f5es de solidariedade, articula\u00e7\u00f5es e organiza\u00e7\u00e3o de demandas em movimentos comunit\u00e1rios visando conquistas sociais para a maioria das vilas e bairros de Canoas\u201d.<br \/>\nOs vereadores que fizeram uso da palavra foram Alexandre Gon\u00e7alves (PR), Alo\u00edsio Bamberg (PLL), Gemelson Sperandio Pompeu (PTB), Ivo Lech (PMDB) representando o PMDB e fazendo o pronunciamento pela bancada do PSDB em nome do vereador Marcos Ronchetti. Dando sequ\u00eancia, Juares Hoy (PDT), Paulinho de Od\u00e9 (PT), C\u00e9sar Augusto (PRB), Jos\u00e9 Carlos Patr\u00edcio (PSD) e Airton Souza (PP). Falando em nome dos convidados, o pastor Ayres Rodrigo Teixeira da Silva.<\/p>\n<p style=\"text-align: justify;\">\n<strong>Homenageados<\/strong><br \/>\n<strong>Bancada do PR:<\/strong> Tatiano Correa Machado<br \/>\n<strong>Bancada do PPL:<\/strong> Marta Maciel de Sena<br \/>\n<strong>Bancada do PTB:<\/strong> Carlos Roberto Fava<br \/>\n<strong>Bancada do PSDB:<\/strong> Naira Cezar Carvalho<br \/>\n<strong>Bancada do PMDB:<\/strong> Roselaine de Lima Tavares<br \/>\n<strong>Bancada do PDT:<\/strong> Marcelo de Ata\u00fajo Mendes<br \/>\n<strong>Bancada do PT:<\/strong> Valoir Oliveira Mendes<br \/>\n<strong>Bancada do PRB:<\/strong> Ant\u00f4nio Fl\u00e1vio Carvalho<br \/>\n<strong>Bancada do PSD:<\/strong> Ayres Rodrigo Teixeira da Silva<br \/>\n<strong>Bancada do PP:<\/strong> Darci Jos\u00e9 Concei\u00e7\u00e3o<\/p>\n","protected":false},"excerpt":{"rendered":"<p>Na sess\u00e3o de ter\u00e7a-feira, 5, a C\u00e2mara dos Vereadores entregou o Pr\u00eamio L\u00edder Comunit\u00e1rio Cl\u00e9sio Aires de Oliveira, alusivo ao Dia do L\u00edder Comunit\u00e1rio. O projeto foi criado pelo vereador D\u00e1rio da Silveira (PDT). Ivo Fiorotti (PT), l\u00edder da bancada do governo, foi quem teve a iniciativa de instituir o pr\u00eamio. Cl\u00e9sio Aires de Oliveira, [&hellip;]<\/p>\n","protected":false},"author":1,"featured_media":0,"comment_status":"open","ping_status":"open","sticky":false,"template":"","format":"standard","meta":{"amp_status":"","footnotes":""},"categories":[25,19,20],"tags":[],"class_list":["post-10426","post","type-post","status-publish","format-standard","hentry","category-comunidade","category-destaques","category-politica-noticias"],"yoast_head":"<!-- This site is optimized with the Yoast SEO plugin v20.5 - https:\/\/yoast.com\/wordpress\/plugins\/seo\/ -->\n<title>Entregue Pr\u00eamio L\u00edder Comunit\u00e1rio na C\u00e2mara - O Timoneiro Jornal Canoas RS<\/title>\n<meta name=\"robots\" content=\"index, follow, max-snippet:-1, max-image-preview:large, max-video-preview:-1\" \/>\n<link rel=\"canonical\" href=\"https:\/\/jornaltimoneiro.com.br\/index.php\/2015\/05\/08\/entregue-premio-lider-comunitario-na-camara\/\" \/>\n<meta property=\"og:locale\" content=\"pt_BR\" \/>\n<meta property=\"og:type\" content=\"article\" \/>\n<meta property=\"og:title\" content=\"Entregue Pr\u00eamio L\u00edder Comunit\u00e1rio na C\u00e2mara - O Timoneiro Jornal Canoas RS\" \/>\n<meta property=\"og:description\" content=\"Na sess\u00e3o de ter\u00e7a-feira, 5, a C\u00e2mara dos Vereadores entregou o Pr\u00eamio L\u00edder Comunit\u00e1rio Cl\u00e9sio Aires de Oliveira, alusivo ao Dia do L\u00edder Comunit\u00e1rio. O projeto foi criado pelo vereador D\u00e1rio da Silveira (PDT). Ivo Fiorotti (PT), l\u00edder da bancada do governo, foi quem teve a iniciativa de instituir o pr\u00eamio. Cl\u00e9sio Aires de Oliveira, [&hellip;]\" \/>\n<meta property=\"og:url\" content=\"https:\/\/jornaltimoneiro.com.br\/index.php\/2015\/05\/08\/entregue-premio-lider-comunitario-na-camara\/\" \/>\n<meta property=\"og:site_name\" content=\"O Timoneiro Jornal Canoas RS\" \/>\n<meta property=\"article:publisher\" content=\"https:\/\/www.facebook.com\/jornaltimoneiro\" \/>\n<meta property=\"article:published_time\" content=\"2015-05-08T17:09:03+00:00\" \/>\n<meta property=\"og:image\" content=\"http:\/\/otimoneiro.com.br\/wp-content\/uploads\/2015\/05\/IMG_0787-300x200.jpg\" \/>\n<meta name=\"author\" content=\"Reda\u00e7\u00e3o\" \/>\n<meta name=\"twitter:card\" content=\"summary_large_image\" \/>\n<meta name=\"twitter:creator\" content=\"@_OTimoneiro\" \/>\n<meta name=\"twitter:site\" content=\"@_OTimoneiro\" \/>\n<meta name=\"twitter:label1\" content=\"Escrito por\" \/>\n\t<meta name=\"twitter:data1\" content=\"Reda\u00e7\u00e3o\" \/>\n\t<meta name=\"twitter:label2\" content=\"Est. tempo de leitura\" \/>\n\t<meta name=\"twitter:data2\" content=\"2 minutos\" \/>\n<script type=\"application\/ld+json\" class=\"yoast-schema-graph\">{\"@context\":\"https:\/\/schema.org\",\"@graph\":[{\"@type\":\"Article\",\"@id\":\"https:\/\/jornaltimoneiro.com.br\/index.php\/2015\/05\/08\/entregue-premio-lider-comunitario-na-camara\/#article\",\"isPartOf\":{\"@id\":\"https:\/\/jornaltimoneiro.com.br\/index.php\/2015\/05\/08\/entregue-premio-lider-comunitario-na-camara\/\"},\"author\":{\"name\":\"Reda\u00e7\u00e3o\",\"@id\":\"https:\/\/jornaltimoneiro.com.br\/#\/schema\/person\/620efd1d8244466117482be494360b08\"},\"headline\":\"Entregue Pr\u00eamio L\u00edder Comunit\u00e1rio na C\u00e2mara\",\"datePublished\":\"2015-05-08T17:09:03+00:00\",\"dateModified\":\"2015-05-08T17:09:03+00:00\",\"mainEntityOfPage\":{\"@id\":\"https:\/\/jornaltimoneiro.com.br\/index.php\/2015\/05\/08\/entregue-premio-lider-comunitario-na-camara\/\"},\"wordCount\":321,\"commentCount\":0,\"publisher\":{\"@id\":\"https:\/\/jornaltimoneiro.com.br\/#organization\"},\"articleSection\":[\"Comunidade\",\"Destaques\",\"Pol\u00edtica\"],\"inLanguage\":\"pt-BR\",\"potentialAction\":[{\"@type\":\"CommentAction\",\"name\":\"Comment\",\"target\":[\"https:\/\/jornaltimoneiro.com.br\/index.php\/2015\/05\/08\/entregue-premio-lider-comunitario-na-camara\/#respond\"]}]},{\"@type\":\"WebPage\",\"@id\":\"https:\/\/jornaltimoneiro.com.br\/index.php\/2015\/05\/08\/entregue-premio-lider-comunitario-na-camara\/\",\"url\":\"https:\/\/jornaltimoneiro.com.br\/index.php\/2015\/05\/08\/entregue-premio-lider-comunitario-na-camara\/\",\"name\":\"Entregue Pr\u00eamio L\u00edder Comunit\u00e1rio na C\u00e2mara - O Timoneiro Jornal Canoas RS\",\"isPartOf\":{\"@id\":\"https:\/\/jornaltimoneiro.com.br\/#website\"},\"datePublished\":\"2015-05-08T17:09:03+00:00\",\"dateModified\":\"2015-05-08T17:09:03+00:00\",\"breadcrumb\":{\"@id\":\"https:\/\/jornaltimoneiro.com.br\/index.php\/2015\/05\/08\/entregue-premio-lider-comunitario-na-camara\/#breadcrumb\"},\"inLanguage\":\"pt-BR\",\"potentialAction\":[{\"@type\":\"ReadAction\",\"target\":[\"https:\/\/jornaltimoneiro.com.br\/index.php\/2015\/05\/08\/entregue-premio-lider-comunitario-na-camara\/\"]}]},{\"@type\":\"BreadcrumbList\",\"@id\":\"https:\/\/jornaltimoneiro.com.br\/index.php\/2015\/05\/08\/entregue-premio-lider-comunitario-na-camara\/#breadcrumb\",\"itemListElement\":[{\"@type\":\"ListItem\",\"position\":1,\"name\":\"In\u00edcio\",\"item\":\"https:\/\/jornaltimoneiro.com.br\/\"},{\"@type\":\"ListItem\",\"position\":2,\"name\":\"Entregue Pr\u00eamio L\u00edder Comunit\u00e1rio na C\u00e2mara\"}]},{\"@type\":\"WebSite\",\"@id\":\"https:\/\/jornaltimoneiro.com.br\/#website\",\"url\":\"https:\/\/jornaltimoneiro.com.br\/\",\"name\":\"Jornal Timoneiro Canoas RS\",\"description\":\"Jornal O Timoneiro, o verdadeiro jornal de Canoas\",\"publisher\":{\"@id\":\"https:\/\/jornaltimoneiro.com.br\/#organization\"},\"potentialAction\":[{\"@type\":\"SearchAction\",\"target\":{\"@type\":\"EntryPoint\",\"urlTemplate\":\"https:\/\/jornaltimoneiro.com.br\/?s={search_term_string}\"},\"query-input\":\"required name=search_term_string\"}],\"inLanguage\":\"pt-BR\"},{\"@type\":\"Organization\",\"@id\":\"https:\/\/jornaltimoneiro.com.br\/#organization\",\"name\":\"Jornal Timoneiro Canoas RS\",\"url\":\"https:\/\/jornaltimoneiro.com.br\/\",\"logo\":{\"@type\":\"ImageObject\",\"inLanguage\":\"pt-BR\",\"@id\":\"https:\/\/jornaltimoneiro.com.br\/#\/schema\/logo\/image\/\",\"url\":\"https:\/\/jornaltimoneiro.com.br\/wp-content\/uploads\/2023\/03\/logonovo.png\",\"contentUrl\":\"https:\/\/jornaltimoneiro.com.br\/wp-content\/uploads\/2023\/03\/logonovo.png\",\"width\":\"469\",\"height\":\"171\",\"caption\":\"Jornal Timoneiro Canoas RS\"},\"image\":{\"@id\":\"https:\/\/jornaltimoneiro.com.br\/#\/schema\/logo\/image\/\"},\"sameAs\":[\"https:\/\/www.facebook.com\/jornaltimoneiro\",\"https:\/\/twitter.com\/_OTimoneiro\",\"https:\/\/www.instagram.com\/jornaltimoneirocanoas\/\",\"https:\/\/www.youtube.com\/@jornalotimoneiro7927\"]},{\"@type\":\"Person\",\"@id\":\"https:\/\/jornaltimoneiro.com.br\/#\/schema\/person\/620efd1d8244466117482be494360b08\",\"name\":\"Reda\u00e7\u00e3o\",\"image\":{\"@type\":\"ImageObject\",\"inLanguage\":\"pt-BR\",\"@id\":\"https:\/\/jornaltimoneiro.com.br\/#\/schema\/person\/image\/\",\"url\":\"https:\/\/secure.gravatar.com\/avatar\/2f04e1b304682a8d9db336c7acd77f08?s=96&d=mm&r=g\",\"contentUrl\":\"https:\/\/secure.gravatar.com\/avatar\/2f04e1b304682a8d9db336c7acd77f08?s=96&d=mm&r=g\",\"caption\":\"Reda\u00e7\u00e3o\"},\"url\":\"https:\/\/jornaltimoneiro.com.br\/index.php\/author\/timoneirocanoas\/\"}]}<\/script>\n<!-- \/ Yoast SEO plugin. -->","yoast_head_json":{"title":"Entregue Pr\u00eamio L\u00edder Comunit\u00e1rio na C\u00e2mara - O Timoneiro Jornal Canoas RS","robots":{"index":"index","follow":"follow","max-snippet":"max-snippet:-1","max-image-preview":"max-image-preview:large","max-video-preview":"max-video-preview:-1"},"canonical":"https:\/\/jornaltimoneiro.com.br\/index.php\/2015\/05\/08\/entregue-premio-lider-comunitario-na-camara\/","og_locale":"pt_BR","og_type":"article","og_title":"Entregue Pr\u00eamio L\u00edder Comunit\u00e1rio na C\u00e2mara - O Timoneiro Jornal Canoas RS","og_description":"Na sess\u00e3o de ter\u00e7a-feira, 5, a C\u00e2mara dos Vereadores entregou o Pr\u00eamio L\u00edder Comunit\u00e1rio Cl\u00e9sio Aires de Oliveira, alusivo ao Dia do L\u00edder Comunit\u00e1rio. O projeto foi criado pelo vereador D\u00e1rio da Silveira (PDT). Ivo Fiorotti (PT), l\u00edder da bancada do governo, foi quem teve a iniciativa de instituir o pr\u00eamio. Cl\u00e9sio Aires de Oliveira, [&hellip;]","og_url":"https:\/\/jornaltimoneiro.com.br\/index.php\/2015\/05\/08\/entregue-premio-lider-comunitario-na-camara\/","og_site_name":"O Timoneiro Jornal Canoas RS","article_publisher":"https:\/\/www.facebook.com\/jornaltimoneiro","article_published_time":"2015-05-08T17:09:03+00:00","og_image":[{"url":"http:\/\/otimoneiro.com.br\/wp-content\/uploads\/2015\/05\/IMG_0787-300x200.jpg"}],"author":"Reda\u00e7\u00e3o","twitter_card":"summary_large_image","twitter_creator":"@_OTimoneiro","twitter_site":"@_OTimoneiro","twitter_misc":{"Escrito por":"Reda\u00e7\u00e3o","Est. tempo de leitura":"2 minutos"},"schema":{"@context":"https:\/\/schema.org","@graph":[{"@type":"Article","@id":"https:\/\/jornaltimoneiro.com.br\/index.php\/2015\/05\/08\/entregue-premio-lider-comunitario-na-camara\/#article","isPartOf":{"@id":"https:\/\/jornaltimoneiro.com.br\/index.php\/2015\/05\/08\/entregue-premio-lider-comunitario-na-camara\/"},"author":{"name":"Reda\u00e7\u00e3o","@id":"https:\/\/jornaltimoneiro.com.br\/#\/schema\/person\/620efd1d8244466117482be494360b08"},"headline":"Entregue Pr\u00eamio L\u00edder Comunit\u00e1rio na C\u00e2mara","datePublished":"2015-05-08T17:09:03+00:00","dateModified":"2015-05-08T17:09:03+00:00","mainEntityOfPage":{"@id":"https:\/\/jornaltimoneiro.com.br\/index.php\/2015\/05\/08\/entregue-premio-lider-comunitario-na-camara\/"},"wordCount":321,"commentCount":0,"publisher":{"@id":"https:\/\/jornaltimoneiro.com.br\/#organization"},"articleSection":["Comunidade","Destaques","Pol\u00edtica"],"inLanguage":"pt-BR","potentialAction":[{"@type":"CommentAction","name":"Comment","target":["https:\/\/jornaltimoneiro.com.br\/index.php\/2015\/05\/08\/entregue-premio-lider-comunitario-na-camara\/#respond"]}]},{"@type":"WebPage","@id":"https:\/\/jornaltimoneiro.com.br\/index.php\/2015\/05\/08\/entregue-premio-lider-comunitario-na-camara\/","url":"https:\/\/jornaltimoneiro.com.br\/index.php\/2015\/05\/08\/entregue-premio-lider-comunitario-na-camara\/","name":"Entregue Pr\u00eamio L\u00edder Comunit\u00e1rio na C\u00e2mara - O Timoneiro Jornal Canoas RS","isPartOf":{"@id":"https:\/\/jornaltimoneiro.com.br\/#website"},"datePublished":"2015-05-08T17:09:03+00:00","dateModified":"2015-05-08T17:09:03+00:00","breadcrumb":{"@id":"https:\/\/jornaltimoneiro.com.br\/index.php\/2015\/05\/08\/entregue-premio-lider-comunitario-na-camara\/#breadcrumb"},"inLanguage":"pt-BR","potentialAction":[{"@type":"ReadAction","target":["https:\/\/jornaltimoneiro.com.br\/index.php\/2015\/05\/08\/entregue-premio-lider-comunitario-na-camara\/"]}]},{"@type":"BreadcrumbList","@id":"https:\/\/jornaltimoneiro.com.br\/index.php\/2015\/05\/08\/entregue-premio-lider-comunitario-na-camara\/#breadcrumb","itemListElement":[{"@type":"ListItem","position":1,"name":"In\u00edcio","item":"https:\/\/jornaltimoneiro.com.br\/"},{"@type":"ListItem","position":2,"name":"Entregue Pr\u00eamio L\u00edder Comunit\u00e1rio na C\u00e2mara"}]},{"@type":"WebSite","@id":"https:\/\/jornaltimoneiro.com.br\/#website","url":"https:\/\/jornaltimoneiro.com.br\/","name":"Jornal Timoneiro Canoas RS","description":"Jornal O Timoneiro, o verdadeiro jornal de Canoas","publisher":{"@id":"https:\/\/jornaltimoneiro.com.br\/#organization"},"potentialAction":[{"@type":"SearchAction","target":{"@type":"EntryPoint","urlTemplate":"https:\/\/jornaltimoneiro.com.br\/?s={search_term_string}"},"query-input":"required name=search_term_string"}],"inLanguage":"pt-BR"},{"@type":"Organization","@id":"https:\/\/jornaltimoneiro.com.br\/#organization","name":"Jornal Timoneiro Canoas RS","url":"https:\/\/jornaltimoneiro.com.br\/","logo":{"@type":"ImageObject","inLanguage":"pt-BR","@id":"https:\/\/jornaltimoneiro.com.br\/#\/schema\/logo\/image\/","url":"https:\/\/jornaltimoneiro.com.br\/wp-content\/uploads\/2023\/03\/logonovo.png","contentUrl":"https:\/\/jornaltimoneiro.com.br\/wp-content\/uploads\/2023\/03\/logonovo.png","width":"469","height":"171","caption":"Jornal Timoneiro Canoas RS"},"image":{"@id":"https:\/\/jornaltimoneiro.com.br\/#\/schema\/logo\/image\/"},"sameAs":["https:\/\/www.facebook.com\/jornaltimoneiro","https:\/\/twitter.com\/_OTimoneiro","https:\/\/www.instagram.com\/jornaltimoneirocanoas\/","https:\/\/www.youtube.com\/@jornalotimoneiro7927"]},{"@type":"Person","@id":"https:\/\/jornaltimoneiro.com.br\/#\/schema\/person\/620efd1d8244466117482be494360b08","name":"Reda\u00e7\u00e3o","image":{"@type":"ImageObject","inLanguage":"pt-BR","@id":"https:\/\/jornaltimoneiro.com.br\/#\/schema\/person\/image\/","url":"https:\/\/secure.gravatar.com\/avatar\/2f04e1b304682a8d9db336c7acd77f08?s=96&d=mm&r=g","contentUrl":"https:\/\/secure.gravatar.com\/avatar\/2f04e1b304682a8d9db336c7acd77f08?s=96&d=mm&r=g","caption":"Reda\u00e7\u00e3o"},"url":"https:\/\/jornaltimoneiro.com.br\/index.php\/author\/timoneirocanoas\/"}]}},"_links":{"self":[{"href":"https:\/\/jornaltimoneiro.com.br\/index.php\/wp-json\/wp\/v2\/posts\/10426"}],"collection":[{"href":"https:\/\/jornaltimoneiro.com.br\/index.php\/wp-json\/wp\/v2\/posts"}],"about":[{"href":"https:\/\/jornaltimoneiro.com.br\/index.php\/wp-json\/wp\/v2\/types\/post"}],"author":[{"embeddable":true,"href":"https:\/\/jornaltimoneiro.com.br\/index.php\/wp-json\/wp\/v2\/users\/1"}],"replies":[{"embeddable":true,"href":"https:\/\/jornaltimoneiro.com.br\/index.php\/wp-json\/wp\/v2\/comments?post=10426"}],"version-history":[{"count":0,"href":"https:\/\/jornaltimoneiro.com.br\/index.php\/wp-json\/wp\/v2\/posts\/10426\/revisions"}],"wp:attachment":[{"href":"https:\/\/jornaltimoneiro.com.br\/index.php\/wp-json\/wp\/v2\/media?parent=10426"}],"wp:term":[{"taxonomy":"category","embeddable":true,"href":"https:\/\/jornaltimoneiro.com.br\/index.php\/wp-json\/wp\/v2\/categories?post=10426"},{"taxonomy":"post_tag","embeddable":true,"href":"https:\/\/jornaltimoneiro.com.br\/index.php\/wp-json\/wp\/v2\/tags?post=10426"}],"curies":[{"name":"wp","href":"https:\/\/api.w.org\/{rel}","templated":true}]}}