{"id":10265,"date":"2018-03-29T11:48:15","date_gmt":"2018-03-29T14:48:15","guid":{"rendered":"http:\/\/otimoneiro.com.br\/?p=10265"},"modified":"2018-03-29T11:48:15","modified_gmt":"2018-03-29T14:48:15","slug":"vitimas-da-mafia-das-proteses-ainda-buscam-direitos-na-justica","status":"publish","type":"post","link":"https:\/\/jornaltimoneiro.com.br\/index.php\/2018\/03\/29\/vitimas-da-mafia-das-proteses-ainda-buscam-direitos-na-justica\/","title":{"rendered":"V\u00edtimas da M\u00e1fia das Pr\u00f3teses ainda buscam direitos na Justi\u00e7a"},"content":{"rendered":"<p>&nbsp;<\/p>\n<div id=\"attachment_10266\" style=\"width: 910px\" class=\"wp-caption aligncenter\"><img decoding=\"async\" aria-describedby=\"caption-attachment-10266\" class=\"wp-image-10266 size-full\" src=\"http:\/\/otimoneiro.com.br\/wp-content\/uploads\/2018\/03\/9f9a427e-4d4f-4a24-8d4e-a8229adc14ca.jpg\" alt=\"\" width=\"900\" height=\"885\" \/><p id=\"caption-attachment-10266\" class=\"wp-caption-text\">Daniela de Castro pede justi\u00e7a<\/p><\/div>\n<h6>Sinara Dutra<\/h6>\n<p>A M\u00e1fia das Pr\u00f3teses, esquema de fraudes envolvendo cirurgias para implante de pr\u00f3teses no Rio Grande do Sul, ficou famosa ap\u00f3s den\u00fancias que tiveram impacto nacional, em 2015. Diversas apura\u00e7\u00f5es, investiga\u00e7\u00f5es e opera\u00e7\u00f5es foram realizadas a partir disso, e grandes quantias foram recuperadas. Mesmo assim, as v\u00edtimas do conjunto de m\u00e9dicos que participaram do esquema ainda sofrem com as consequ\u00eancias das fraudes, e esperam at\u00e9 hoje uma solu\u00e7\u00e3o atrav\u00e9s da justi\u00e7a.<\/p>\n<h6>V\u00edtimas<\/h6>\n<p>Uma das v\u00edtimas \u00e9 Daniela de Castro. Ela procurou a reda\u00e7\u00e3o do jornal Timoneiro para relatar sua situa\u00e7\u00e3o. Ela ainda luta contra sequelas do que passou nas m\u00e3os do m\u00e9dico apontado como o l\u00edder do esquema da m\u00e1fia das pr\u00f3teses. Daniela perdeu os movimentos de um dos p\u00e9s e passou a andar com dificuldades por causa da demora na realiza\u00e7\u00e3o de uma cirurgia. Em 2014, ela teve uma crise de h\u00e9rnia de disco e foi internada, mas, segundo ela, o m\u00e9dico s\u00f3 aceitava oper\u00e1-la se fossem utilizados parafusos importados. Ainda, ela afirma que o m\u00e9dico demorava para realizar os procedimentos. Tanto que ela acabou sendo atendida por outro profissional. Por conta da espera, sua situa\u00e7\u00e3o se agravou. Hoje, ela afirma que est\u00e1 novamente de cama, sem conseguir caminhar. &#8220;Estou esperando a infec\u00e7\u00e3o ceder para operar novamente. Fiz duas pequenas cirurgias com bloqueio. Mas a inflama\u00e7\u00e3o n\u00e3o cedeu. E esse bandido solto&#8221;, diz Daniela. Ela conta que, desde a divulga\u00e7\u00e3o do esc\u00e2ndalo, j\u00e1 contribuiu para diversas reportagens, participou de CPIs e at\u00e9 agora n\u00e3o recebeu nenhum tipo de respaldo financeiro por conta de sua situa\u00e7\u00e3o. Atualmente, ela move processo contra o m\u00e9dico envolvido na M\u00e1fia das Pr\u00f3teses. Outra v\u00edtima, que n\u00e3o quis se identificar, tamb\u00e9m move processo contra o m\u00e9dico. Ela critica a morosidade do sistema jur\u00eddico, pois j\u00e1 faz dois anos que tenta uma liminar para receber ajuda financeira, sem sucesso. &#8220;Ele e sua equipe s\u00e3o grandes e n\u00f3s somos muito pequenos e fr\u00e1geis perto de tanta injusti\u00e7a e burocracia&#8221;.<\/p>\n<h6>Opera\u00e7\u00e3o recente<\/h6>\n<p>A Pol\u00edcia Civil realizou, em fevereiro, a Opera\u00e7\u00e3o Segundo Round, em combate \u00e0 organiza\u00e7\u00e3o criminosa estava lavando dinheiro proveniente da \u201cM\u00e1fia das Pr\u00f3teses\u201d. O patrim\u00f4nio total dos investigados foi objeto de sequestro deferido pela Justi\u00e7a. Foram alvos do sequestro 20 im\u00f3veis e oito ve\u00edculos.\u00a0 \u201cEstima-se que os valores constritos e que ao final do processo criminal, em caso de condena\u00e7\u00e3o, ser\u00e3o revertidos em favor do estado, ultrapassem os 23 milh\u00f5es de reais.\u201d informou o delegado Cristiano de Castro Reschke.<\/p>\n","protected":false},"excerpt":{"rendered":"<p>&nbsp; Sinara Dutra A M\u00e1fia das Pr\u00f3teses, esquema de fraudes envolvendo cirurgias para implante de pr\u00f3teses no Rio Grande do Sul, ficou famosa ap\u00f3s den\u00fancias que tiveram impacto nacional, em 2015. Diversas apura\u00e7\u00f5es, investiga\u00e7\u00f5es e opera\u00e7\u00f5es foram realizadas a partir disso, e grandes quantias foram recuperadas. Mesmo assim, as v\u00edtimas do conjunto de m\u00e9dicos que [&hellip;]<\/p>\n","protected":false},"author":1,"featured_media":10266,"comment_status":"closed","ping_status":"open","sticky":false,"template":"","format":"standard","meta":{"amp_status":"","footnotes":""},"categories":[19],"tags":[],"class_list":["post-10265","post","type-post","status-publish","format-standard","has-post-thumbnail","hentry","category-destaques"],"yoast_head":"<!-- This site is optimized with the Yoast SEO plugin v20.5 - https:\/\/yoast.com\/wordpress\/plugins\/seo\/ -->\n<title>V\u00edtimas da M\u00e1fia das Pr\u00f3teses ainda buscam direitos na Justi\u00e7a - O Timoneiro Jornal Canoas RS<\/title>\n<meta name=\"robots\" content=\"index, follow, max-snippet:-1, max-image-preview:large, max-video-preview:-1\" \/>\n<link rel=\"canonical\" href=\"https:\/\/jornaltimoneiro.com.br\/index.php\/2018\/03\/29\/vitimas-da-mafia-das-proteses-ainda-buscam-direitos-na-justica\/\" \/>\n<meta property=\"og:locale\" content=\"pt_BR\" \/>\n<meta property=\"og:type\" content=\"article\" \/>\n<meta property=\"og:title\" content=\"V\u00edtimas da M\u00e1fia das Pr\u00f3teses ainda buscam direitos na Justi\u00e7a - O Timoneiro Jornal Canoas RS\" \/>\n<meta property=\"og:description\" content=\"&nbsp; Sinara Dutra A M\u00e1fia das Pr\u00f3teses, esquema de fraudes envolvendo cirurgias para implante de pr\u00f3teses no Rio Grande do Sul, ficou famosa ap\u00f3s den\u00fancias que tiveram impacto nacional, em 2015. Diversas apura\u00e7\u00f5es, investiga\u00e7\u00f5es e opera\u00e7\u00f5es foram realizadas a partir disso, e grandes quantias foram recuperadas. Mesmo assim, as v\u00edtimas do conjunto de m\u00e9dicos que [&hellip;]\" \/>\n<meta property=\"og:url\" content=\"https:\/\/jornaltimoneiro.com.br\/index.php\/2018\/03\/29\/vitimas-da-mafia-das-proteses-ainda-buscam-direitos-na-justica\/\" \/>\n<meta property=\"og:site_name\" content=\"O Timoneiro Jornal Canoas RS\" \/>\n<meta property=\"article:publisher\" content=\"https:\/\/www.facebook.com\/jornaltimoneiro\" \/>\n<meta property=\"article:published_time\" content=\"2018-03-29T14:48:15+00:00\" \/>\n<meta name=\"author\" content=\"Reda\u00e7\u00e3o\" \/>\n<meta name=\"twitter:card\" content=\"summary_large_image\" \/>\n<meta name=\"twitter:creator\" content=\"@_OTimoneiro\" \/>\n<meta name=\"twitter:site\" content=\"@_OTimoneiro\" \/>\n<meta name=\"twitter:label1\" content=\"Escrito por\" \/>\n\t<meta name=\"twitter:data1\" content=\"Reda\u00e7\u00e3o\" \/>\n\t<meta name=\"twitter:label2\" content=\"Est. tempo de leitura\" \/>\n\t<meta name=\"twitter:data2\" content=\"2 minutos\" \/>\n<script type=\"application\/ld+json\" class=\"yoast-schema-graph\">{\"@context\":\"https:\/\/schema.org\",\"@graph\":[{\"@type\":\"Article\",\"@id\":\"https:\/\/jornaltimoneiro.com.br\/index.php\/2018\/03\/29\/vitimas-da-mafia-das-proteses-ainda-buscam-direitos-na-justica\/#article\",\"isPartOf\":{\"@id\":\"https:\/\/jornaltimoneiro.com.br\/index.php\/2018\/03\/29\/vitimas-da-mafia-das-proteses-ainda-buscam-direitos-na-justica\/\"},\"author\":{\"name\":\"Reda\u00e7\u00e3o\",\"@id\":\"https:\/\/jornaltimoneiro.com.br\/#\/schema\/person\/620efd1d8244466117482be494360b08\"},\"headline\":\"V\u00edtimas da M\u00e1fia das Pr\u00f3teses ainda buscam direitos na Justi\u00e7a\",\"datePublished\":\"2018-03-29T14:48:15+00:00\",\"dateModified\":\"2018-03-29T14:48:15+00:00\",\"mainEntityOfPage\":{\"@id\":\"https:\/\/jornaltimoneiro.com.br\/index.php\/2018\/03\/29\/vitimas-da-mafia-das-proteses-ainda-buscam-direitos-na-justica\/\"},\"wordCount\":489,\"publisher\":{\"@id\":\"https:\/\/jornaltimoneiro.com.br\/#organization\"},\"articleSection\":[\"Destaques\"],\"inLanguage\":\"pt-BR\"},{\"@type\":\"WebPage\",\"@id\":\"https:\/\/jornaltimoneiro.com.br\/index.php\/2018\/03\/29\/vitimas-da-mafia-das-proteses-ainda-buscam-direitos-na-justica\/\",\"url\":\"https:\/\/jornaltimoneiro.com.br\/index.php\/2018\/03\/29\/vitimas-da-mafia-das-proteses-ainda-buscam-direitos-na-justica\/\",\"name\":\"V\u00edtimas da M\u00e1fia das Pr\u00f3teses ainda buscam direitos na Justi\u00e7a - O Timoneiro Jornal Canoas RS\",\"isPartOf\":{\"@id\":\"https:\/\/jornaltimoneiro.com.br\/#website\"},\"datePublished\":\"2018-03-29T14:48:15+00:00\",\"dateModified\":\"2018-03-29T14:48:15+00:00\",\"breadcrumb\":{\"@id\":\"https:\/\/jornaltimoneiro.com.br\/index.php\/2018\/03\/29\/vitimas-da-mafia-das-proteses-ainda-buscam-direitos-na-justica\/#breadcrumb\"},\"inLanguage\":\"pt-BR\",\"potentialAction\":[{\"@type\":\"ReadAction\",\"target\":[\"https:\/\/jornaltimoneiro.com.br\/index.php\/2018\/03\/29\/vitimas-da-mafia-das-proteses-ainda-buscam-direitos-na-justica\/\"]}]},{\"@type\":\"BreadcrumbList\",\"@id\":\"https:\/\/jornaltimoneiro.com.br\/index.php\/2018\/03\/29\/vitimas-da-mafia-das-proteses-ainda-buscam-direitos-na-justica\/#breadcrumb\",\"itemListElement\":[{\"@type\":\"ListItem\",\"position\":1,\"name\":\"In\u00edcio\",\"item\":\"https:\/\/jornaltimoneiro.com.br\/\"},{\"@type\":\"ListItem\",\"position\":2,\"name\":\"V\u00edtimas da M\u00e1fia das Pr\u00f3teses ainda buscam direitos na Justi\u00e7a\"}]},{\"@type\":\"WebSite\",\"@id\":\"https:\/\/jornaltimoneiro.com.br\/#website\",\"url\":\"https:\/\/jornaltimoneiro.com.br\/\",\"name\":\"Jornal Timoneiro Canoas RS\",\"description\":\"Jornal O Timoneiro, o verdadeiro jornal de Canoas\",\"publisher\":{\"@id\":\"https:\/\/jornaltimoneiro.com.br\/#organization\"},\"potentialAction\":[{\"@type\":\"SearchAction\",\"target\":{\"@type\":\"EntryPoint\",\"urlTemplate\":\"https:\/\/jornaltimoneiro.com.br\/?s={search_term_string}\"},\"query-input\":\"required name=search_term_string\"}],\"inLanguage\":\"pt-BR\"},{\"@type\":\"Organization\",\"@id\":\"https:\/\/jornaltimoneiro.com.br\/#organization\",\"name\":\"Jornal Timoneiro Canoas RS\",\"url\":\"https:\/\/jornaltimoneiro.com.br\/\",\"logo\":{\"@type\":\"ImageObject\",\"inLanguage\":\"pt-BR\",\"@id\":\"https:\/\/jornaltimoneiro.com.br\/#\/schema\/logo\/image\/\",\"url\":\"https:\/\/jornaltimoneiro.com.br\/wp-content\/uploads\/2023\/03\/logonovo.png\",\"contentUrl\":\"https:\/\/jornaltimoneiro.com.br\/wp-content\/uploads\/2023\/03\/logonovo.png\",\"width\":\"469\",\"height\":\"171\",\"caption\":\"Jornal Timoneiro Canoas RS\"},\"image\":{\"@id\":\"https:\/\/jornaltimoneiro.com.br\/#\/schema\/logo\/image\/\"},\"sameAs\":[\"https:\/\/www.facebook.com\/jornaltimoneiro\",\"https:\/\/twitter.com\/_OTimoneiro\",\"https:\/\/www.instagram.com\/jornaltimoneirocanoas\/\",\"https:\/\/www.youtube.com\/@jornalotimoneiro7927\"]},{\"@type\":\"Person\",\"@id\":\"https:\/\/jornaltimoneiro.com.br\/#\/schema\/person\/620efd1d8244466117482be494360b08\",\"name\":\"Reda\u00e7\u00e3o\",\"image\":{\"@type\":\"ImageObject\",\"inLanguage\":\"pt-BR\",\"@id\":\"https:\/\/jornaltimoneiro.com.br\/#\/schema\/person\/image\/\",\"url\":\"https:\/\/secure.gravatar.com\/avatar\/2f04e1b304682a8d9db336c7acd77f08?s=96&d=mm&r=g\",\"contentUrl\":\"https:\/\/secure.gravatar.com\/avatar\/2f04e1b304682a8d9db336c7acd77f08?s=96&d=mm&r=g\",\"caption\":\"Reda\u00e7\u00e3o\"},\"url\":\"https:\/\/jornaltimoneiro.com.br\/index.php\/author\/timoneirocanoas\/\"}]}<\/script>\n<!-- \/ Yoast SEO plugin. -->","yoast_head_json":{"title":"V\u00edtimas da M\u00e1fia das Pr\u00f3teses ainda buscam direitos na Justi\u00e7a - O Timoneiro Jornal Canoas RS","robots":{"index":"index","follow":"follow","max-snippet":"max-snippet:-1","max-image-preview":"max-image-preview:large","max-video-preview":"max-video-preview:-1"},"canonical":"https:\/\/jornaltimoneiro.com.br\/index.php\/2018\/03\/29\/vitimas-da-mafia-das-proteses-ainda-buscam-direitos-na-justica\/","og_locale":"pt_BR","og_type":"article","og_title":"V\u00edtimas da M\u00e1fia das Pr\u00f3teses ainda buscam direitos na Justi\u00e7a - O Timoneiro Jornal Canoas RS","og_description":"&nbsp; Sinara Dutra A M\u00e1fia das Pr\u00f3teses, esquema de fraudes envolvendo cirurgias para implante de pr\u00f3teses no Rio Grande do Sul, ficou famosa ap\u00f3s den\u00fancias que tiveram impacto nacional, em 2015. Diversas apura\u00e7\u00f5es, investiga\u00e7\u00f5es e opera\u00e7\u00f5es foram realizadas a partir disso, e grandes quantias foram recuperadas. Mesmo assim, as v\u00edtimas do conjunto de m\u00e9dicos que [&hellip;]","og_url":"https:\/\/jornaltimoneiro.com.br\/index.php\/2018\/03\/29\/vitimas-da-mafia-das-proteses-ainda-buscam-direitos-na-justica\/","og_site_name":"O Timoneiro Jornal Canoas RS","article_publisher":"https:\/\/www.facebook.com\/jornaltimoneiro","article_published_time":"2018-03-29T14:48:15+00:00","author":"Reda\u00e7\u00e3o","twitter_card":"summary_large_image","twitter_creator":"@_OTimoneiro","twitter_site":"@_OTimoneiro","twitter_misc":{"Escrito por":"Reda\u00e7\u00e3o","Est. tempo de leitura":"2 minutos"},"schema":{"@context":"https:\/\/schema.org","@graph":[{"@type":"Article","@id":"https:\/\/jornaltimoneiro.com.br\/index.php\/2018\/03\/29\/vitimas-da-mafia-das-proteses-ainda-buscam-direitos-na-justica\/#article","isPartOf":{"@id":"https:\/\/jornaltimoneiro.com.br\/index.php\/2018\/03\/29\/vitimas-da-mafia-das-proteses-ainda-buscam-direitos-na-justica\/"},"author":{"name":"Reda\u00e7\u00e3o","@id":"https:\/\/jornaltimoneiro.com.br\/#\/schema\/person\/620efd1d8244466117482be494360b08"},"headline":"V\u00edtimas da M\u00e1fia das Pr\u00f3teses ainda buscam direitos na Justi\u00e7a","datePublished":"2018-03-29T14:48:15+00:00","dateModified":"2018-03-29T14:48:15+00:00","mainEntityOfPage":{"@id":"https:\/\/jornaltimoneiro.com.br\/index.php\/2018\/03\/29\/vitimas-da-mafia-das-proteses-ainda-buscam-direitos-na-justica\/"},"wordCount":489,"publisher":{"@id":"https:\/\/jornaltimoneiro.com.br\/#organization"},"articleSection":["Destaques"],"inLanguage":"pt-BR"},{"@type":"WebPage","@id":"https:\/\/jornaltimoneiro.com.br\/index.php\/2018\/03\/29\/vitimas-da-mafia-das-proteses-ainda-buscam-direitos-na-justica\/","url":"https:\/\/jornaltimoneiro.com.br\/index.php\/2018\/03\/29\/vitimas-da-mafia-das-proteses-ainda-buscam-direitos-na-justica\/","name":"V\u00edtimas da M\u00e1fia das Pr\u00f3teses ainda buscam direitos na Justi\u00e7a - O Timoneiro Jornal Canoas RS","isPartOf":{"@id":"https:\/\/jornaltimoneiro.com.br\/#website"},"datePublished":"2018-03-29T14:48:15+00:00","dateModified":"2018-03-29T14:48:15+00:00","breadcrumb":{"@id":"https:\/\/jornaltimoneiro.com.br\/index.php\/2018\/03\/29\/vitimas-da-mafia-das-proteses-ainda-buscam-direitos-na-justica\/#breadcrumb"},"inLanguage":"pt-BR","potentialAction":[{"@type":"ReadAction","target":["https:\/\/jornaltimoneiro.com.br\/index.php\/2018\/03\/29\/vitimas-da-mafia-das-proteses-ainda-buscam-direitos-na-justica\/"]}]},{"@type":"BreadcrumbList","@id":"https:\/\/jornaltimoneiro.com.br\/index.php\/2018\/03\/29\/vitimas-da-mafia-das-proteses-ainda-buscam-direitos-na-justica\/#breadcrumb","itemListElement":[{"@type":"ListItem","position":1,"name":"In\u00edcio","item":"https:\/\/jornaltimoneiro.com.br\/"},{"@type":"ListItem","position":2,"name":"V\u00edtimas da M\u00e1fia das Pr\u00f3teses ainda buscam direitos na Justi\u00e7a"}]},{"@type":"WebSite","@id":"https:\/\/jornaltimoneiro.com.br\/#website","url":"https:\/\/jornaltimoneiro.com.br\/","name":"Jornal Timoneiro Canoas RS","description":"Jornal O Timoneiro, o verdadeiro jornal de Canoas","publisher":{"@id":"https:\/\/jornaltimoneiro.com.br\/#organization"},"potentialAction":[{"@type":"SearchAction","target":{"@type":"EntryPoint","urlTemplate":"https:\/\/jornaltimoneiro.com.br\/?s={search_term_string}"},"query-input":"required name=search_term_string"}],"inLanguage":"pt-BR"},{"@type":"Organization","@id":"https:\/\/jornaltimoneiro.com.br\/#organization","name":"Jornal Timoneiro Canoas RS","url":"https:\/\/jornaltimoneiro.com.br\/","logo":{"@type":"ImageObject","inLanguage":"pt-BR","@id":"https:\/\/jornaltimoneiro.com.br\/#\/schema\/logo\/image\/","url":"https:\/\/jornaltimoneiro.com.br\/wp-content\/uploads\/2023\/03\/logonovo.png","contentUrl":"https:\/\/jornaltimoneiro.com.br\/wp-content\/uploads\/2023\/03\/logonovo.png","width":"469","height":"171","caption":"Jornal Timoneiro Canoas RS"},"image":{"@id":"https:\/\/jornaltimoneiro.com.br\/#\/schema\/logo\/image\/"},"sameAs":["https:\/\/www.facebook.com\/jornaltimoneiro","https:\/\/twitter.com\/_OTimoneiro","https:\/\/www.instagram.com\/jornaltimoneirocanoas\/","https:\/\/www.youtube.com\/@jornalotimoneiro7927"]},{"@type":"Person","@id":"https:\/\/jornaltimoneiro.com.br\/#\/schema\/person\/620efd1d8244466117482be494360b08","name":"Reda\u00e7\u00e3o","image":{"@type":"ImageObject","inLanguage":"pt-BR","@id":"https:\/\/jornaltimoneiro.com.br\/#\/schema\/person\/image\/","url":"https:\/\/secure.gravatar.com\/avatar\/2f04e1b304682a8d9db336c7acd77f08?s=96&d=mm&r=g","contentUrl":"https:\/\/secure.gravatar.com\/avatar\/2f04e1b304682a8d9db336c7acd77f08?s=96&d=mm&r=g","caption":"Reda\u00e7\u00e3o"},"url":"https:\/\/jornaltimoneiro.com.br\/index.php\/author\/timoneirocanoas\/"}]}},"_links":{"self":[{"href":"https:\/\/jornaltimoneiro.com.br\/index.php\/wp-json\/wp\/v2\/posts\/10265"}],"collection":[{"href":"https:\/\/jornaltimoneiro.com.br\/index.php\/wp-json\/wp\/v2\/posts"}],"about":[{"href":"https:\/\/jornaltimoneiro.com.br\/index.php\/wp-json\/wp\/v2\/types\/post"}],"author":[{"embeddable":true,"href":"https:\/\/jornaltimoneiro.com.br\/index.php\/wp-json\/wp\/v2\/users\/1"}],"replies":[{"embeddable":true,"href":"https:\/\/jornaltimoneiro.com.br\/index.php\/wp-json\/wp\/v2\/comments?post=10265"}],"version-history":[{"count":0,"href":"https:\/\/jornaltimoneiro.com.br\/index.php\/wp-json\/wp\/v2\/posts\/10265\/revisions"}],"wp:featuredmedia":[{"embeddable":true,"href":"https:\/\/jornaltimoneiro.com.br\/index.php\/wp-json\/"}],"wp:attachment":[{"href":"https:\/\/jornaltimoneiro.com.br\/index.php\/wp-json\/wp\/v2\/media?parent=10265"}],"wp:term":[{"taxonomy":"category","embeddable":true,"href":"https:\/\/jornaltimoneiro.com.br\/index.php\/wp-json\/wp\/v2\/categories?post=10265"},{"taxonomy":"post_tag","embeddable":true,"href":"https:\/\/jornaltimoneiro.com.br\/index.php\/wp-json\/wp\/v2\/tags?post=10265"}],"curies":[{"name":"wp","href":"https:\/\/api.w.org\/{rel}","templated":true}]}}