{"id":10102,"date":"2018-03-02T09:55:32","date_gmt":"2018-03-02T12:55:32","guid":{"rendered":"http:\/\/otimoneiro.com.br\/?p=10102"},"modified":"2018-03-02T09:55:32","modified_gmt":"2018-03-02T12:55:32","slug":"uci-realiza-maratona-de-filmes-do-oscar-2018","status":"publish","type":"post","link":"https:\/\/jornaltimoneiro.com.br\/index.php\/2018\/03\/02\/uci-realiza-maratona-de-filmes-do-oscar-2018\/","title":{"rendered":"UCI realiza maratona de filmes do Oscar 2018"},"content":{"rendered":"<p><img decoding=\"async\" class=\"aligncenter size-full wp-image-10104\" src=\"http:\/\/otimoneiro.com.br\/wp-content\/uploads\/2018\/03\/oscar.jpeg\" alt=\"\" width=\"800\" height=\"449\" \/><\/p>\n<p>A UCI promove a maratona UCI Day Oscar\u00ae, exibindo em sequ\u00eancia produ\u00e7\u00f5es que est\u00e3o concorrendo \u00e0s principais categorias. O evento ainda conta com pre\u00e7os especiais. Os ingressos est\u00e3o \u00e0 venda por R$7 (meia-entrada) e R$14 (inteira) para sess\u00f5es na sexta-feira, 02, com os seguintes t\u00edtulos:<\/p>\n<p>\u201cCorra!\u201d (Melhor Filme, Dire\u00e7\u00e3o, Ator, Roteiro Original); \u00a0\u201cTr\u00eas An\u00fancios Para um Crime\u201d (Melhor Filme, Atriz, Ator Coadjuvante, Roteiro Original, Montagem, Trilha Sonora Original); \u201cO Destino de uma Na\u00e7\u00e3o\u201d (Melhor Filme, Ator, Fotografia, Figurino, Maquiagem e Cabelo); \u00a0\u201cMe Chame Pelo Seu Nome\u201d (Melhor Filme, Ator, Roteiro Adaptado, Can\u00e7\u00e3o Original); \u201cEu, Tonya\u201d (Melhor Filme, Atriz, Atriz Coadjuvante, Montagem); \u201cLady Bird \u2013 A Hora de Voar\u201d (Melhor Filme, Dire\u00e7\u00e3o, Atriz, Atriz Coadjuvante, Roteiro Original); \u201cDunkirk\u201d (Melhor Filme, Dire\u00e7\u00e3o, Fotografia, Mixagem de Som, Edi\u00e7\u00e3o de Som, Design de Produ\u00e7\u00e3o, Montagem, Trilha Sonora Original); \u00a0\u201cA Forma da \u00c1gua\u201d (Melhor Filme, Dire\u00e7\u00e3o, Atriz, Ator Coadjuvante, Atriz Coadjuvante, Roteiro Original, Fotografia, Figurino, Mixagem de Som, Edi\u00e7\u00e3o de Som, Design de Produ\u00e7\u00e3o, Montagem, Trilha Sonora Original); \u201cThe Post \u2013 A Guerra Secreta\u201d (Melhor Filme, Atriz); \u201cTrama Fantasma\u201d (Melhor Filme, Dire\u00e7\u00e3o, Ator, Atriz Coadjuvante, Figurino, Trilha Sonora Original).<\/p>\n<p>&nbsp;<\/p>\n<p dir=\"ltr\">Dica de Cinema<\/p>\n<p class=\"textbox\" dir=\"ltr\">Tr\u00eas An\u00fancios para um Crime<\/p>\n<p dir=\"ltr\"><img decoding=\"async\" class=\"aligncenter size-full wp-image-10103\" src=\"http:\/\/otimoneiro.com.br\/wp-content\/uploads\/2018\/03\/dica.jpeg\" alt=\"\" width=\"990\" height=\"659\" \/><\/p>\n<p class=\"textbox\" dir=\"ltr\">Inconformada com a inefic\u00e1cia da pol\u00edcia em encontrar o culpado pelo brutal assassinato de sua filha, Mildred Hayes decide chamar aten\u00e7\u00e3o para o caso n\u00e3o solucionado alugando tr\u00eas outdoors em uma estrada raramente usada.<\/p>\n<p class=\"textbox\" dir=\"ltr\">Programa\u00e7\u00e3o UCI Cinemas ParkShopping Canoas \u2013 1 a 7 de mar\u00e7o<\/p>\n<p class=\"textbox\" dir=\"ltr\">*Me Chame Pelo Seu Nome 2D 19:45 22:30<br \/>\n*O Destino de Uma Na\u00e7\u00e3o 2D 13:00 17:15<br \/>\nO Touro Ferdinando 2D Dub 17:45<br \/>\nPequena Grande Vida 2D 20:05<br \/>\n*Corra! 2D 13:00 15:30<br \/>\n*Tr\u00eas An\u00fancios para um Crime 2D 15:00 20:10<br \/>\nMeu Amigo Vampiro 2D Dub 13:00<br \/>\n*Eu, Tonya 2D 17:45 22:30<br \/>\nPequena Grande Vida 2D Dub 15:00<br \/>\nPantera Negra 3D 16:20 22:00<br \/>\nPantera Negra 3D Dub 13:30 19:10<br \/>\n*Dunkirk 2D 15:05 22:30<br \/>\n*The Post &#8211; A Guerra Secreta 2D 15:30 19:55<br \/>\nA Forma da \u00c1gua 2D 13:00 17:20<br \/>\n*Trama Fantasma 2D 17:55 22:20<br \/>\n*Lady Bird: A Hora De Voar 2D 13:00 20:30<br \/>\nJumanji: Bem-vindo \u00e0 Selva 2D Dub 15:20<br \/>\nA Grande Jogada 2D 20:30<br \/>\nPaddington 2 2D Dub 13:00<br \/>\nA Forma da \u00c1gua 2D Dub 17:50<br \/>\nDuda e os Gnomos 3D Dub13:00 14:55 16:50<br \/>\nCinquenta Tons de Liberdade 2D 21:00<br \/>\nCinquenta Tons de Liberdade 2D Dub 18:45<br \/>\nPantera Negra 2D 18:50<br \/>\nPantera Negra 2D Dub 13:10 16:00 21:40<br \/>\nA Maldi\u00e7\u00e3o da Casa Winchester 2D 15:30 19:50<br \/>\nA Maldi\u00e7\u00e3o da Casa Winchester 2D Dub 13:20 17:40 22:0<br \/>\nOpera\u00e7\u00e3o Red Sparrow 2D 16:05 21:45<br \/>\nOpera\u00e7\u00e3o Red Sparrow 2D Dub 13:15 18:55<\/p>\n<p class=\"textbox\" dir=\"ltr\">*OSCAR DAY &#8211; Exibe apenas no dia 02\/03<\/p>\n","protected":false},"excerpt":{"rendered":"<p>A UCI promove a maratona UCI Day Oscar\u00ae, exibindo em sequ\u00eancia produ\u00e7\u00f5es que est\u00e3o concorrendo \u00e0s principais categorias. O evento ainda conta com pre\u00e7os especiais. Os ingressos est\u00e3o \u00e0 venda por R$7 (meia-entrada) e R$14 (inteira) para sess\u00f5es na sexta-feira, 02, com os seguintes t\u00edtulos: \u201cCorra!\u201d (Melhor Filme, Dire\u00e7\u00e3o, Ator, Roteiro Original); \u00a0\u201cTr\u00eas An\u00fancios Para [&hellip;]<\/p>\n","protected":false},"author":1,"featured_media":10104,"comment_status":"closed","ping_status":"open","sticky":false,"template":"","format":"standard","meta":{"amp_status":"","footnotes":""},"categories":[19],"tags":[],"class_list":["post-10102","post","type-post","status-publish","format-standard","has-post-thumbnail","hentry","category-destaques"],"yoast_head":"<!-- This site is optimized with the Yoast SEO plugin v20.5 - https:\/\/yoast.com\/wordpress\/plugins\/seo\/ -->\n<title>UCI realiza maratona de filmes do Oscar 2018 - O Timoneiro Jornal Canoas RS<\/title>\n<meta name=\"robots\" content=\"index, follow, max-snippet:-1, max-image-preview:large, max-video-preview:-1\" \/>\n<link rel=\"canonical\" href=\"https:\/\/jornaltimoneiro.com.br\/index.php\/2018\/03\/02\/uci-realiza-maratona-de-filmes-do-oscar-2018\/\" \/>\n<meta property=\"og:locale\" content=\"pt_BR\" \/>\n<meta property=\"og:type\" content=\"article\" \/>\n<meta property=\"og:title\" content=\"UCI realiza maratona de filmes do Oscar 2018 - O Timoneiro Jornal Canoas RS\" \/>\n<meta property=\"og:description\" content=\"A UCI promove a maratona UCI Day Oscar\u00ae, exibindo em sequ\u00eancia produ\u00e7\u00f5es que est\u00e3o concorrendo \u00e0s principais categorias. O evento ainda conta com pre\u00e7os especiais. Os ingressos est\u00e3o \u00e0 venda por R$7 (meia-entrada) e R$14 (inteira) para sess\u00f5es na sexta-feira, 02, com os seguintes t\u00edtulos: \u201cCorra!\u201d (Melhor Filme, Dire\u00e7\u00e3o, Ator, Roteiro Original); \u00a0\u201cTr\u00eas An\u00fancios Para [&hellip;]\" \/>\n<meta property=\"og:url\" content=\"https:\/\/jornaltimoneiro.com.br\/index.php\/2018\/03\/02\/uci-realiza-maratona-de-filmes-do-oscar-2018\/\" \/>\n<meta property=\"og:site_name\" content=\"O Timoneiro Jornal Canoas RS\" \/>\n<meta property=\"article:publisher\" content=\"https:\/\/www.facebook.com\/jornaltimoneiro\" \/>\n<meta property=\"article:published_time\" content=\"2018-03-02T12:55:32+00:00\" \/>\n<meta name=\"author\" content=\"Reda\u00e7\u00e3o\" \/>\n<meta name=\"twitter:card\" content=\"summary_large_image\" \/>\n<meta name=\"twitter:creator\" content=\"@_OTimoneiro\" \/>\n<meta name=\"twitter:site\" content=\"@_OTimoneiro\" \/>\n<meta name=\"twitter:label1\" content=\"Escrito por\" \/>\n\t<meta name=\"twitter:data1\" content=\"Reda\u00e7\u00e3o\" \/>\n\t<meta name=\"twitter:label2\" content=\"Est. tempo de leitura\" \/>\n\t<meta name=\"twitter:data2\" content=\"2 minutos\" \/>\n<script type=\"application\/ld+json\" class=\"yoast-schema-graph\">{\"@context\":\"https:\/\/schema.org\",\"@graph\":[{\"@type\":\"Article\",\"@id\":\"https:\/\/jornaltimoneiro.com.br\/index.php\/2018\/03\/02\/uci-realiza-maratona-de-filmes-do-oscar-2018\/#article\",\"isPartOf\":{\"@id\":\"https:\/\/jornaltimoneiro.com.br\/index.php\/2018\/03\/02\/uci-realiza-maratona-de-filmes-do-oscar-2018\/\"},\"author\":{\"name\":\"Reda\u00e7\u00e3o\",\"@id\":\"https:\/\/jornaltimoneiro.com.br\/#\/schema\/person\/620efd1d8244466117482be494360b08\"},\"headline\":\"UCI realiza maratona de filmes do Oscar 2018\",\"datePublished\":\"2018-03-02T12:55:32+00:00\",\"dateModified\":\"2018-03-02T12:55:32+00:00\",\"mainEntityOfPage\":{\"@id\":\"https:\/\/jornaltimoneiro.com.br\/index.php\/2018\/03\/02\/uci-realiza-maratona-de-filmes-do-oscar-2018\/\"},\"wordCount\":418,\"publisher\":{\"@id\":\"https:\/\/jornaltimoneiro.com.br\/#organization\"},\"articleSection\":[\"Destaques\"],\"inLanguage\":\"pt-BR\"},{\"@type\":\"WebPage\",\"@id\":\"https:\/\/jornaltimoneiro.com.br\/index.php\/2018\/03\/02\/uci-realiza-maratona-de-filmes-do-oscar-2018\/\",\"url\":\"https:\/\/jornaltimoneiro.com.br\/index.php\/2018\/03\/02\/uci-realiza-maratona-de-filmes-do-oscar-2018\/\",\"name\":\"UCI realiza maratona de filmes do Oscar 2018 - O Timoneiro Jornal Canoas RS\",\"isPartOf\":{\"@id\":\"https:\/\/jornaltimoneiro.com.br\/#website\"},\"datePublished\":\"2018-03-02T12:55:32+00:00\",\"dateModified\":\"2018-03-02T12:55:32+00:00\",\"breadcrumb\":{\"@id\":\"https:\/\/jornaltimoneiro.com.br\/index.php\/2018\/03\/02\/uci-realiza-maratona-de-filmes-do-oscar-2018\/#breadcrumb\"},\"inLanguage\":\"pt-BR\",\"potentialAction\":[{\"@type\":\"ReadAction\",\"target\":[\"https:\/\/jornaltimoneiro.com.br\/index.php\/2018\/03\/02\/uci-realiza-maratona-de-filmes-do-oscar-2018\/\"]}]},{\"@type\":\"BreadcrumbList\",\"@id\":\"https:\/\/jornaltimoneiro.com.br\/index.php\/2018\/03\/02\/uci-realiza-maratona-de-filmes-do-oscar-2018\/#breadcrumb\",\"itemListElement\":[{\"@type\":\"ListItem\",\"position\":1,\"name\":\"In\u00edcio\",\"item\":\"https:\/\/jornaltimoneiro.com.br\/\"},{\"@type\":\"ListItem\",\"position\":2,\"name\":\"UCI realiza maratona de filmes do Oscar 2018\"}]},{\"@type\":\"WebSite\",\"@id\":\"https:\/\/jornaltimoneiro.com.br\/#website\",\"url\":\"https:\/\/jornaltimoneiro.com.br\/\",\"name\":\"Jornal Timoneiro Canoas RS\",\"description\":\"Jornal O Timoneiro, o verdadeiro jornal de Canoas\",\"publisher\":{\"@id\":\"https:\/\/jornaltimoneiro.com.br\/#organization\"},\"potentialAction\":[{\"@type\":\"SearchAction\",\"target\":{\"@type\":\"EntryPoint\",\"urlTemplate\":\"https:\/\/jornaltimoneiro.com.br\/?s={search_term_string}\"},\"query-input\":\"required name=search_term_string\"}],\"inLanguage\":\"pt-BR\"},{\"@type\":\"Organization\",\"@id\":\"https:\/\/jornaltimoneiro.com.br\/#organization\",\"name\":\"Jornal Timoneiro Canoas RS\",\"url\":\"https:\/\/jornaltimoneiro.com.br\/\",\"logo\":{\"@type\":\"ImageObject\",\"inLanguage\":\"pt-BR\",\"@id\":\"https:\/\/jornaltimoneiro.com.br\/#\/schema\/logo\/image\/\",\"url\":\"https:\/\/jornaltimoneiro.com.br\/wp-content\/uploads\/2023\/03\/logonovo.png\",\"contentUrl\":\"https:\/\/jornaltimoneiro.com.br\/wp-content\/uploads\/2023\/03\/logonovo.png\",\"width\":\"469\",\"height\":\"171\",\"caption\":\"Jornal Timoneiro Canoas RS\"},\"image\":{\"@id\":\"https:\/\/jornaltimoneiro.com.br\/#\/schema\/logo\/image\/\"},\"sameAs\":[\"https:\/\/www.facebook.com\/jornaltimoneiro\",\"https:\/\/twitter.com\/_OTimoneiro\",\"https:\/\/www.instagram.com\/jornaltimoneirocanoas\/\",\"https:\/\/www.youtube.com\/@jornalotimoneiro7927\"]},{\"@type\":\"Person\",\"@id\":\"https:\/\/jornaltimoneiro.com.br\/#\/schema\/person\/620efd1d8244466117482be494360b08\",\"name\":\"Reda\u00e7\u00e3o\",\"image\":{\"@type\":\"ImageObject\",\"inLanguage\":\"pt-BR\",\"@id\":\"https:\/\/jornaltimoneiro.com.br\/#\/schema\/person\/image\/\",\"url\":\"https:\/\/secure.gravatar.com\/avatar\/2f04e1b304682a8d9db336c7acd77f08?s=96&d=mm&r=g\",\"contentUrl\":\"https:\/\/secure.gravatar.com\/avatar\/2f04e1b304682a8d9db336c7acd77f08?s=96&d=mm&r=g\",\"caption\":\"Reda\u00e7\u00e3o\"},\"url\":\"https:\/\/jornaltimoneiro.com.br\/index.php\/author\/timoneirocanoas\/\"}]}<\/script>\n<!-- \/ Yoast SEO plugin. -->","yoast_head_json":{"title":"UCI realiza maratona de filmes do Oscar 2018 - O Timoneiro Jornal Canoas RS","robots":{"index":"index","follow":"follow","max-snippet":"max-snippet:-1","max-image-preview":"max-image-preview:large","max-video-preview":"max-video-preview:-1"},"canonical":"https:\/\/jornaltimoneiro.com.br\/index.php\/2018\/03\/02\/uci-realiza-maratona-de-filmes-do-oscar-2018\/","og_locale":"pt_BR","og_type":"article","og_title":"UCI realiza maratona de filmes do Oscar 2018 - O Timoneiro Jornal Canoas RS","og_description":"A UCI promove a maratona UCI Day Oscar\u00ae, exibindo em sequ\u00eancia produ\u00e7\u00f5es que est\u00e3o concorrendo \u00e0s principais categorias. O evento ainda conta com pre\u00e7os especiais. Os ingressos est\u00e3o \u00e0 venda por R$7 (meia-entrada) e R$14 (inteira) para sess\u00f5es na sexta-feira, 02, com os seguintes t\u00edtulos: \u201cCorra!\u201d (Melhor Filme, Dire\u00e7\u00e3o, Ator, Roteiro Original); \u00a0\u201cTr\u00eas An\u00fancios Para [&hellip;]","og_url":"https:\/\/jornaltimoneiro.com.br\/index.php\/2018\/03\/02\/uci-realiza-maratona-de-filmes-do-oscar-2018\/","og_site_name":"O Timoneiro Jornal Canoas RS","article_publisher":"https:\/\/www.facebook.com\/jornaltimoneiro","article_published_time":"2018-03-02T12:55:32+00:00","author":"Reda\u00e7\u00e3o","twitter_card":"summary_large_image","twitter_creator":"@_OTimoneiro","twitter_site":"@_OTimoneiro","twitter_misc":{"Escrito por":"Reda\u00e7\u00e3o","Est. tempo de leitura":"2 minutos"},"schema":{"@context":"https:\/\/schema.org","@graph":[{"@type":"Article","@id":"https:\/\/jornaltimoneiro.com.br\/index.php\/2018\/03\/02\/uci-realiza-maratona-de-filmes-do-oscar-2018\/#article","isPartOf":{"@id":"https:\/\/jornaltimoneiro.com.br\/index.php\/2018\/03\/02\/uci-realiza-maratona-de-filmes-do-oscar-2018\/"},"author":{"name":"Reda\u00e7\u00e3o","@id":"https:\/\/jornaltimoneiro.com.br\/#\/schema\/person\/620efd1d8244466117482be494360b08"},"headline":"UCI realiza maratona de filmes do Oscar 2018","datePublished":"2018-03-02T12:55:32+00:00","dateModified":"2018-03-02T12:55:32+00:00","mainEntityOfPage":{"@id":"https:\/\/jornaltimoneiro.com.br\/index.php\/2018\/03\/02\/uci-realiza-maratona-de-filmes-do-oscar-2018\/"},"wordCount":418,"publisher":{"@id":"https:\/\/jornaltimoneiro.com.br\/#organization"},"articleSection":["Destaques"],"inLanguage":"pt-BR"},{"@type":"WebPage","@id":"https:\/\/jornaltimoneiro.com.br\/index.php\/2018\/03\/02\/uci-realiza-maratona-de-filmes-do-oscar-2018\/","url":"https:\/\/jornaltimoneiro.com.br\/index.php\/2018\/03\/02\/uci-realiza-maratona-de-filmes-do-oscar-2018\/","name":"UCI realiza maratona de filmes do Oscar 2018 - O Timoneiro Jornal Canoas RS","isPartOf":{"@id":"https:\/\/jornaltimoneiro.com.br\/#website"},"datePublished":"2018-03-02T12:55:32+00:00","dateModified":"2018-03-02T12:55:32+00:00","breadcrumb":{"@id":"https:\/\/jornaltimoneiro.com.br\/index.php\/2018\/03\/02\/uci-realiza-maratona-de-filmes-do-oscar-2018\/#breadcrumb"},"inLanguage":"pt-BR","potentialAction":[{"@type":"ReadAction","target":["https:\/\/jornaltimoneiro.com.br\/index.php\/2018\/03\/02\/uci-realiza-maratona-de-filmes-do-oscar-2018\/"]}]},{"@type":"BreadcrumbList","@id":"https:\/\/jornaltimoneiro.com.br\/index.php\/2018\/03\/02\/uci-realiza-maratona-de-filmes-do-oscar-2018\/#breadcrumb","itemListElement":[{"@type":"ListItem","position":1,"name":"In\u00edcio","item":"https:\/\/jornaltimoneiro.com.br\/"},{"@type":"ListItem","position":2,"name":"UCI realiza maratona de filmes do Oscar 2018"}]},{"@type":"WebSite","@id":"https:\/\/jornaltimoneiro.com.br\/#website","url":"https:\/\/jornaltimoneiro.com.br\/","name":"Jornal Timoneiro Canoas RS","description":"Jornal O Timoneiro, o verdadeiro jornal de Canoas","publisher":{"@id":"https:\/\/jornaltimoneiro.com.br\/#organization"},"potentialAction":[{"@type":"SearchAction","target":{"@type":"EntryPoint","urlTemplate":"https:\/\/jornaltimoneiro.com.br\/?s={search_term_string}"},"query-input":"required name=search_term_string"}],"inLanguage":"pt-BR"},{"@type":"Organization","@id":"https:\/\/jornaltimoneiro.com.br\/#organization","name":"Jornal Timoneiro Canoas RS","url":"https:\/\/jornaltimoneiro.com.br\/","logo":{"@type":"ImageObject","inLanguage":"pt-BR","@id":"https:\/\/jornaltimoneiro.com.br\/#\/schema\/logo\/image\/","url":"https:\/\/jornaltimoneiro.com.br\/wp-content\/uploads\/2023\/03\/logonovo.png","contentUrl":"https:\/\/jornaltimoneiro.com.br\/wp-content\/uploads\/2023\/03\/logonovo.png","width":"469","height":"171","caption":"Jornal Timoneiro Canoas RS"},"image":{"@id":"https:\/\/jornaltimoneiro.com.br\/#\/schema\/logo\/image\/"},"sameAs":["https:\/\/www.facebook.com\/jornaltimoneiro","https:\/\/twitter.com\/_OTimoneiro","https:\/\/www.instagram.com\/jornaltimoneirocanoas\/","https:\/\/www.youtube.com\/@jornalotimoneiro7927"]},{"@type":"Person","@id":"https:\/\/jornaltimoneiro.com.br\/#\/schema\/person\/620efd1d8244466117482be494360b08","name":"Reda\u00e7\u00e3o","image":{"@type":"ImageObject","inLanguage":"pt-BR","@id":"https:\/\/jornaltimoneiro.com.br\/#\/schema\/person\/image\/","url":"https:\/\/secure.gravatar.com\/avatar\/2f04e1b304682a8d9db336c7acd77f08?s=96&d=mm&r=g","contentUrl":"https:\/\/secure.gravatar.com\/avatar\/2f04e1b304682a8d9db336c7acd77f08?s=96&d=mm&r=g","caption":"Reda\u00e7\u00e3o"},"url":"https:\/\/jornaltimoneiro.com.br\/index.php\/author\/timoneirocanoas\/"}]}},"_links":{"self":[{"href":"https:\/\/jornaltimoneiro.com.br\/index.php\/wp-json\/wp\/v2\/posts\/10102"}],"collection":[{"href":"https:\/\/jornaltimoneiro.com.br\/index.php\/wp-json\/wp\/v2\/posts"}],"about":[{"href":"https:\/\/jornaltimoneiro.com.br\/index.php\/wp-json\/wp\/v2\/types\/post"}],"author":[{"embeddable":true,"href":"https:\/\/jornaltimoneiro.com.br\/index.php\/wp-json\/wp\/v2\/users\/1"}],"replies":[{"embeddable":true,"href":"https:\/\/jornaltimoneiro.com.br\/index.php\/wp-json\/wp\/v2\/comments?post=10102"}],"version-history":[{"count":0,"href":"https:\/\/jornaltimoneiro.com.br\/index.php\/wp-json\/wp\/v2\/posts\/10102\/revisions"}],"wp:featuredmedia":[{"embeddable":true,"href":"https:\/\/jornaltimoneiro.com.br\/index.php\/wp-json\/"}],"wp:attachment":[{"href":"https:\/\/jornaltimoneiro.com.br\/index.php\/wp-json\/wp\/v2\/media?parent=10102"}],"wp:term":[{"taxonomy":"category","embeddable":true,"href":"https:\/\/jornaltimoneiro.com.br\/index.php\/wp-json\/wp\/v2\/categories?post=10102"},{"taxonomy":"post_tag","embeddable":true,"href":"https:\/\/jornaltimoneiro.com.br\/index.php\/wp-json\/wp\/v2\/tags?post=10102"}],"curies":[{"name":"wp","href":"https:\/\/api.w.org\/{rel}","templated":true}]}}