{"id":10099,"date":"2018-03-02T09:46:41","date_gmt":"2018-03-02T12:46:41","guid":{"rendered":"http:\/\/otimoneiro.com.br\/?p=10099"},"modified":"2018-03-02T09:46:41","modified_gmt":"2018-03-02T12:46:41","slug":"evento-marca-entrega-de-45-viaturas-as-forcas-de-seguranca","status":"publish","type":"post","link":"https:\/\/jornaltimoneiro.com.br\/index.php\/2018\/03\/02\/evento-marca-entrega-de-45-viaturas-as-forcas-de-seguranca\/","title":{"rendered":"Evento marca entrega de 45 viaturas \u00e0s for\u00e7as de seguran\u00e7a"},"content":{"rendered":"<p><img decoding=\"async\" class=\"aligncenter size-large wp-image-10100\" src=\"http:\/\/otimoneiro.com.br\/wp-content\/uploads\/2018\/03\/viarturas-1024x682.jpeg\" alt=\"\" width=\"1024\" height=\"682\" \/><\/p>\n<p>A Prefeitura de Canoas entregou, na segunda-feira, 26, 45 novas viaturas para os \u00f3rg\u00e3os de seguran\u00e7a que operam na cidade. Os novos ve\u00edculos far\u00e3o parte das opera\u00e7\u00f5es da Brigada Militar, Pol\u00edcia Civil, Guarda Municipal, Fiscaliza\u00e7\u00e3o de Tr\u00e2nsito, Susepe e Defesa Civil. O prefeito Luiz Carlos Busato (PTB) entregou as chaves das viaturas aos representantes dos \u00f3rg\u00e3os em cerim\u00f4nia que foi acompanhada por autoridades. Estiveram presentes no evento o governador do Estado, Jos\u00e9 Ivo Sartori (PMDB), a senadora Ana Am\u00e9lia Lemos (PP), os secret\u00e1rios estaduais da Seguran\u00e7a P\u00fablica, Cezar Schirmer, e da Comunica\u00e7\u00e3o, Cleber Benvegn\u00fa, al\u00e9m de autoridades municipais como secret\u00e1rios e vereadores.<\/p>\n<p>Do total dos ve\u00edculos entregues, 35 s\u00e3o picapes Mitsubishi L200. Elas possuem o padr\u00e3o utilizado pela For\u00e7a Nacional de Seguran\u00e7a, com motor com 170 cavalos de pot\u00eancia. Tamb\u00e9m foram entregues seis Voyages Sedan e quatro motos Honda XRE 300. O valor do investimento nos ve\u00edculos \u00e9 de R$ 5,120 milh\u00f5es.<\/p>\n<p>Jos\u00e9 Ivo Sartori parabenizou o munic\u00edpio pela aquisi\u00e7\u00e3o das viaturas: \u201cSem o esfor\u00e7o da Prefeitura, a cidade hoje n\u00e3o estaria recebendo estes ve\u00edculos, que ir\u00e3o contribuir para a seguran\u00e7a de todos os canoenses\u201d, afirmou. Luiz Carlos Busato lembrou que a seguran\u00e7a p\u00fablica \u00e9 prioridade da sua gest\u00e3o: \u201cestamos trabalhando continuamente na redu\u00e7\u00e3o dos indicadores de viol\u00eancia&#8221;.<\/p>\n<p>&nbsp;<\/p>\n","protected":false},"excerpt":{"rendered":"<p>A Prefeitura de Canoas entregou, na segunda-feira, 26, 45 novas viaturas para os \u00f3rg\u00e3os de seguran\u00e7a que operam na cidade. Os novos ve\u00edculos far\u00e3o parte das opera\u00e7\u00f5es da Brigada Militar, Pol\u00edcia Civil, Guarda Municipal, Fiscaliza\u00e7\u00e3o de Tr\u00e2nsito, Susepe e Defesa Civil. O prefeito Luiz Carlos Busato (PTB) entregou as chaves das viaturas aos representantes dos [&hellip;]<\/p>\n","protected":false},"author":1,"featured_media":10100,"comment_status":"closed","ping_status":"open","sticky":false,"template":"","format":"standard","meta":{"amp_status":"","footnotes":""},"categories":[19],"tags":[],"class_list":["post-10099","post","type-post","status-publish","format-standard","has-post-thumbnail","hentry","category-destaques"],"yoast_head":"<!-- This site is optimized with the Yoast SEO plugin v20.5 - https:\/\/yoast.com\/wordpress\/plugins\/seo\/ -->\n<title>Evento marca entrega de 45 viaturas \u00e0s for\u00e7as de seguran\u00e7a - O Timoneiro Jornal Canoas RS<\/title>\n<meta name=\"robots\" content=\"index, follow, max-snippet:-1, max-image-preview:large, max-video-preview:-1\" \/>\n<link rel=\"canonical\" href=\"https:\/\/jornaltimoneiro.com.br\/index.php\/2018\/03\/02\/evento-marca-entrega-de-45-viaturas-as-forcas-de-seguranca\/\" \/>\n<meta property=\"og:locale\" content=\"pt_BR\" \/>\n<meta property=\"og:type\" content=\"article\" \/>\n<meta property=\"og:title\" content=\"Evento marca entrega de 45 viaturas \u00e0s for\u00e7as de seguran\u00e7a - O Timoneiro Jornal Canoas RS\" \/>\n<meta property=\"og:description\" content=\"A Prefeitura de Canoas entregou, na segunda-feira, 26, 45 novas viaturas para os \u00f3rg\u00e3os de seguran\u00e7a que operam na cidade. Os novos ve\u00edculos far\u00e3o parte das opera\u00e7\u00f5es da Brigada Militar, Pol\u00edcia Civil, Guarda Municipal, Fiscaliza\u00e7\u00e3o de Tr\u00e2nsito, Susepe e Defesa Civil. O prefeito Luiz Carlos Busato (PTB) entregou as chaves das viaturas aos representantes dos [&hellip;]\" \/>\n<meta property=\"og:url\" content=\"https:\/\/jornaltimoneiro.com.br\/index.php\/2018\/03\/02\/evento-marca-entrega-de-45-viaturas-as-forcas-de-seguranca\/\" \/>\n<meta property=\"og:site_name\" content=\"O Timoneiro Jornal Canoas RS\" \/>\n<meta property=\"article:publisher\" content=\"https:\/\/www.facebook.com\/jornaltimoneiro\" \/>\n<meta property=\"article:published_time\" content=\"2018-03-02T12:46:41+00:00\" \/>\n<meta name=\"author\" content=\"Reda\u00e7\u00e3o\" \/>\n<meta name=\"twitter:card\" content=\"summary_large_image\" \/>\n<meta name=\"twitter:creator\" content=\"@_OTimoneiro\" \/>\n<meta name=\"twitter:site\" content=\"@_OTimoneiro\" \/>\n<meta name=\"twitter:label1\" content=\"Escrito por\" \/>\n\t<meta name=\"twitter:data1\" content=\"Reda\u00e7\u00e3o\" \/>\n\t<meta name=\"twitter:label2\" content=\"Est. tempo de leitura\" \/>\n\t<meta name=\"twitter:data2\" content=\"1 minuto\" \/>\n<script type=\"application\/ld+json\" class=\"yoast-schema-graph\">{\"@context\":\"https:\/\/schema.org\",\"@graph\":[{\"@type\":\"Article\",\"@id\":\"https:\/\/jornaltimoneiro.com.br\/index.php\/2018\/03\/02\/evento-marca-entrega-de-45-viaturas-as-forcas-de-seguranca\/#article\",\"isPartOf\":{\"@id\":\"https:\/\/jornaltimoneiro.com.br\/index.php\/2018\/03\/02\/evento-marca-entrega-de-45-viaturas-as-forcas-de-seguranca\/\"},\"author\":{\"name\":\"Reda\u00e7\u00e3o\",\"@id\":\"https:\/\/jornaltimoneiro.com.br\/#\/schema\/person\/620efd1d8244466117482be494360b08\"},\"headline\":\"Evento marca entrega de 45 viaturas \u00e0s for\u00e7as de seguran\u00e7a\",\"datePublished\":\"2018-03-02T12:46:41+00:00\",\"dateModified\":\"2018-03-02T12:46:41+00:00\",\"mainEntityOfPage\":{\"@id\":\"https:\/\/jornaltimoneiro.com.br\/index.php\/2018\/03\/02\/evento-marca-entrega-de-45-viaturas-as-forcas-de-seguranca\/\"},\"wordCount\":250,\"publisher\":{\"@id\":\"https:\/\/jornaltimoneiro.com.br\/#organization\"},\"articleSection\":[\"Destaques\"],\"inLanguage\":\"pt-BR\"},{\"@type\":\"WebPage\",\"@id\":\"https:\/\/jornaltimoneiro.com.br\/index.php\/2018\/03\/02\/evento-marca-entrega-de-45-viaturas-as-forcas-de-seguranca\/\",\"url\":\"https:\/\/jornaltimoneiro.com.br\/index.php\/2018\/03\/02\/evento-marca-entrega-de-45-viaturas-as-forcas-de-seguranca\/\",\"name\":\"Evento marca entrega de 45 viaturas \u00e0s for\u00e7as de seguran\u00e7a - O Timoneiro Jornal Canoas RS\",\"isPartOf\":{\"@id\":\"https:\/\/jornaltimoneiro.com.br\/#website\"},\"datePublished\":\"2018-03-02T12:46:41+00:00\",\"dateModified\":\"2018-03-02T12:46:41+00:00\",\"breadcrumb\":{\"@id\":\"https:\/\/jornaltimoneiro.com.br\/index.php\/2018\/03\/02\/evento-marca-entrega-de-45-viaturas-as-forcas-de-seguranca\/#breadcrumb\"},\"inLanguage\":\"pt-BR\",\"potentialAction\":[{\"@type\":\"ReadAction\",\"target\":[\"https:\/\/jornaltimoneiro.com.br\/index.php\/2018\/03\/02\/evento-marca-entrega-de-45-viaturas-as-forcas-de-seguranca\/\"]}]},{\"@type\":\"BreadcrumbList\",\"@id\":\"https:\/\/jornaltimoneiro.com.br\/index.php\/2018\/03\/02\/evento-marca-entrega-de-45-viaturas-as-forcas-de-seguranca\/#breadcrumb\",\"itemListElement\":[{\"@type\":\"ListItem\",\"position\":1,\"name\":\"In\u00edcio\",\"item\":\"https:\/\/jornaltimoneiro.com.br\/\"},{\"@type\":\"ListItem\",\"position\":2,\"name\":\"Evento marca entrega de 45 viaturas \u00e0s for\u00e7as de seguran\u00e7a\"}]},{\"@type\":\"WebSite\",\"@id\":\"https:\/\/jornaltimoneiro.com.br\/#website\",\"url\":\"https:\/\/jornaltimoneiro.com.br\/\",\"name\":\"Jornal Timoneiro Canoas RS\",\"description\":\"Jornal O Timoneiro, o verdadeiro jornal de Canoas\",\"publisher\":{\"@id\":\"https:\/\/jornaltimoneiro.com.br\/#organization\"},\"potentialAction\":[{\"@type\":\"SearchAction\",\"target\":{\"@type\":\"EntryPoint\",\"urlTemplate\":\"https:\/\/jornaltimoneiro.com.br\/?s={search_term_string}\"},\"query-input\":\"required name=search_term_string\"}],\"inLanguage\":\"pt-BR\"},{\"@type\":\"Organization\",\"@id\":\"https:\/\/jornaltimoneiro.com.br\/#organization\",\"name\":\"Jornal Timoneiro Canoas RS\",\"url\":\"https:\/\/jornaltimoneiro.com.br\/\",\"logo\":{\"@type\":\"ImageObject\",\"inLanguage\":\"pt-BR\",\"@id\":\"https:\/\/jornaltimoneiro.com.br\/#\/schema\/logo\/image\/\",\"url\":\"https:\/\/jornaltimoneiro.com.br\/wp-content\/uploads\/2023\/03\/logonovo.png\",\"contentUrl\":\"https:\/\/jornaltimoneiro.com.br\/wp-content\/uploads\/2023\/03\/logonovo.png\",\"width\":\"469\",\"height\":\"171\",\"caption\":\"Jornal Timoneiro Canoas RS\"},\"image\":{\"@id\":\"https:\/\/jornaltimoneiro.com.br\/#\/schema\/logo\/image\/\"},\"sameAs\":[\"https:\/\/www.facebook.com\/jornaltimoneiro\",\"https:\/\/twitter.com\/_OTimoneiro\",\"https:\/\/www.instagram.com\/jornaltimoneirocanoas\/\",\"https:\/\/www.youtube.com\/@jornalotimoneiro7927\"]},{\"@type\":\"Person\",\"@id\":\"https:\/\/jornaltimoneiro.com.br\/#\/schema\/person\/620efd1d8244466117482be494360b08\",\"name\":\"Reda\u00e7\u00e3o\",\"image\":{\"@type\":\"ImageObject\",\"inLanguage\":\"pt-BR\",\"@id\":\"https:\/\/jornaltimoneiro.com.br\/#\/schema\/person\/image\/\",\"url\":\"https:\/\/secure.gravatar.com\/avatar\/2f04e1b304682a8d9db336c7acd77f08?s=96&d=mm&r=g\",\"contentUrl\":\"https:\/\/secure.gravatar.com\/avatar\/2f04e1b304682a8d9db336c7acd77f08?s=96&d=mm&r=g\",\"caption\":\"Reda\u00e7\u00e3o\"},\"url\":\"https:\/\/jornaltimoneiro.com.br\/index.php\/author\/timoneirocanoas\/\"}]}<\/script>\n<!-- \/ Yoast SEO plugin. -->","yoast_head_json":{"title":"Evento marca entrega de 45 viaturas \u00e0s for\u00e7as de seguran\u00e7a - O Timoneiro Jornal Canoas RS","robots":{"index":"index","follow":"follow","max-snippet":"max-snippet:-1","max-image-preview":"max-image-preview:large","max-video-preview":"max-video-preview:-1"},"canonical":"https:\/\/jornaltimoneiro.com.br\/index.php\/2018\/03\/02\/evento-marca-entrega-de-45-viaturas-as-forcas-de-seguranca\/","og_locale":"pt_BR","og_type":"article","og_title":"Evento marca entrega de 45 viaturas \u00e0s for\u00e7as de seguran\u00e7a - O Timoneiro Jornal Canoas RS","og_description":"A Prefeitura de Canoas entregou, na segunda-feira, 26, 45 novas viaturas para os \u00f3rg\u00e3os de seguran\u00e7a que operam na cidade. Os novos ve\u00edculos far\u00e3o parte das opera\u00e7\u00f5es da Brigada Militar, Pol\u00edcia Civil, Guarda Municipal, Fiscaliza\u00e7\u00e3o de Tr\u00e2nsito, Susepe e Defesa Civil. O prefeito Luiz Carlos Busato (PTB) entregou as chaves das viaturas aos representantes dos [&hellip;]","og_url":"https:\/\/jornaltimoneiro.com.br\/index.php\/2018\/03\/02\/evento-marca-entrega-de-45-viaturas-as-forcas-de-seguranca\/","og_site_name":"O Timoneiro Jornal Canoas RS","article_publisher":"https:\/\/www.facebook.com\/jornaltimoneiro","article_published_time":"2018-03-02T12:46:41+00:00","author":"Reda\u00e7\u00e3o","twitter_card":"summary_large_image","twitter_creator":"@_OTimoneiro","twitter_site":"@_OTimoneiro","twitter_misc":{"Escrito por":"Reda\u00e7\u00e3o","Est. tempo de leitura":"1 minuto"},"schema":{"@context":"https:\/\/schema.org","@graph":[{"@type":"Article","@id":"https:\/\/jornaltimoneiro.com.br\/index.php\/2018\/03\/02\/evento-marca-entrega-de-45-viaturas-as-forcas-de-seguranca\/#article","isPartOf":{"@id":"https:\/\/jornaltimoneiro.com.br\/index.php\/2018\/03\/02\/evento-marca-entrega-de-45-viaturas-as-forcas-de-seguranca\/"},"author":{"name":"Reda\u00e7\u00e3o","@id":"https:\/\/jornaltimoneiro.com.br\/#\/schema\/person\/620efd1d8244466117482be494360b08"},"headline":"Evento marca entrega de 45 viaturas \u00e0s for\u00e7as de seguran\u00e7a","datePublished":"2018-03-02T12:46:41+00:00","dateModified":"2018-03-02T12:46:41+00:00","mainEntityOfPage":{"@id":"https:\/\/jornaltimoneiro.com.br\/index.php\/2018\/03\/02\/evento-marca-entrega-de-45-viaturas-as-forcas-de-seguranca\/"},"wordCount":250,"publisher":{"@id":"https:\/\/jornaltimoneiro.com.br\/#organization"},"articleSection":["Destaques"],"inLanguage":"pt-BR"},{"@type":"WebPage","@id":"https:\/\/jornaltimoneiro.com.br\/index.php\/2018\/03\/02\/evento-marca-entrega-de-45-viaturas-as-forcas-de-seguranca\/","url":"https:\/\/jornaltimoneiro.com.br\/index.php\/2018\/03\/02\/evento-marca-entrega-de-45-viaturas-as-forcas-de-seguranca\/","name":"Evento marca entrega de 45 viaturas \u00e0s for\u00e7as de seguran\u00e7a - O Timoneiro Jornal Canoas RS","isPartOf":{"@id":"https:\/\/jornaltimoneiro.com.br\/#website"},"datePublished":"2018-03-02T12:46:41+00:00","dateModified":"2018-03-02T12:46:41+00:00","breadcrumb":{"@id":"https:\/\/jornaltimoneiro.com.br\/index.php\/2018\/03\/02\/evento-marca-entrega-de-45-viaturas-as-forcas-de-seguranca\/#breadcrumb"},"inLanguage":"pt-BR","potentialAction":[{"@type":"ReadAction","target":["https:\/\/jornaltimoneiro.com.br\/index.php\/2018\/03\/02\/evento-marca-entrega-de-45-viaturas-as-forcas-de-seguranca\/"]}]},{"@type":"BreadcrumbList","@id":"https:\/\/jornaltimoneiro.com.br\/index.php\/2018\/03\/02\/evento-marca-entrega-de-45-viaturas-as-forcas-de-seguranca\/#breadcrumb","itemListElement":[{"@type":"ListItem","position":1,"name":"In\u00edcio","item":"https:\/\/jornaltimoneiro.com.br\/"},{"@type":"ListItem","position":2,"name":"Evento marca entrega de 45 viaturas \u00e0s for\u00e7as de seguran\u00e7a"}]},{"@type":"WebSite","@id":"https:\/\/jornaltimoneiro.com.br\/#website","url":"https:\/\/jornaltimoneiro.com.br\/","name":"Jornal Timoneiro Canoas RS","description":"Jornal O Timoneiro, o verdadeiro jornal de Canoas","publisher":{"@id":"https:\/\/jornaltimoneiro.com.br\/#organization"},"potentialAction":[{"@type":"SearchAction","target":{"@type":"EntryPoint","urlTemplate":"https:\/\/jornaltimoneiro.com.br\/?s={search_term_string}"},"query-input":"required name=search_term_string"}],"inLanguage":"pt-BR"},{"@type":"Organization","@id":"https:\/\/jornaltimoneiro.com.br\/#organization","name":"Jornal Timoneiro Canoas RS","url":"https:\/\/jornaltimoneiro.com.br\/","logo":{"@type":"ImageObject","inLanguage":"pt-BR","@id":"https:\/\/jornaltimoneiro.com.br\/#\/schema\/logo\/image\/","url":"https:\/\/jornaltimoneiro.com.br\/wp-content\/uploads\/2023\/03\/logonovo.png","contentUrl":"https:\/\/jornaltimoneiro.com.br\/wp-content\/uploads\/2023\/03\/logonovo.png","width":"469","height":"171","caption":"Jornal Timoneiro Canoas RS"},"image":{"@id":"https:\/\/jornaltimoneiro.com.br\/#\/schema\/logo\/image\/"},"sameAs":["https:\/\/www.facebook.com\/jornaltimoneiro","https:\/\/twitter.com\/_OTimoneiro","https:\/\/www.instagram.com\/jornaltimoneirocanoas\/","https:\/\/www.youtube.com\/@jornalotimoneiro7927"]},{"@type":"Person","@id":"https:\/\/jornaltimoneiro.com.br\/#\/schema\/person\/620efd1d8244466117482be494360b08","name":"Reda\u00e7\u00e3o","image":{"@type":"ImageObject","inLanguage":"pt-BR","@id":"https:\/\/jornaltimoneiro.com.br\/#\/schema\/person\/image\/","url":"https:\/\/secure.gravatar.com\/avatar\/2f04e1b304682a8d9db336c7acd77f08?s=96&d=mm&r=g","contentUrl":"https:\/\/secure.gravatar.com\/avatar\/2f04e1b304682a8d9db336c7acd77f08?s=96&d=mm&r=g","caption":"Reda\u00e7\u00e3o"},"url":"https:\/\/jornaltimoneiro.com.br\/index.php\/author\/timoneirocanoas\/"}]}},"_links":{"self":[{"href":"https:\/\/jornaltimoneiro.com.br\/index.php\/wp-json\/wp\/v2\/posts\/10099"}],"collection":[{"href":"https:\/\/jornaltimoneiro.com.br\/index.php\/wp-json\/wp\/v2\/posts"}],"about":[{"href":"https:\/\/jornaltimoneiro.com.br\/index.php\/wp-json\/wp\/v2\/types\/post"}],"author":[{"embeddable":true,"href":"https:\/\/jornaltimoneiro.com.br\/index.php\/wp-json\/wp\/v2\/users\/1"}],"replies":[{"embeddable":true,"href":"https:\/\/jornaltimoneiro.com.br\/index.php\/wp-json\/wp\/v2\/comments?post=10099"}],"version-history":[{"count":0,"href":"https:\/\/jornaltimoneiro.com.br\/index.php\/wp-json\/wp\/v2\/posts\/10099\/revisions"}],"wp:featuredmedia":[{"embeddable":true,"href":"https:\/\/jornaltimoneiro.com.br\/index.php\/wp-json\/"}],"wp:attachment":[{"href":"https:\/\/jornaltimoneiro.com.br\/index.php\/wp-json\/wp\/v2\/media?parent=10099"}],"wp:term":[{"taxonomy":"category","embeddable":true,"href":"https:\/\/jornaltimoneiro.com.br\/index.php\/wp-json\/wp\/v2\/categories?post=10099"},{"taxonomy":"post_tag","embeddable":true,"href":"https:\/\/jornaltimoneiro.com.br\/index.php\/wp-json\/wp\/v2\/tags?post=10099"}],"curies":[{"name":"wp","href":"https:\/\/api.w.org\/{rel}","templated":true}]}}