{"id":10078,"date":"2018-02-23T10:08:18","date_gmt":"2018-02-23T13:08:18","guid":{"rendered":"http:\/\/otimoneiro.com.br\/?p=10078"},"modified":"2018-02-23T10:08:18","modified_gmt":"2018-02-23T13:08:18","slug":"diretor-da-corsan-vai-camara-para-dar-explicacoes-sobre-agua","status":"publish","type":"post","link":"https:\/\/jornaltimoneiro.com.br\/index.php\/2018\/02\/23\/diretor-da-corsan-vai-camara-para-dar-explicacoes-sobre-agua\/","title":{"rendered":"Diretor da Corsan vai \u00e0 C\u00e2mara para dar explica\u00e7\u00f5es sobre a \u00e1gua"},"content":{"rendered":"<p><img decoding=\"async\" class=\"aligncenter size-large wp-image-10079\" src=\"http:\/\/otimoneiro.com.br\/wp-content\/uploads\/2018\/02\/camara-1024x682.jpeg\" alt=\"\" width=\"1024\" height=\"682\" \/><\/p>\n<p>O jornal Timoneiro destacou, na capa de sua \u00faltima edi\u00e7\u00e3o, as reclama\u00e7\u00f5es dos canoenses com rela\u00e7\u00e3o \u00e0 qualidade da \u00e1gua na cidade. Tais questionamentos, principalmente focados no servi\u00e7o prestado pela Corsan, levaram os vereadores a cobrarem esclarecimentos da empresa. Na sess\u00e3o da quinta-feira, 15, representantes da companhia estiveram no Legislativo para abordar o problema.<\/p>\n<p>Segundo a empresa, as altera\u00e7\u00f5es nas caracter\u00edsticas sensoriais da \u00e1gua, que apresenta odor e gosto de terra, devem-se \u00e0 prolifera\u00e7\u00e3o de algas no lago Gua\u00edba. O diretor de Opera\u00e7\u00f5es da Corsan, Eduardo Carvalho, alertou, no entanto, que n\u00e3o h\u00e1 preju\u00edzo para a potabilidade. Ele tamb\u00e9m esclareceu que a companhia tem adotado as provid\u00eancias cab\u00edveis para minimizar os efeitos sensoriais, com maior dosagem de carv\u00e3o ativado \u00e0 \u00e1gua na esta\u00e7\u00e3o de tratamento.<\/p>\n<p>A capta\u00e7\u00e3o de \u00e1gua bruta \u00e9 realizada no Arroio das Gar\u00e7as, localizado no munic\u00edpio. A diminui\u00e7\u00e3o do n\u00edvel do arroio, conforme as informa\u00e7\u00f5es divulgadas, permitiu que a \u00e1gua do Gua\u00edba entrasse em seu leito, misturando as \u00e1guas.<\/p>\n<p>Os t\u00e9cnicos avaliam que o pico de altera\u00e7\u00e3o tenha ocorrido entre domingo e segunda-feira, com base nas reclama\u00e7\u00f5es de consumidores, e que a tend\u00eancia \u00e9 de diminui\u00e7\u00e3o do problema desde ent\u00e3o. Carvalho afirmou que a \u00e1gua segue atendendo a todos os par\u00e2metros f\u00edsicos, qu\u00edmicos e biol\u00f3gicos.<\/p>\n<p>&#8220;O inc\u00f4modo n\u00e3o retira a potabilidade da \u00e1gua e n\u00e3o representa riscos \u00e0 sa\u00fade&#8221;, assegurou. O diretor acrescentou ainda que o problema \u00e9 resultado de um processo natural e que cabe \u00e0 Corsan agir para minimiz\u00e1-lo.<\/p>\n<p>Em suas interven\u00e7\u00f5es, os vereadores destacaram a insatisfa\u00e7\u00e3o dos mun\u00edcipes e cobraram medidas preventivas. Os parlamentares tamb\u00e9m pediram para que a empresa amplie a comunica\u00e7\u00e3o com os consumidores para que situa\u00e7\u00f5es como a registrada atualmente sejam esclarecidas imediatamente. O presidente da C\u00e2mara, vereador Alexandre Gon\u00e7alves (PPS), ressaltou que o Legislativo continuar\u00e1 monitorando a situa\u00e7\u00e3o.<\/p>\n","protected":false},"excerpt":{"rendered":"<p>O jornal Timoneiro destacou, na capa de sua \u00faltima edi\u00e7\u00e3o, as reclama\u00e7\u00f5es dos canoenses com rela\u00e7\u00e3o \u00e0 qualidade da \u00e1gua na cidade. Tais questionamentos, principalmente focados no servi\u00e7o prestado pela Corsan, levaram os vereadores a cobrarem esclarecimentos da empresa. Na sess\u00e3o da quinta-feira, 15, representantes da companhia estiveram no Legislativo para abordar o problema. Segundo [&hellip;]<\/p>\n","protected":false},"author":1,"featured_media":10079,"comment_status":"closed","ping_status":"open","sticky":false,"template":"","format":"standard","meta":{"amp_status":"","footnotes":""},"categories":[19],"tags":[],"class_list":["post-10078","post","type-post","status-publish","format-standard","has-post-thumbnail","hentry","category-destaques"],"yoast_head":"<!-- This site is optimized with the Yoast SEO plugin v20.5 - https:\/\/yoast.com\/wordpress\/plugins\/seo\/ -->\n<title>Diretor da Corsan vai \u00e0 C\u00e2mara para dar explica\u00e7\u00f5es sobre a \u00e1gua - O Timoneiro Jornal Canoas RS<\/title>\n<meta name=\"robots\" content=\"index, follow, max-snippet:-1, max-image-preview:large, max-video-preview:-1\" \/>\n<link rel=\"canonical\" href=\"https:\/\/jornaltimoneiro.com.br\/index.php\/2018\/02\/23\/diretor-da-corsan-vai-camara-para-dar-explicacoes-sobre-agua\/\" \/>\n<meta property=\"og:locale\" content=\"pt_BR\" \/>\n<meta property=\"og:type\" content=\"article\" \/>\n<meta property=\"og:title\" content=\"Diretor da Corsan vai \u00e0 C\u00e2mara para dar explica\u00e7\u00f5es sobre a \u00e1gua - O Timoneiro Jornal Canoas RS\" \/>\n<meta property=\"og:description\" content=\"O jornal Timoneiro destacou, na capa de sua \u00faltima edi\u00e7\u00e3o, as reclama\u00e7\u00f5es dos canoenses com rela\u00e7\u00e3o \u00e0 qualidade da \u00e1gua na cidade. Tais questionamentos, principalmente focados no servi\u00e7o prestado pela Corsan, levaram os vereadores a cobrarem esclarecimentos da empresa. Na sess\u00e3o da quinta-feira, 15, representantes da companhia estiveram no Legislativo para abordar o problema. Segundo [&hellip;]\" \/>\n<meta property=\"og:url\" content=\"https:\/\/jornaltimoneiro.com.br\/index.php\/2018\/02\/23\/diretor-da-corsan-vai-camara-para-dar-explicacoes-sobre-agua\/\" \/>\n<meta property=\"og:site_name\" content=\"O Timoneiro Jornal Canoas RS\" \/>\n<meta property=\"article:publisher\" content=\"https:\/\/www.facebook.com\/jornaltimoneiro\" \/>\n<meta property=\"article:published_time\" content=\"2018-02-23T13:08:18+00:00\" \/>\n<meta name=\"author\" content=\"Reda\u00e7\u00e3o\" \/>\n<meta name=\"twitter:card\" content=\"summary_large_image\" \/>\n<meta name=\"twitter:creator\" content=\"@_OTimoneiro\" \/>\n<meta name=\"twitter:site\" content=\"@_OTimoneiro\" \/>\n<meta name=\"twitter:label1\" content=\"Escrito por\" \/>\n\t<meta name=\"twitter:data1\" content=\"Reda\u00e7\u00e3o\" \/>\n\t<meta name=\"twitter:label2\" content=\"Est. tempo de leitura\" \/>\n\t<meta name=\"twitter:data2\" content=\"2 minutos\" \/>\n<script type=\"application\/ld+json\" class=\"yoast-schema-graph\">{\"@context\":\"https:\/\/schema.org\",\"@graph\":[{\"@type\":\"Article\",\"@id\":\"https:\/\/jornaltimoneiro.com.br\/index.php\/2018\/02\/23\/diretor-da-corsan-vai-camara-para-dar-explicacoes-sobre-agua\/#article\",\"isPartOf\":{\"@id\":\"https:\/\/jornaltimoneiro.com.br\/index.php\/2018\/02\/23\/diretor-da-corsan-vai-camara-para-dar-explicacoes-sobre-agua\/\"},\"author\":{\"name\":\"Reda\u00e7\u00e3o\",\"@id\":\"https:\/\/jornaltimoneiro.com.br\/#\/schema\/person\/620efd1d8244466117482be494360b08\"},\"headline\":\"Diretor da Corsan vai \u00e0 C\u00e2mara para dar explica\u00e7\u00f5es sobre a \u00e1gua\",\"datePublished\":\"2018-02-23T13:08:18+00:00\",\"dateModified\":\"2018-02-23T13:08:18+00:00\",\"mainEntityOfPage\":{\"@id\":\"https:\/\/jornaltimoneiro.com.br\/index.php\/2018\/02\/23\/diretor-da-corsan-vai-camara-para-dar-explicacoes-sobre-agua\/\"},\"wordCount\":350,\"publisher\":{\"@id\":\"https:\/\/jornaltimoneiro.com.br\/#organization\"},\"articleSection\":[\"Destaques\"],\"inLanguage\":\"pt-BR\"},{\"@type\":\"WebPage\",\"@id\":\"https:\/\/jornaltimoneiro.com.br\/index.php\/2018\/02\/23\/diretor-da-corsan-vai-camara-para-dar-explicacoes-sobre-agua\/\",\"url\":\"https:\/\/jornaltimoneiro.com.br\/index.php\/2018\/02\/23\/diretor-da-corsan-vai-camara-para-dar-explicacoes-sobre-agua\/\",\"name\":\"Diretor da Corsan vai \u00e0 C\u00e2mara para dar explica\u00e7\u00f5es sobre a \u00e1gua - O Timoneiro Jornal Canoas RS\",\"isPartOf\":{\"@id\":\"https:\/\/jornaltimoneiro.com.br\/#website\"},\"datePublished\":\"2018-02-23T13:08:18+00:00\",\"dateModified\":\"2018-02-23T13:08:18+00:00\",\"breadcrumb\":{\"@id\":\"https:\/\/jornaltimoneiro.com.br\/index.php\/2018\/02\/23\/diretor-da-corsan-vai-camara-para-dar-explicacoes-sobre-agua\/#breadcrumb\"},\"inLanguage\":\"pt-BR\",\"potentialAction\":[{\"@type\":\"ReadAction\",\"target\":[\"https:\/\/jornaltimoneiro.com.br\/index.php\/2018\/02\/23\/diretor-da-corsan-vai-camara-para-dar-explicacoes-sobre-agua\/\"]}]},{\"@type\":\"BreadcrumbList\",\"@id\":\"https:\/\/jornaltimoneiro.com.br\/index.php\/2018\/02\/23\/diretor-da-corsan-vai-camara-para-dar-explicacoes-sobre-agua\/#breadcrumb\",\"itemListElement\":[{\"@type\":\"ListItem\",\"position\":1,\"name\":\"In\u00edcio\",\"item\":\"https:\/\/jornaltimoneiro.com.br\/\"},{\"@type\":\"ListItem\",\"position\":2,\"name\":\"Diretor da Corsan vai \u00e0 C\u00e2mara para dar explica\u00e7\u00f5es sobre a \u00e1gua\"}]},{\"@type\":\"WebSite\",\"@id\":\"https:\/\/jornaltimoneiro.com.br\/#website\",\"url\":\"https:\/\/jornaltimoneiro.com.br\/\",\"name\":\"Jornal Timoneiro Canoas RS\",\"description\":\"Jornal O Timoneiro, o verdadeiro jornal de Canoas\",\"publisher\":{\"@id\":\"https:\/\/jornaltimoneiro.com.br\/#organization\"},\"potentialAction\":[{\"@type\":\"SearchAction\",\"target\":{\"@type\":\"EntryPoint\",\"urlTemplate\":\"https:\/\/jornaltimoneiro.com.br\/?s={search_term_string}\"},\"query-input\":\"required name=search_term_string\"}],\"inLanguage\":\"pt-BR\"},{\"@type\":\"Organization\",\"@id\":\"https:\/\/jornaltimoneiro.com.br\/#organization\",\"name\":\"Jornal Timoneiro Canoas RS\",\"url\":\"https:\/\/jornaltimoneiro.com.br\/\",\"logo\":{\"@type\":\"ImageObject\",\"inLanguage\":\"pt-BR\",\"@id\":\"https:\/\/jornaltimoneiro.com.br\/#\/schema\/logo\/image\/\",\"url\":\"https:\/\/jornaltimoneiro.com.br\/wp-content\/uploads\/2023\/03\/logonovo.png\",\"contentUrl\":\"https:\/\/jornaltimoneiro.com.br\/wp-content\/uploads\/2023\/03\/logonovo.png\",\"width\":\"469\",\"height\":\"171\",\"caption\":\"Jornal Timoneiro Canoas RS\"},\"image\":{\"@id\":\"https:\/\/jornaltimoneiro.com.br\/#\/schema\/logo\/image\/\"},\"sameAs\":[\"https:\/\/www.facebook.com\/jornaltimoneiro\",\"https:\/\/twitter.com\/_OTimoneiro\",\"https:\/\/www.instagram.com\/jornaltimoneirocanoas\/\",\"https:\/\/www.youtube.com\/@jornalotimoneiro7927\"]},{\"@type\":\"Person\",\"@id\":\"https:\/\/jornaltimoneiro.com.br\/#\/schema\/person\/620efd1d8244466117482be494360b08\",\"name\":\"Reda\u00e7\u00e3o\",\"image\":{\"@type\":\"ImageObject\",\"inLanguage\":\"pt-BR\",\"@id\":\"https:\/\/jornaltimoneiro.com.br\/#\/schema\/person\/image\/\",\"url\":\"https:\/\/secure.gravatar.com\/avatar\/2f04e1b304682a8d9db336c7acd77f08?s=96&d=mm&r=g\",\"contentUrl\":\"https:\/\/secure.gravatar.com\/avatar\/2f04e1b304682a8d9db336c7acd77f08?s=96&d=mm&r=g\",\"caption\":\"Reda\u00e7\u00e3o\"},\"url\":\"https:\/\/jornaltimoneiro.com.br\/index.php\/author\/timoneirocanoas\/\"}]}<\/script>\n<!-- \/ Yoast SEO plugin. -->","yoast_head_json":{"title":"Diretor da Corsan vai \u00e0 C\u00e2mara para dar explica\u00e7\u00f5es sobre a \u00e1gua - O Timoneiro Jornal Canoas RS","robots":{"index":"index","follow":"follow","max-snippet":"max-snippet:-1","max-image-preview":"max-image-preview:large","max-video-preview":"max-video-preview:-1"},"canonical":"https:\/\/jornaltimoneiro.com.br\/index.php\/2018\/02\/23\/diretor-da-corsan-vai-camara-para-dar-explicacoes-sobre-agua\/","og_locale":"pt_BR","og_type":"article","og_title":"Diretor da Corsan vai \u00e0 C\u00e2mara para dar explica\u00e7\u00f5es sobre a \u00e1gua - O Timoneiro Jornal Canoas RS","og_description":"O jornal Timoneiro destacou, na capa de sua \u00faltima edi\u00e7\u00e3o, as reclama\u00e7\u00f5es dos canoenses com rela\u00e7\u00e3o \u00e0 qualidade da \u00e1gua na cidade. Tais questionamentos, principalmente focados no servi\u00e7o prestado pela Corsan, levaram os vereadores a cobrarem esclarecimentos da empresa. Na sess\u00e3o da quinta-feira, 15, representantes da companhia estiveram no Legislativo para abordar o problema. Segundo [&hellip;]","og_url":"https:\/\/jornaltimoneiro.com.br\/index.php\/2018\/02\/23\/diretor-da-corsan-vai-camara-para-dar-explicacoes-sobre-agua\/","og_site_name":"O Timoneiro Jornal Canoas RS","article_publisher":"https:\/\/www.facebook.com\/jornaltimoneiro","article_published_time":"2018-02-23T13:08:18+00:00","author":"Reda\u00e7\u00e3o","twitter_card":"summary_large_image","twitter_creator":"@_OTimoneiro","twitter_site":"@_OTimoneiro","twitter_misc":{"Escrito por":"Reda\u00e7\u00e3o","Est. tempo de leitura":"2 minutos"},"schema":{"@context":"https:\/\/schema.org","@graph":[{"@type":"Article","@id":"https:\/\/jornaltimoneiro.com.br\/index.php\/2018\/02\/23\/diretor-da-corsan-vai-camara-para-dar-explicacoes-sobre-agua\/#article","isPartOf":{"@id":"https:\/\/jornaltimoneiro.com.br\/index.php\/2018\/02\/23\/diretor-da-corsan-vai-camara-para-dar-explicacoes-sobre-agua\/"},"author":{"name":"Reda\u00e7\u00e3o","@id":"https:\/\/jornaltimoneiro.com.br\/#\/schema\/person\/620efd1d8244466117482be494360b08"},"headline":"Diretor da Corsan vai \u00e0 C\u00e2mara para dar explica\u00e7\u00f5es sobre a \u00e1gua","datePublished":"2018-02-23T13:08:18+00:00","dateModified":"2018-02-23T13:08:18+00:00","mainEntityOfPage":{"@id":"https:\/\/jornaltimoneiro.com.br\/index.php\/2018\/02\/23\/diretor-da-corsan-vai-camara-para-dar-explicacoes-sobre-agua\/"},"wordCount":350,"publisher":{"@id":"https:\/\/jornaltimoneiro.com.br\/#organization"},"articleSection":["Destaques"],"inLanguage":"pt-BR"},{"@type":"WebPage","@id":"https:\/\/jornaltimoneiro.com.br\/index.php\/2018\/02\/23\/diretor-da-corsan-vai-camara-para-dar-explicacoes-sobre-agua\/","url":"https:\/\/jornaltimoneiro.com.br\/index.php\/2018\/02\/23\/diretor-da-corsan-vai-camara-para-dar-explicacoes-sobre-agua\/","name":"Diretor da Corsan vai \u00e0 C\u00e2mara para dar explica\u00e7\u00f5es sobre a \u00e1gua - O Timoneiro Jornal Canoas RS","isPartOf":{"@id":"https:\/\/jornaltimoneiro.com.br\/#website"},"datePublished":"2018-02-23T13:08:18+00:00","dateModified":"2018-02-23T13:08:18+00:00","breadcrumb":{"@id":"https:\/\/jornaltimoneiro.com.br\/index.php\/2018\/02\/23\/diretor-da-corsan-vai-camara-para-dar-explicacoes-sobre-agua\/#breadcrumb"},"inLanguage":"pt-BR","potentialAction":[{"@type":"ReadAction","target":["https:\/\/jornaltimoneiro.com.br\/index.php\/2018\/02\/23\/diretor-da-corsan-vai-camara-para-dar-explicacoes-sobre-agua\/"]}]},{"@type":"BreadcrumbList","@id":"https:\/\/jornaltimoneiro.com.br\/index.php\/2018\/02\/23\/diretor-da-corsan-vai-camara-para-dar-explicacoes-sobre-agua\/#breadcrumb","itemListElement":[{"@type":"ListItem","position":1,"name":"In\u00edcio","item":"https:\/\/jornaltimoneiro.com.br\/"},{"@type":"ListItem","position":2,"name":"Diretor da Corsan vai \u00e0 C\u00e2mara para dar explica\u00e7\u00f5es sobre a \u00e1gua"}]},{"@type":"WebSite","@id":"https:\/\/jornaltimoneiro.com.br\/#website","url":"https:\/\/jornaltimoneiro.com.br\/","name":"Jornal Timoneiro Canoas RS","description":"Jornal O Timoneiro, o verdadeiro jornal de Canoas","publisher":{"@id":"https:\/\/jornaltimoneiro.com.br\/#organization"},"potentialAction":[{"@type":"SearchAction","target":{"@type":"EntryPoint","urlTemplate":"https:\/\/jornaltimoneiro.com.br\/?s={search_term_string}"},"query-input":"required name=search_term_string"}],"inLanguage":"pt-BR"},{"@type":"Organization","@id":"https:\/\/jornaltimoneiro.com.br\/#organization","name":"Jornal Timoneiro Canoas RS","url":"https:\/\/jornaltimoneiro.com.br\/","logo":{"@type":"ImageObject","inLanguage":"pt-BR","@id":"https:\/\/jornaltimoneiro.com.br\/#\/schema\/logo\/image\/","url":"https:\/\/jornaltimoneiro.com.br\/wp-content\/uploads\/2023\/03\/logonovo.png","contentUrl":"https:\/\/jornaltimoneiro.com.br\/wp-content\/uploads\/2023\/03\/logonovo.png","width":"469","height":"171","caption":"Jornal Timoneiro Canoas RS"},"image":{"@id":"https:\/\/jornaltimoneiro.com.br\/#\/schema\/logo\/image\/"},"sameAs":["https:\/\/www.facebook.com\/jornaltimoneiro","https:\/\/twitter.com\/_OTimoneiro","https:\/\/www.instagram.com\/jornaltimoneirocanoas\/","https:\/\/www.youtube.com\/@jornalotimoneiro7927"]},{"@type":"Person","@id":"https:\/\/jornaltimoneiro.com.br\/#\/schema\/person\/620efd1d8244466117482be494360b08","name":"Reda\u00e7\u00e3o","image":{"@type":"ImageObject","inLanguage":"pt-BR","@id":"https:\/\/jornaltimoneiro.com.br\/#\/schema\/person\/image\/","url":"https:\/\/secure.gravatar.com\/avatar\/2f04e1b304682a8d9db336c7acd77f08?s=96&d=mm&r=g","contentUrl":"https:\/\/secure.gravatar.com\/avatar\/2f04e1b304682a8d9db336c7acd77f08?s=96&d=mm&r=g","caption":"Reda\u00e7\u00e3o"},"url":"https:\/\/jornaltimoneiro.com.br\/index.php\/author\/timoneirocanoas\/"}]}},"_links":{"self":[{"href":"https:\/\/jornaltimoneiro.com.br\/index.php\/wp-json\/wp\/v2\/posts\/10078"}],"collection":[{"href":"https:\/\/jornaltimoneiro.com.br\/index.php\/wp-json\/wp\/v2\/posts"}],"about":[{"href":"https:\/\/jornaltimoneiro.com.br\/index.php\/wp-json\/wp\/v2\/types\/post"}],"author":[{"embeddable":true,"href":"https:\/\/jornaltimoneiro.com.br\/index.php\/wp-json\/wp\/v2\/users\/1"}],"replies":[{"embeddable":true,"href":"https:\/\/jornaltimoneiro.com.br\/index.php\/wp-json\/wp\/v2\/comments?post=10078"}],"version-history":[{"count":0,"href":"https:\/\/jornaltimoneiro.com.br\/index.php\/wp-json\/wp\/v2\/posts\/10078\/revisions"}],"wp:featuredmedia":[{"embeddable":true,"href":"https:\/\/jornaltimoneiro.com.br\/index.php\/wp-json\/"}],"wp:attachment":[{"href":"https:\/\/jornaltimoneiro.com.br\/index.php\/wp-json\/wp\/v2\/media?parent=10078"}],"wp:term":[{"taxonomy":"category","embeddable":true,"href":"https:\/\/jornaltimoneiro.com.br\/index.php\/wp-json\/wp\/v2\/categories?post=10078"},{"taxonomy":"post_tag","embeddable":true,"href":"https:\/\/jornaltimoneiro.com.br\/index.php\/wp-json\/wp\/v2\/tags?post=10078"}],"curies":[{"name":"wp","href":"https:\/\/api.w.org\/{rel}","templated":true}]}}