{"id":10060,"date":"2018-02-23T09:37:00","date_gmt":"2018-02-23T12:37:00","guid":{"rendered":"http:\/\/otimoneiro.com.br\/?p=10060"},"modified":"2018-02-23T09:37:00","modified_gmt":"2018-02-23T12:37:00","slug":"sesc-apresenta-programacao-especial-no-mes-da-mulher","status":"publish","type":"post","link":"https:\/\/jornaltimoneiro.com.br\/index.php\/2018\/02\/23\/sesc-apresenta-programacao-especial-no-mes-da-mulher\/","title":{"rendered":"Sesc apresenta programa\u00e7\u00e3o especial no M\u00eas da Mulher"},"content":{"rendered":"<p><img decoding=\"async\" class=\"aligncenter size-full wp-image-10061\" src=\"http:\/\/otimoneiro.com.br\/wp-content\/uploads\/2018\/02\/elis.jpeg\" alt=\"\" width=\"960\" height=\"639\" \/><\/p>\n<p>Para celebrar o Dia da Mulher (8 de mar\u00e7o), o Sesc Canoas preparou uma programa\u00e7\u00e3o especial, por meio do Arte Sesc \u2013 Cultura por toda a parte, para o m\u00eas de mar\u00e7o, com diversas atra\u00e7\u00f5es que envolvem a figura da mulher.<\/p>\n<p>O show que d\u00e1 in\u00edcio as apresenta\u00e7\u00f5es \u00e9 o Tributo Elis Regina, com Camila Lopez e O Arrast\u00e3o, que acontece no dia 8 de mar\u00e7o, no Teatro do Sesc (Av. Guilherme Schell, 5340), \u00e0s 20 horas.\u00a0 O espet\u00e1culo faz uma viagem no tempo na carreira de uma das maiores cantoras de todos os tempos da m\u00fasica popular brasileira. Os ingressos j\u00e1 est\u00e3o \u00e0 venda e podem ser adquiridos nos valores de R$ 15, para a categoria Com\u00e9rcio e Servi\u00e7os; R$ 18, para Empres\u00e1rios; R$ 20, para o p\u00fablico em geral; e R$ 10, para estudantes, classe art\u00edstica, idosos, professores e crian\u00e7as de 04 a 12 anos.<\/p>\n<p>A programa\u00e7\u00e3o continua com a pe\u00e7a \u201cMem\u00f3rias de uma solteirona\u201d (10\/03), \u201cYerma, ou quanto tempo leva para transbordar um balde?\u201d (16\/03) e o show \u201cEncontro de vozes das Divas Black\u201d (17\/03). As apresenta\u00e7\u00f5es ocorrem no Teatro do Sesc, \u00e0s 20 horas.<\/p>\n<p>Mais informa\u00e7\u00f5es sobre as atividades culturais especiais alusivas ao M\u00eas da Mulher, que ter\u00e1 seu primeiro evento no dia 8 de mar\u00e7o, podem ser obtidas pelo telefone (51) 3464-6909. Confira a programa\u00e7\u00e3o cultural completa do Sesc Canoas no site www.sesc-rs.com.br\/canoas e no www.facebook.com\/sesccanoas.<\/p>\n","protected":false},"excerpt":{"rendered":"<p>Para celebrar o Dia da Mulher (8 de mar\u00e7o), o Sesc Canoas preparou uma programa\u00e7\u00e3o especial, por meio do Arte Sesc \u2013 Cultura por toda a parte, para o m\u00eas de mar\u00e7o, com diversas atra\u00e7\u00f5es que envolvem a figura da mulher. O show que d\u00e1 in\u00edcio as apresenta\u00e7\u00f5es \u00e9 o Tributo Elis Regina, com Camila [&hellip;]<\/p>\n","protected":false},"author":1,"featured_media":10061,"comment_status":"closed","ping_status":"open","sticky":false,"template":"","format":"standard","meta":{"amp_status":"","footnotes":""},"categories":[19],"tags":[],"class_list":["post-10060","post","type-post","status-publish","format-standard","has-post-thumbnail","hentry","category-destaques"],"yoast_head":"<!-- This site is optimized with the Yoast SEO plugin v20.5 - https:\/\/yoast.com\/wordpress\/plugins\/seo\/ -->\n<title>Sesc apresenta programa\u00e7\u00e3o especial no M\u00eas da Mulher - O Timoneiro Jornal Canoas RS<\/title>\n<meta name=\"robots\" content=\"index, follow, max-snippet:-1, max-image-preview:large, max-video-preview:-1\" \/>\n<link rel=\"canonical\" href=\"https:\/\/jornaltimoneiro.com.br\/index.php\/2018\/02\/23\/sesc-apresenta-programacao-especial-no-mes-da-mulher\/\" \/>\n<meta property=\"og:locale\" content=\"pt_BR\" \/>\n<meta property=\"og:type\" content=\"article\" \/>\n<meta property=\"og:title\" content=\"Sesc apresenta programa\u00e7\u00e3o especial no M\u00eas da Mulher - O Timoneiro Jornal Canoas RS\" \/>\n<meta property=\"og:description\" content=\"Para celebrar o Dia da Mulher (8 de mar\u00e7o), o Sesc Canoas preparou uma programa\u00e7\u00e3o especial, por meio do Arte Sesc \u2013 Cultura por toda a parte, para o m\u00eas de mar\u00e7o, com diversas atra\u00e7\u00f5es que envolvem a figura da mulher. O show que d\u00e1 in\u00edcio as apresenta\u00e7\u00f5es \u00e9 o Tributo Elis Regina, com Camila [&hellip;]\" \/>\n<meta property=\"og:url\" content=\"https:\/\/jornaltimoneiro.com.br\/index.php\/2018\/02\/23\/sesc-apresenta-programacao-especial-no-mes-da-mulher\/\" \/>\n<meta property=\"og:site_name\" content=\"O Timoneiro Jornal Canoas RS\" \/>\n<meta property=\"article:publisher\" content=\"https:\/\/www.facebook.com\/jornaltimoneiro\" \/>\n<meta property=\"article:published_time\" content=\"2018-02-23T12:37:00+00:00\" \/>\n<meta name=\"author\" content=\"Reda\u00e7\u00e3o\" \/>\n<meta name=\"twitter:card\" content=\"summary_large_image\" \/>\n<meta name=\"twitter:creator\" content=\"@_OTimoneiro\" \/>\n<meta name=\"twitter:site\" content=\"@_OTimoneiro\" \/>\n<meta name=\"twitter:label1\" content=\"Escrito por\" \/>\n\t<meta name=\"twitter:data1\" content=\"Reda\u00e7\u00e3o\" \/>\n\t<meta name=\"twitter:label2\" content=\"Est. tempo de leitura\" \/>\n\t<meta name=\"twitter:data2\" content=\"1 minuto\" \/>\n<script type=\"application\/ld+json\" class=\"yoast-schema-graph\">{\"@context\":\"https:\/\/schema.org\",\"@graph\":[{\"@type\":\"Article\",\"@id\":\"https:\/\/jornaltimoneiro.com.br\/index.php\/2018\/02\/23\/sesc-apresenta-programacao-especial-no-mes-da-mulher\/#article\",\"isPartOf\":{\"@id\":\"https:\/\/jornaltimoneiro.com.br\/index.php\/2018\/02\/23\/sesc-apresenta-programacao-especial-no-mes-da-mulher\/\"},\"author\":{\"name\":\"Reda\u00e7\u00e3o\",\"@id\":\"https:\/\/jornaltimoneiro.com.br\/#\/schema\/person\/620efd1d8244466117482be494360b08\"},\"headline\":\"Sesc apresenta programa\u00e7\u00e3o especial no M\u00eas da Mulher\",\"datePublished\":\"2018-02-23T12:37:00+00:00\",\"dateModified\":\"2018-02-23T12:37:00+00:00\",\"mainEntityOfPage\":{\"@id\":\"https:\/\/jornaltimoneiro.com.br\/index.php\/2018\/02\/23\/sesc-apresenta-programacao-especial-no-mes-da-mulher\/\"},\"wordCount\":255,\"publisher\":{\"@id\":\"https:\/\/jornaltimoneiro.com.br\/#organization\"},\"articleSection\":[\"Destaques\"],\"inLanguage\":\"pt-BR\"},{\"@type\":\"WebPage\",\"@id\":\"https:\/\/jornaltimoneiro.com.br\/index.php\/2018\/02\/23\/sesc-apresenta-programacao-especial-no-mes-da-mulher\/\",\"url\":\"https:\/\/jornaltimoneiro.com.br\/index.php\/2018\/02\/23\/sesc-apresenta-programacao-especial-no-mes-da-mulher\/\",\"name\":\"Sesc apresenta programa\u00e7\u00e3o especial no M\u00eas da Mulher - O Timoneiro Jornal Canoas RS\",\"isPartOf\":{\"@id\":\"https:\/\/jornaltimoneiro.com.br\/#website\"},\"datePublished\":\"2018-02-23T12:37:00+00:00\",\"dateModified\":\"2018-02-23T12:37:00+00:00\",\"breadcrumb\":{\"@id\":\"https:\/\/jornaltimoneiro.com.br\/index.php\/2018\/02\/23\/sesc-apresenta-programacao-especial-no-mes-da-mulher\/#breadcrumb\"},\"inLanguage\":\"pt-BR\",\"potentialAction\":[{\"@type\":\"ReadAction\",\"target\":[\"https:\/\/jornaltimoneiro.com.br\/index.php\/2018\/02\/23\/sesc-apresenta-programacao-especial-no-mes-da-mulher\/\"]}]},{\"@type\":\"BreadcrumbList\",\"@id\":\"https:\/\/jornaltimoneiro.com.br\/index.php\/2018\/02\/23\/sesc-apresenta-programacao-especial-no-mes-da-mulher\/#breadcrumb\",\"itemListElement\":[{\"@type\":\"ListItem\",\"position\":1,\"name\":\"In\u00edcio\",\"item\":\"https:\/\/jornaltimoneiro.com.br\/\"},{\"@type\":\"ListItem\",\"position\":2,\"name\":\"Sesc apresenta programa\u00e7\u00e3o especial no M\u00eas da Mulher\"}]},{\"@type\":\"WebSite\",\"@id\":\"https:\/\/jornaltimoneiro.com.br\/#website\",\"url\":\"https:\/\/jornaltimoneiro.com.br\/\",\"name\":\"Jornal Timoneiro Canoas RS\",\"description\":\"Jornal O Timoneiro, o verdadeiro jornal de Canoas\",\"publisher\":{\"@id\":\"https:\/\/jornaltimoneiro.com.br\/#organization\"},\"potentialAction\":[{\"@type\":\"SearchAction\",\"target\":{\"@type\":\"EntryPoint\",\"urlTemplate\":\"https:\/\/jornaltimoneiro.com.br\/?s={search_term_string}\"},\"query-input\":\"required name=search_term_string\"}],\"inLanguage\":\"pt-BR\"},{\"@type\":\"Organization\",\"@id\":\"https:\/\/jornaltimoneiro.com.br\/#organization\",\"name\":\"Jornal Timoneiro Canoas RS\",\"url\":\"https:\/\/jornaltimoneiro.com.br\/\",\"logo\":{\"@type\":\"ImageObject\",\"inLanguage\":\"pt-BR\",\"@id\":\"https:\/\/jornaltimoneiro.com.br\/#\/schema\/logo\/image\/\",\"url\":\"https:\/\/jornaltimoneiro.com.br\/wp-content\/uploads\/2023\/03\/logonovo.png\",\"contentUrl\":\"https:\/\/jornaltimoneiro.com.br\/wp-content\/uploads\/2023\/03\/logonovo.png\",\"width\":\"469\",\"height\":\"171\",\"caption\":\"Jornal Timoneiro Canoas RS\"},\"image\":{\"@id\":\"https:\/\/jornaltimoneiro.com.br\/#\/schema\/logo\/image\/\"},\"sameAs\":[\"https:\/\/www.facebook.com\/jornaltimoneiro\",\"https:\/\/twitter.com\/_OTimoneiro\",\"https:\/\/www.instagram.com\/jornaltimoneirocanoas\/\",\"https:\/\/www.youtube.com\/@jornalotimoneiro7927\"]},{\"@type\":\"Person\",\"@id\":\"https:\/\/jornaltimoneiro.com.br\/#\/schema\/person\/620efd1d8244466117482be494360b08\",\"name\":\"Reda\u00e7\u00e3o\",\"image\":{\"@type\":\"ImageObject\",\"inLanguage\":\"pt-BR\",\"@id\":\"https:\/\/jornaltimoneiro.com.br\/#\/schema\/person\/image\/\",\"url\":\"https:\/\/secure.gravatar.com\/avatar\/2f04e1b304682a8d9db336c7acd77f08?s=96&d=mm&r=g\",\"contentUrl\":\"https:\/\/secure.gravatar.com\/avatar\/2f04e1b304682a8d9db336c7acd77f08?s=96&d=mm&r=g\",\"caption\":\"Reda\u00e7\u00e3o\"},\"url\":\"https:\/\/jornaltimoneiro.com.br\/index.php\/author\/timoneirocanoas\/\"}]}<\/script>\n<!-- \/ Yoast SEO plugin. -->","yoast_head_json":{"title":"Sesc apresenta programa\u00e7\u00e3o especial no M\u00eas da Mulher - O Timoneiro Jornal Canoas RS","robots":{"index":"index","follow":"follow","max-snippet":"max-snippet:-1","max-image-preview":"max-image-preview:large","max-video-preview":"max-video-preview:-1"},"canonical":"https:\/\/jornaltimoneiro.com.br\/index.php\/2018\/02\/23\/sesc-apresenta-programacao-especial-no-mes-da-mulher\/","og_locale":"pt_BR","og_type":"article","og_title":"Sesc apresenta programa\u00e7\u00e3o especial no M\u00eas da Mulher - O Timoneiro Jornal Canoas RS","og_description":"Para celebrar o Dia da Mulher (8 de mar\u00e7o), o Sesc Canoas preparou uma programa\u00e7\u00e3o especial, por meio do Arte Sesc \u2013 Cultura por toda a parte, para o m\u00eas de mar\u00e7o, com diversas atra\u00e7\u00f5es que envolvem a figura da mulher. O show que d\u00e1 in\u00edcio as apresenta\u00e7\u00f5es \u00e9 o Tributo Elis Regina, com Camila [&hellip;]","og_url":"https:\/\/jornaltimoneiro.com.br\/index.php\/2018\/02\/23\/sesc-apresenta-programacao-especial-no-mes-da-mulher\/","og_site_name":"O Timoneiro Jornal Canoas RS","article_publisher":"https:\/\/www.facebook.com\/jornaltimoneiro","article_published_time":"2018-02-23T12:37:00+00:00","author":"Reda\u00e7\u00e3o","twitter_card":"summary_large_image","twitter_creator":"@_OTimoneiro","twitter_site":"@_OTimoneiro","twitter_misc":{"Escrito por":"Reda\u00e7\u00e3o","Est. tempo de leitura":"1 minuto"},"schema":{"@context":"https:\/\/schema.org","@graph":[{"@type":"Article","@id":"https:\/\/jornaltimoneiro.com.br\/index.php\/2018\/02\/23\/sesc-apresenta-programacao-especial-no-mes-da-mulher\/#article","isPartOf":{"@id":"https:\/\/jornaltimoneiro.com.br\/index.php\/2018\/02\/23\/sesc-apresenta-programacao-especial-no-mes-da-mulher\/"},"author":{"name":"Reda\u00e7\u00e3o","@id":"https:\/\/jornaltimoneiro.com.br\/#\/schema\/person\/620efd1d8244466117482be494360b08"},"headline":"Sesc apresenta programa\u00e7\u00e3o especial no M\u00eas da Mulher","datePublished":"2018-02-23T12:37:00+00:00","dateModified":"2018-02-23T12:37:00+00:00","mainEntityOfPage":{"@id":"https:\/\/jornaltimoneiro.com.br\/index.php\/2018\/02\/23\/sesc-apresenta-programacao-especial-no-mes-da-mulher\/"},"wordCount":255,"publisher":{"@id":"https:\/\/jornaltimoneiro.com.br\/#organization"},"articleSection":["Destaques"],"inLanguage":"pt-BR"},{"@type":"WebPage","@id":"https:\/\/jornaltimoneiro.com.br\/index.php\/2018\/02\/23\/sesc-apresenta-programacao-especial-no-mes-da-mulher\/","url":"https:\/\/jornaltimoneiro.com.br\/index.php\/2018\/02\/23\/sesc-apresenta-programacao-especial-no-mes-da-mulher\/","name":"Sesc apresenta programa\u00e7\u00e3o especial no M\u00eas da Mulher - O Timoneiro Jornal Canoas RS","isPartOf":{"@id":"https:\/\/jornaltimoneiro.com.br\/#website"},"datePublished":"2018-02-23T12:37:00+00:00","dateModified":"2018-02-23T12:37:00+00:00","breadcrumb":{"@id":"https:\/\/jornaltimoneiro.com.br\/index.php\/2018\/02\/23\/sesc-apresenta-programacao-especial-no-mes-da-mulher\/#breadcrumb"},"inLanguage":"pt-BR","potentialAction":[{"@type":"ReadAction","target":["https:\/\/jornaltimoneiro.com.br\/index.php\/2018\/02\/23\/sesc-apresenta-programacao-especial-no-mes-da-mulher\/"]}]},{"@type":"BreadcrumbList","@id":"https:\/\/jornaltimoneiro.com.br\/index.php\/2018\/02\/23\/sesc-apresenta-programacao-especial-no-mes-da-mulher\/#breadcrumb","itemListElement":[{"@type":"ListItem","position":1,"name":"In\u00edcio","item":"https:\/\/jornaltimoneiro.com.br\/"},{"@type":"ListItem","position":2,"name":"Sesc apresenta programa\u00e7\u00e3o especial no M\u00eas da Mulher"}]},{"@type":"WebSite","@id":"https:\/\/jornaltimoneiro.com.br\/#website","url":"https:\/\/jornaltimoneiro.com.br\/","name":"Jornal Timoneiro Canoas RS","description":"Jornal O Timoneiro, o verdadeiro jornal de Canoas","publisher":{"@id":"https:\/\/jornaltimoneiro.com.br\/#organization"},"potentialAction":[{"@type":"SearchAction","target":{"@type":"EntryPoint","urlTemplate":"https:\/\/jornaltimoneiro.com.br\/?s={search_term_string}"},"query-input":"required name=search_term_string"}],"inLanguage":"pt-BR"},{"@type":"Organization","@id":"https:\/\/jornaltimoneiro.com.br\/#organization","name":"Jornal Timoneiro Canoas RS","url":"https:\/\/jornaltimoneiro.com.br\/","logo":{"@type":"ImageObject","inLanguage":"pt-BR","@id":"https:\/\/jornaltimoneiro.com.br\/#\/schema\/logo\/image\/","url":"https:\/\/jornaltimoneiro.com.br\/wp-content\/uploads\/2023\/03\/logonovo.png","contentUrl":"https:\/\/jornaltimoneiro.com.br\/wp-content\/uploads\/2023\/03\/logonovo.png","width":"469","height":"171","caption":"Jornal Timoneiro Canoas RS"},"image":{"@id":"https:\/\/jornaltimoneiro.com.br\/#\/schema\/logo\/image\/"},"sameAs":["https:\/\/www.facebook.com\/jornaltimoneiro","https:\/\/twitter.com\/_OTimoneiro","https:\/\/www.instagram.com\/jornaltimoneirocanoas\/","https:\/\/www.youtube.com\/@jornalotimoneiro7927"]},{"@type":"Person","@id":"https:\/\/jornaltimoneiro.com.br\/#\/schema\/person\/620efd1d8244466117482be494360b08","name":"Reda\u00e7\u00e3o","image":{"@type":"ImageObject","inLanguage":"pt-BR","@id":"https:\/\/jornaltimoneiro.com.br\/#\/schema\/person\/image\/","url":"https:\/\/secure.gravatar.com\/avatar\/2f04e1b304682a8d9db336c7acd77f08?s=96&d=mm&r=g","contentUrl":"https:\/\/secure.gravatar.com\/avatar\/2f04e1b304682a8d9db336c7acd77f08?s=96&d=mm&r=g","caption":"Reda\u00e7\u00e3o"},"url":"https:\/\/jornaltimoneiro.com.br\/index.php\/author\/timoneirocanoas\/"}]}},"_links":{"self":[{"href":"https:\/\/jornaltimoneiro.com.br\/index.php\/wp-json\/wp\/v2\/posts\/10060"}],"collection":[{"href":"https:\/\/jornaltimoneiro.com.br\/index.php\/wp-json\/wp\/v2\/posts"}],"about":[{"href":"https:\/\/jornaltimoneiro.com.br\/index.php\/wp-json\/wp\/v2\/types\/post"}],"author":[{"embeddable":true,"href":"https:\/\/jornaltimoneiro.com.br\/index.php\/wp-json\/wp\/v2\/users\/1"}],"replies":[{"embeddable":true,"href":"https:\/\/jornaltimoneiro.com.br\/index.php\/wp-json\/wp\/v2\/comments?post=10060"}],"version-history":[{"count":0,"href":"https:\/\/jornaltimoneiro.com.br\/index.php\/wp-json\/wp\/v2\/posts\/10060\/revisions"}],"wp:featuredmedia":[{"embeddable":true,"href":"https:\/\/jornaltimoneiro.com.br\/index.php\/wp-json\/"}],"wp:attachment":[{"href":"https:\/\/jornaltimoneiro.com.br\/index.php\/wp-json\/wp\/v2\/media?parent=10060"}],"wp:term":[{"taxonomy":"category","embeddable":true,"href":"https:\/\/jornaltimoneiro.com.br\/index.php\/wp-json\/wp\/v2\/categories?post=10060"},{"taxonomy":"post_tag","embeddable":true,"href":"https:\/\/jornaltimoneiro.com.br\/index.php\/wp-json\/wp\/v2\/tags?post=10060"}],"curies":[{"name":"wp","href":"https:\/\/api.w.org\/{rel}","templated":true}]}}