{"id":10042,"date":"2018-02-19T15:48:57","date_gmt":"2018-02-19T18:48:57","guid":{"rendered":"http:\/\/otimoneiro.com.br\/?p=10042"},"modified":"2018-02-19T15:48:57","modified_gmt":"2018-02-19T18:48:57","slug":"canoas-recebe-atendimentos-gratuitos-de-saude-bucal","status":"publish","type":"post","link":"https:\/\/jornaltimoneiro.com.br\/index.php\/2018\/02\/19\/canoas-recebe-atendimentos-gratuitos-de-saude-bucal\/","title":{"rendered":"Canoas recebe atendimentos gratuitos de sa\u00fade bucal"},"content":{"rendered":"<p><img decoding=\"async\" class=\"aligncenter size-full wp-image-10043\" src=\"http:\/\/otimoneiro.com.br\/wp-content\/uploads\/2018\/02\/Importancia-da-saude-bucal-para-as-empresas.png\" alt=\"\" width=\"900\" height=\"490\" \/>Iniciam nesta quarta-feira, 21 de fevereiro, atendimentos gratuitos realizados pela Unidade M\u00f3vel\u00a0Odonto Sesc, em\u00a0Canoas. A carreta ficar\u00e1 estacionada na Pra\u00e7a do Avi\u00e3o (<a href=\"https:\/\/maps.google.com\/?q=Rua+Teixeira+Freitas,01&amp;entry=gmail&amp;source=g\">Rua Teixeira Freitas,01<\/a>), at\u00e9 19 de abril.\u00a0A comunidade em geral pode retirar as senhas para atendimento gratuito junto \u00e0 Secretaria Municipal de Sa\u00fade.\u00a0As consultas ser\u00e3o realizadas de segunda a sexta-feira, das 8h \u00e0s 17 horas.<\/p>\n<p>O lan\u00e7amento do projeto na cidade acontece tamb\u00e9m no dia 21, \u00e0s 11 horas, com a presen\u00e7a de autoridades do Sistema Fecom\u00e9rcio-RS\/Sesc e do Poder P\u00fablico Municipal, parceiro na realiza\u00e7\u00e3o. Mais informa\u00e7\u00f5es podem ser obtidas pelo telefone (51) 3464-6909, no site\u00a0<a href=\"https:\/\/usinadenoticias.us12.list-manage.com\/track\/click?u=a04a4a065f0f37ea526eb52e8&amp;id=16f2d0881b&amp;e=c826ea6d75\">www.sesc-rs.com.br\/canoas<\/a>\u00a0e na p\u00e1gina\u00a0<a href=\"https:\/\/usinadenoticias.us12.list-manage.com\/track\/click?u=a04a4a065f0f37ea526eb52e8&amp;id=0bedbcb95a&amp;e=c826ea6d75\">www.facebook.com\/sesccanoas<\/a>.<\/p>\n","protected":false},"excerpt":{"rendered":"<p>Iniciam nesta quarta-feira, 21 de fevereiro, atendimentos gratuitos realizados pela Unidade M\u00f3vel\u00a0Odonto Sesc, em\u00a0Canoas. A carreta ficar\u00e1 estacionada na Pra\u00e7a do Avi\u00e3o (Rua Teixeira Freitas,01), at\u00e9 19 de abril.\u00a0A comunidade em geral pode retirar as senhas para atendimento gratuito junto \u00e0 Secretaria Municipal de Sa\u00fade.\u00a0As consultas ser\u00e3o realizadas de segunda a sexta-feira, das 8h \u00e0s [&hellip;]<\/p>\n","protected":false},"author":1,"featured_media":10043,"comment_status":"closed","ping_status":"open","sticky":false,"template":"","format":"standard","meta":{"amp_status":"","footnotes":""},"categories":[19],"tags":[],"class_list":["post-10042","post","type-post","status-publish","format-standard","has-post-thumbnail","hentry","category-destaques"],"yoast_head":"<!-- This site is optimized with the Yoast SEO plugin v20.5 - https:\/\/yoast.com\/wordpress\/plugins\/seo\/ -->\n<title>Canoas recebe atendimentos gratuitos de sa\u00fade bucal - O Timoneiro Jornal Canoas RS<\/title>\n<meta name=\"robots\" content=\"index, follow, max-snippet:-1, max-image-preview:large, max-video-preview:-1\" \/>\n<link rel=\"canonical\" href=\"https:\/\/jornaltimoneiro.com.br\/index.php\/2018\/02\/19\/canoas-recebe-atendimentos-gratuitos-de-saude-bucal\/\" \/>\n<meta property=\"og:locale\" content=\"pt_BR\" \/>\n<meta property=\"og:type\" content=\"article\" \/>\n<meta property=\"og:title\" content=\"Canoas recebe atendimentos gratuitos de sa\u00fade bucal - O Timoneiro Jornal Canoas RS\" \/>\n<meta property=\"og:description\" content=\"Iniciam nesta quarta-feira, 21 de fevereiro, atendimentos gratuitos realizados pela Unidade M\u00f3vel\u00a0Odonto Sesc, em\u00a0Canoas. A carreta ficar\u00e1 estacionada na Pra\u00e7a do Avi\u00e3o (Rua Teixeira Freitas,01), at\u00e9 19 de abril.\u00a0A comunidade em geral pode retirar as senhas para atendimento gratuito junto \u00e0 Secretaria Municipal de Sa\u00fade.\u00a0As consultas ser\u00e3o realizadas de segunda a sexta-feira, das 8h \u00e0s [&hellip;]\" \/>\n<meta property=\"og:url\" content=\"https:\/\/jornaltimoneiro.com.br\/index.php\/2018\/02\/19\/canoas-recebe-atendimentos-gratuitos-de-saude-bucal\/\" \/>\n<meta property=\"og:site_name\" content=\"O Timoneiro Jornal Canoas RS\" \/>\n<meta property=\"article:publisher\" content=\"https:\/\/www.facebook.com\/jornaltimoneiro\" \/>\n<meta property=\"article:published_time\" content=\"2018-02-19T18:48:57+00:00\" \/>\n<meta name=\"author\" content=\"Reda\u00e7\u00e3o\" \/>\n<meta name=\"twitter:card\" content=\"summary_large_image\" \/>\n<meta name=\"twitter:creator\" content=\"@_OTimoneiro\" \/>\n<meta name=\"twitter:site\" content=\"@_OTimoneiro\" \/>\n<meta name=\"twitter:label1\" content=\"Escrito por\" \/>\n\t<meta name=\"twitter:data1\" content=\"Reda\u00e7\u00e3o\" \/>\n\t<meta name=\"twitter:label2\" content=\"Est. tempo de leitura\" \/>\n\t<meta name=\"twitter:data2\" content=\"1 minuto\" \/>\n<script type=\"application\/ld+json\" class=\"yoast-schema-graph\">{\"@context\":\"https:\/\/schema.org\",\"@graph\":[{\"@type\":\"Article\",\"@id\":\"https:\/\/jornaltimoneiro.com.br\/index.php\/2018\/02\/19\/canoas-recebe-atendimentos-gratuitos-de-saude-bucal\/#article\",\"isPartOf\":{\"@id\":\"https:\/\/jornaltimoneiro.com.br\/index.php\/2018\/02\/19\/canoas-recebe-atendimentos-gratuitos-de-saude-bucal\/\"},\"author\":{\"name\":\"Reda\u00e7\u00e3o\",\"@id\":\"https:\/\/jornaltimoneiro.com.br\/#\/schema\/person\/620efd1d8244466117482be494360b08\"},\"headline\":\"Canoas recebe atendimentos gratuitos de sa\u00fade bucal\",\"datePublished\":\"2018-02-19T18:48:57+00:00\",\"dateModified\":\"2018-02-19T18:48:57+00:00\",\"mainEntityOfPage\":{\"@id\":\"https:\/\/jornaltimoneiro.com.br\/index.php\/2018\/02\/19\/canoas-recebe-atendimentos-gratuitos-de-saude-bucal\/\"},\"wordCount\":129,\"publisher\":{\"@id\":\"https:\/\/jornaltimoneiro.com.br\/#organization\"},\"articleSection\":[\"Destaques\"],\"inLanguage\":\"pt-BR\"},{\"@type\":\"WebPage\",\"@id\":\"https:\/\/jornaltimoneiro.com.br\/index.php\/2018\/02\/19\/canoas-recebe-atendimentos-gratuitos-de-saude-bucal\/\",\"url\":\"https:\/\/jornaltimoneiro.com.br\/index.php\/2018\/02\/19\/canoas-recebe-atendimentos-gratuitos-de-saude-bucal\/\",\"name\":\"Canoas recebe atendimentos gratuitos de sa\u00fade bucal - O Timoneiro Jornal Canoas RS\",\"isPartOf\":{\"@id\":\"https:\/\/jornaltimoneiro.com.br\/#website\"},\"datePublished\":\"2018-02-19T18:48:57+00:00\",\"dateModified\":\"2018-02-19T18:48:57+00:00\",\"breadcrumb\":{\"@id\":\"https:\/\/jornaltimoneiro.com.br\/index.php\/2018\/02\/19\/canoas-recebe-atendimentos-gratuitos-de-saude-bucal\/#breadcrumb\"},\"inLanguage\":\"pt-BR\",\"potentialAction\":[{\"@type\":\"ReadAction\",\"target\":[\"https:\/\/jornaltimoneiro.com.br\/index.php\/2018\/02\/19\/canoas-recebe-atendimentos-gratuitos-de-saude-bucal\/\"]}]},{\"@type\":\"BreadcrumbList\",\"@id\":\"https:\/\/jornaltimoneiro.com.br\/index.php\/2018\/02\/19\/canoas-recebe-atendimentos-gratuitos-de-saude-bucal\/#breadcrumb\",\"itemListElement\":[{\"@type\":\"ListItem\",\"position\":1,\"name\":\"In\u00edcio\",\"item\":\"https:\/\/jornaltimoneiro.com.br\/\"},{\"@type\":\"ListItem\",\"position\":2,\"name\":\"Canoas recebe atendimentos gratuitos de sa\u00fade bucal\"}]},{\"@type\":\"WebSite\",\"@id\":\"https:\/\/jornaltimoneiro.com.br\/#website\",\"url\":\"https:\/\/jornaltimoneiro.com.br\/\",\"name\":\"Jornal Timoneiro Canoas RS\",\"description\":\"Jornal O Timoneiro, o verdadeiro jornal de Canoas\",\"publisher\":{\"@id\":\"https:\/\/jornaltimoneiro.com.br\/#organization\"},\"potentialAction\":[{\"@type\":\"SearchAction\",\"target\":{\"@type\":\"EntryPoint\",\"urlTemplate\":\"https:\/\/jornaltimoneiro.com.br\/?s={search_term_string}\"},\"query-input\":\"required name=search_term_string\"}],\"inLanguage\":\"pt-BR\"},{\"@type\":\"Organization\",\"@id\":\"https:\/\/jornaltimoneiro.com.br\/#organization\",\"name\":\"Jornal Timoneiro Canoas RS\",\"url\":\"https:\/\/jornaltimoneiro.com.br\/\",\"logo\":{\"@type\":\"ImageObject\",\"inLanguage\":\"pt-BR\",\"@id\":\"https:\/\/jornaltimoneiro.com.br\/#\/schema\/logo\/image\/\",\"url\":\"https:\/\/jornaltimoneiro.com.br\/wp-content\/uploads\/2023\/03\/logonovo.png\",\"contentUrl\":\"https:\/\/jornaltimoneiro.com.br\/wp-content\/uploads\/2023\/03\/logonovo.png\",\"width\":\"469\",\"height\":\"171\",\"caption\":\"Jornal Timoneiro Canoas RS\"},\"image\":{\"@id\":\"https:\/\/jornaltimoneiro.com.br\/#\/schema\/logo\/image\/\"},\"sameAs\":[\"https:\/\/www.facebook.com\/jornaltimoneiro\",\"https:\/\/twitter.com\/_OTimoneiro\",\"https:\/\/www.instagram.com\/jornaltimoneirocanoas\/\",\"https:\/\/www.youtube.com\/@jornalotimoneiro7927\"]},{\"@type\":\"Person\",\"@id\":\"https:\/\/jornaltimoneiro.com.br\/#\/schema\/person\/620efd1d8244466117482be494360b08\",\"name\":\"Reda\u00e7\u00e3o\",\"image\":{\"@type\":\"ImageObject\",\"inLanguage\":\"pt-BR\",\"@id\":\"https:\/\/jornaltimoneiro.com.br\/#\/schema\/person\/image\/\",\"url\":\"https:\/\/secure.gravatar.com\/avatar\/2f04e1b304682a8d9db336c7acd77f08?s=96&d=mm&r=g\",\"contentUrl\":\"https:\/\/secure.gravatar.com\/avatar\/2f04e1b304682a8d9db336c7acd77f08?s=96&d=mm&r=g\",\"caption\":\"Reda\u00e7\u00e3o\"},\"url\":\"https:\/\/jornaltimoneiro.com.br\/index.php\/author\/timoneirocanoas\/\"}]}<\/script>\n<!-- \/ Yoast SEO plugin. -->","yoast_head_json":{"title":"Canoas recebe atendimentos gratuitos de sa\u00fade bucal - O Timoneiro Jornal Canoas RS","robots":{"index":"index","follow":"follow","max-snippet":"max-snippet:-1","max-image-preview":"max-image-preview:large","max-video-preview":"max-video-preview:-1"},"canonical":"https:\/\/jornaltimoneiro.com.br\/index.php\/2018\/02\/19\/canoas-recebe-atendimentos-gratuitos-de-saude-bucal\/","og_locale":"pt_BR","og_type":"article","og_title":"Canoas recebe atendimentos gratuitos de sa\u00fade bucal - O Timoneiro Jornal Canoas RS","og_description":"Iniciam nesta quarta-feira, 21 de fevereiro, atendimentos gratuitos realizados pela Unidade M\u00f3vel\u00a0Odonto Sesc, em\u00a0Canoas. A carreta ficar\u00e1 estacionada na Pra\u00e7a do Avi\u00e3o (Rua Teixeira Freitas,01), at\u00e9 19 de abril.\u00a0A comunidade em geral pode retirar as senhas para atendimento gratuito junto \u00e0 Secretaria Municipal de Sa\u00fade.\u00a0As consultas ser\u00e3o realizadas de segunda a sexta-feira, das 8h \u00e0s [&hellip;]","og_url":"https:\/\/jornaltimoneiro.com.br\/index.php\/2018\/02\/19\/canoas-recebe-atendimentos-gratuitos-de-saude-bucal\/","og_site_name":"O Timoneiro Jornal Canoas RS","article_publisher":"https:\/\/www.facebook.com\/jornaltimoneiro","article_published_time":"2018-02-19T18:48:57+00:00","author":"Reda\u00e7\u00e3o","twitter_card":"summary_large_image","twitter_creator":"@_OTimoneiro","twitter_site":"@_OTimoneiro","twitter_misc":{"Escrito por":"Reda\u00e7\u00e3o","Est. tempo de leitura":"1 minuto"},"schema":{"@context":"https:\/\/schema.org","@graph":[{"@type":"Article","@id":"https:\/\/jornaltimoneiro.com.br\/index.php\/2018\/02\/19\/canoas-recebe-atendimentos-gratuitos-de-saude-bucal\/#article","isPartOf":{"@id":"https:\/\/jornaltimoneiro.com.br\/index.php\/2018\/02\/19\/canoas-recebe-atendimentos-gratuitos-de-saude-bucal\/"},"author":{"name":"Reda\u00e7\u00e3o","@id":"https:\/\/jornaltimoneiro.com.br\/#\/schema\/person\/620efd1d8244466117482be494360b08"},"headline":"Canoas recebe atendimentos gratuitos de sa\u00fade bucal","datePublished":"2018-02-19T18:48:57+00:00","dateModified":"2018-02-19T18:48:57+00:00","mainEntityOfPage":{"@id":"https:\/\/jornaltimoneiro.com.br\/index.php\/2018\/02\/19\/canoas-recebe-atendimentos-gratuitos-de-saude-bucal\/"},"wordCount":129,"publisher":{"@id":"https:\/\/jornaltimoneiro.com.br\/#organization"},"articleSection":["Destaques"],"inLanguage":"pt-BR"},{"@type":"WebPage","@id":"https:\/\/jornaltimoneiro.com.br\/index.php\/2018\/02\/19\/canoas-recebe-atendimentos-gratuitos-de-saude-bucal\/","url":"https:\/\/jornaltimoneiro.com.br\/index.php\/2018\/02\/19\/canoas-recebe-atendimentos-gratuitos-de-saude-bucal\/","name":"Canoas recebe atendimentos gratuitos de sa\u00fade bucal - O Timoneiro Jornal Canoas RS","isPartOf":{"@id":"https:\/\/jornaltimoneiro.com.br\/#website"},"datePublished":"2018-02-19T18:48:57+00:00","dateModified":"2018-02-19T18:48:57+00:00","breadcrumb":{"@id":"https:\/\/jornaltimoneiro.com.br\/index.php\/2018\/02\/19\/canoas-recebe-atendimentos-gratuitos-de-saude-bucal\/#breadcrumb"},"inLanguage":"pt-BR","potentialAction":[{"@type":"ReadAction","target":["https:\/\/jornaltimoneiro.com.br\/index.php\/2018\/02\/19\/canoas-recebe-atendimentos-gratuitos-de-saude-bucal\/"]}]},{"@type":"BreadcrumbList","@id":"https:\/\/jornaltimoneiro.com.br\/index.php\/2018\/02\/19\/canoas-recebe-atendimentos-gratuitos-de-saude-bucal\/#breadcrumb","itemListElement":[{"@type":"ListItem","position":1,"name":"In\u00edcio","item":"https:\/\/jornaltimoneiro.com.br\/"},{"@type":"ListItem","position":2,"name":"Canoas recebe atendimentos gratuitos de sa\u00fade bucal"}]},{"@type":"WebSite","@id":"https:\/\/jornaltimoneiro.com.br\/#website","url":"https:\/\/jornaltimoneiro.com.br\/","name":"Jornal Timoneiro Canoas RS","description":"Jornal O Timoneiro, o verdadeiro jornal de Canoas","publisher":{"@id":"https:\/\/jornaltimoneiro.com.br\/#organization"},"potentialAction":[{"@type":"SearchAction","target":{"@type":"EntryPoint","urlTemplate":"https:\/\/jornaltimoneiro.com.br\/?s={search_term_string}"},"query-input":"required name=search_term_string"}],"inLanguage":"pt-BR"},{"@type":"Organization","@id":"https:\/\/jornaltimoneiro.com.br\/#organization","name":"Jornal Timoneiro Canoas RS","url":"https:\/\/jornaltimoneiro.com.br\/","logo":{"@type":"ImageObject","inLanguage":"pt-BR","@id":"https:\/\/jornaltimoneiro.com.br\/#\/schema\/logo\/image\/","url":"https:\/\/jornaltimoneiro.com.br\/wp-content\/uploads\/2023\/03\/logonovo.png","contentUrl":"https:\/\/jornaltimoneiro.com.br\/wp-content\/uploads\/2023\/03\/logonovo.png","width":"469","height":"171","caption":"Jornal Timoneiro Canoas RS"},"image":{"@id":"https:\/\/jornaltimoneiro.com.br\/#\/schema\/logo\/image\/"},"sameAs":["https:\/\/www.facebook.com\/jornaltimoneiro","https:\/\/twitter.com\/_OTimoneiro","https:\/\/www.instagram.com\/jornaltimoneirocanoas\/","https:\/\/www.youtube.com\/@jornalotimoneiro7927"]},{"@type":"Person","@id":"https:\/\/jornaltimoneiro.com.br\/#\/schema\/person\/620efd1d8244466117482be494360b08","name":"Reda\u00e7\u00e3o","image":{"@type":"ImageObject","inLanguage":"pt-BR","@id":"https:\/\/jornaltimoneiro.com.br\/#\/schema\/person\/image\/","url":"https:\/\/secure.gravatar.com\/avatar\/2f04e1b304682a8d9db336c7acd77f08?s=96&d=mm&r=g","contentUrl":"https:\/\/secure.gravatar.com\/avatar\/2f04e1b304682a8d9db336c7acd77f08?s=96&d=mm&r=g","caption":"Reda\u00e7\u00e3o"},"url":"https:\/\/jornaltimoneiro.com.br\/index.php\/author\/timoneirocanoas\/"}]}},"_links":{"self":[{"href":"https:\/\/jornaltimoneiro.com.br\/index.php\/wp-json\/wp\/v2\/posts\/10042"}],"collection":[{"href":"https:\/\/jornaltimoneiro.com.br\/index.php\/wp-json\/wp\/v2\/posts"}],"about":[{"href":"https:\/\/jornaltimoneiro.com.br\/index.php\/wp-json\/wp\/v2\/types\/post"}],"author":[{"embeddable":true,"href":"https:\/\/jornaltimoneiro.com.br\/index.php\/wp-json\/wp\/v2\/users\/1"}],"replies":[{"embeddable":true,"href":"https:\/\/jornaltimoneiro.com.br\/index.php\/wp-json\/wp\/v2\/comments?post=10042"}],"version-history":[{"count":0,"href":"https:\/\/jornaltimoneiro.com.br\/index.php\/wp-json\/wp\/v2\/posts\/10042\/revisions"}],"wp:featuredmedia":[{"embeddable":true,"href":"https:\/\/jornaltimoneiro.com.br\/index.php\/wp-json\/"}],"wp:attachment":[{"href":"https:\/\/jornaltimoneiro.com.br\/index.php\/wp-json\/wp\/v2\/media?parent=10042"}],"wp:term":[{"taxonomy":"category","embeddable":true,"href":"https:\/\/jornaltimoneiro.com.br\/index.php\/wp-json\/wp\/v2\/categories?post=10042"},{"taxonomy":"post_tag","embeddable":true,"href":"https:\/\/jornaltimoneiro.com.br\/index.php\/wp-json\/wp\/v2\/tags?post=10042"}],"curies":[{"name":"wp","href":"https:\/\/api.w.org\/{rel}","templated":true}]}}