{"id":10037,"date":"2018-02-16T11:13:44","date_gmt":"2018-02-16T13:13:44","guid":{"rendered":"http:\/\/otimoneiro.com.br\/?p=10037"},"modified":"2018-02-16T11:13:44","modified_gmt":"2018-02-16T13:13:44","slug":"populacao-reclama-de-cheiro-cor-e-gosto-de-agua-da-corsan","status":"publish","type":"post","link":"https:\/\/jornaltimoneiro.com.br\/index.php\/2018\/02\/16\/populacao-reclama-de-cheiro-cor-e-gosto-de-agua-da-corsan\/","title":{"rendered":"Popula\u00e7\u00e3o reclama de cheiro, cor e gosto de \u00e1gua da Corsan"},"content":{"rendered":"<p><img decoding=\"async\" class=\"aligncenter size-full wp-image-10038\" src=\"http:\/\/otimoneiro.com.br\/wp-content\/uploads\/2018\/02\/corsan-1.jpg\" alt=\"\" width=\"900\" height=\"506\" \/><\/p>\n<p>A qualidade dos servi\u00e7os prestados pela Corsan voltou a ser questionada na \u00faltima semana em Canoas. Moradores de diversos bairros reclamam do cheiro, do gosto e da cor da \u00e1gua que tem chegado at\u00e9 as resid\u00eancias. A situa\u00e7\u00e3o n\u00e3o se limitou apenas a Canoas. Moradores de Cachoeirinha e Gravata\u00ed tamb\u00e9m denunciaram o ocorrido. Corsan diz que n\u00e3o h\u00e1 preju\u00edzo para a potabilidade.<\/p>\n<h6>Reclama\u00e7\u00f5es<\/h6>\n<p>As redes sociais foram o maior catalisador de coment\u00e1rios sobre o assunto. Uma moradora de Canoas tamb\u00e9m entrou em contato com o jornal Timoneiro, relatando a situa\u00e7\u00e3o: &#8220;N\u00e3o suportamos o cheiro e muito menos o gosto de terra da \u00e1gua e n\u00e3o sabemos como proceder para que a Corsan possa nos fornecer \u00e1gua de qualidade&#8221;. Ela tamb\u00e9m questiona o servi\u00e7o prestado pela companhia: &#8220;Que a Corsan fa\u00e7a jus ao valor absurdo que pagamos todo o m\u00eas por um p\u00e9ssimo fornecimento de \u00e1gua&#8221;.<\/p>\n<h6>Questionamento<\/h6>\n<p>A Prefeitura de Canoas, em nota divulgada durante a semana, afirmou que est\u00e1 monitorando a situa\u00e7\u00e3o e que pediu explica\u00e7\u00f5es \u00e0 Corsan a respeito do odor e sabor de terra na \u00e1gua.<\/p>\n<h6>Vereador<\/h6>\n<p>O vereador Gilson Oliveira (PP) tamb\u00e9m questionou a Corsan sobre o ocorrido. Na manh\u00e3 de quinta-feira, 15, o parlamentar visitou a sede da Corsan para saber o motivo que vem ocasionando o odor e colora\u00e7\u00e3o escura na \u00e1gua. Na ocasi\u00e3o, o Superintendente Regional, Alexandre Calvetti, informou que existem tr\u00eas fatores que est\u00e3o influenciando neste problema: o calor intenso, o baixo n\u00edvel dos mananciais e a prolifera\u00e7\u00e3o de algas.<\/p>\n<h6>Explica\u00e7\u00f5es<\/h6>\n<p>Em nota, a Corsan informou que o odor e o sabor de terra na \u00e1gua devem-se \u00e0 prolifera\u00e7\u00e3o de algas no lago Gua\u00edba. Segundo a institui\u00e7\u00e3o, n\u00e3o h\u00e1 preju\u00edzo para a potabilidade: &#8220;Para minimizar esses efeitos sensoriais, a Companhia j\u00e1 tomou as provid\u00eancias cab\u00edveis, com maior dosagem de carv\u00e3o ativado \u00e0 \u00e1gua na esta\u00e7\u00e3o de tratamento.<\/p>\n<p>Ainda, de acordo com a Corsan, a prolifera\u00e7\u00e3o das algas ocorreu devido \u00e0 combina\u00e7\u00e3o da incid\u00eancia de sol, ao calor, \u00e0 presen\u00e7a de nutrientes e ao movimento mais lento da \u00e1gua no manancial. &#8220;A capta\u00e7\u00e3o da \u00e1gua bruta servida a bairros desses munic\u00edpios \u00e9 realizada no Arroio das Gar\u00e7as, localizado em Canoas. Com a estiagem da \u00faltima semana, o n\u00edvel do arroio diminuiu, fazendo com que a \u00e1gua do Gua\u00edba entrasse no leito do arroio, misturando as \u00e1guas. A perspectiva \u00e9 de que, com as chuvas dos \u00faltimos dias, o sabor e o odor de terra desapare\u00e7am gradativamente&#8221;, conclui a nota.<\/p>\n","protected":false},"excerpt":{"rendered":"<p>A qualidade dos servi\u00e7os prestados pela Corsan voltou a ser questionada na \u00faltima semana em Canoas. Moradores de diversos bairros reclamam do cheiro, do gosto e da cor da \u00e1gua que tem chegado at\u00e9 as resid\u00eancias. A situa\u00e7\u00e3o n\u00e3o se limitou apenas a Canoas. Moradores de Cachoeirinha e Gravata\u00ed tamb\u00e9m denunciaram o ocorrido. Corsan diz [&hellip;]<\/p>\n","protected":false},"author":1,"featured_media":10038,"comment_status":"closed","ping_status":"open","sticky":false,"template":"","format":"standard","meta":{"amp_status":"","footnotes":""},"categories":[19],"tags":[],"class_list":["post-10037","post","type-post","status-publish","format-standard","has-post-thumbnail","hentry","category-destaques"],"yoast_head":"<!-- This site is optimized with the Yoast SEO plugin v20.5 - https:\/\/yoast.com\/wordpress\/plugins\/seo\/ -->\n<title>Popula\u00e7\u00e3o reclama de cheiro, cor e gosto de \u00e1gua da Corsan - O Timoneiro Jornal Canoas RS<\/title>\n<meta name=\"robots\" content=\"index, follow, max-snippet:-1, max-image-preview:large, max-video-preview:-1\" \/>\n<link rel=\"canonical\" href=\"https:\/\/jornaltimoneiro.com.br\/index.php\/2018\/02\/16\/populacao-reclama-de-cheiro-cor-e-gosto-de-agua-da-corsan\/\" \/>\n<meta property=\"og:locale\" content=\"pt_BR\" \/>\n<meta property=\"og:type\" content=\"article\" \/>\n<meta property=\"og:title\" content=\"Popula\u00e7\u00e3o reclama de cheiro, cor e gosto de \u00e1gua da Corsan - O Timoneiro Jornal Canoas RS\" \/>\n<meta property=\"og:description\" content=\"A qualidade dos servi\u00e7os prestados pela Corsan voltou a ser questionada na \u00faltima semana em Canoas. Moradores de diversos bairros reclamam do cheiro, do gosto e da cor da \u00e1gua que tem chegado at\u00e9 as resid\u00eancias. A situa\u00e7\u00e3o n\u00e3o se limitou apenas a Canoas. Moradores de Cachoeirinha e Gravata\u00ed tamb\u00e9m denunciaram o ocorrido. Corsan diz [&hellip;]\" \/>\n<meta property=\"og:url\" content=\"https:\/\/jornaltimoneiro.com.br\/index.php\/2018\/02\/16\/populacao-reclama-de-cheiro-cor-e-gosto-de-agua-da-corsan\/\" \/>\n<meta property=\"og:site_name\" content=\"O Timoneiro Jornal Canoas RS\" \/>\n<meta property=\"article:publisher\" content=\"https:\/\/www.facebook.com\/jornaltimoneiro\" \/>\n<meta property=\"article:published_time\" content=\"2018-02-16T13:13:44+00:00\" \/>\n<meta name=\"author\" content=\"Reda\u00e7\u00e3o\" \/>\n<meta name=\"twitter:card\" content=\"summary_large_image\" \/>\n<meta name=\"twitter:creator\" content=\"@_OTimoneiro\" \/>\n<meta name=\"twitter:site\" content=\"@_OTimoneiro\" \/>\n<meta name=\"twitter:label1\" content=\"Escrito por\" \/>\n\t<meta name=\"twitter:data1\" content=\"Reda\u00e7\u00e3o\" \/>\n\t<meta name=\"twitter:label2\" content=\"Est. tempo de leitura\" \/>\n\t<meta name=\"twitter:data2\" content=\"2 minutos\" \/>\n<script type=\"application\/ld+json\" class=\"yoast-schema-graph\">{\"@context\":\"https:\/\/schema.org\",\"@graph\":[{\"@type\":\"Article\",\"@id\":\"https:\/\/jornaltimoneiro.com.br\/index.php\/2018\/02\/16\/populacao-reclama-de-cheiro-cor-e-gosto-de-agua-da-corsan\/#article\",\"isPartOf\":{\"@id\":\"https:\/\/jornaltimoneiro.com.br\/index.php\/2018\/02\/16\/populacao-reclama-de-cheiro-cor-e-gosto-de-agua-da-corsan\/\"},\"author\":{\"name\":\"Reda\u00e7\u00e3o\",\"@id\":\"https:\/\/jornaltimoneiro.com.br\/#\/schema\/person\/620efd1d8244466117482be494360b08\"},\"headline\":\"Popula\u00e7\u00e3o reclama de cheiro, cor e gosto de \u00e1gua da Corsan\",\"datePublished\":\"2018-02-16T13:13:44+00:00\",\"dateModified\":\"2018-02-16T13:13:44+00:00\",\"mainEntityOfPage\":{\"@id\":\"https:\/\/jornaltimoneiro.com.br\/index.php\/2018\/02\/16\/populacao-reclama-de-cheiro-cor-e-gosto-de-agua-da-corsan\/\"},\"wordCount\":456,\"publisher\":{\"@id\":\"https:\/\/jornaltimoneiro.com.br\/#organization\"},\"articleSection\":[\"Destaques\"],\"inLanguage\":\"pt-BR\"},{\"@type\":\"WebPage\",\"@id\":\"https:\/\/jornaltimoneiro.com.br\/index.php\/2018\/02\/16\/populacao-reclama-de-cheiro-cor-e-gosto-de-agua-da-corsan\/\",\"url\":\"https:\/\/jornaltimoneiro.com.br\/index.php\/2018\/02\/16\/populacao-reclama-de-cheiro-cor-e-gosto-de-agua-da-corsan\/\",\"name\":\"Popula\u00e7\u00e3o reclama de cheiro, cor e gosto de \u00e1gua da Corsan - O Timoneiro Jornal Canoas RS\",\"isPartOf\":{\"@id\":\"https:\/\/jornaltimoneiro.com.br\/#website\"},\"datePublished\":\"2018-02-16T13:13:44+00:00\",\"dateModified\":\"2018-02-16T13:13:44+00:00\",\"breadcrumb\":{\"@id\":\"https:\/\/jornaltimoneiro.com.br\/index.php\/2018\/02\/16\/populacao-reclama-de-cheiro-cor-e-gosto-de-agua-da-corsan\/#breadcrumb\"},\"inLanguage\":\"pt-BR\",\"potentialAction\":[{\"@type\":\"ReadAction\",\"target\":[\"https:\/\/jornaltimoneiro.com.br\/index.php\/2018\/02\/16\/populacao-reclama-de-cheiro-cor-e-gosto-de-agua-da-corsan\/\"]}]},{\"@type\":\"BreadcrumbList\",\"@id\":\"https:\/\/jornaltimoneiro.com.br\/index.php\/2018\/02\/16\/populacao-reclama-de-cheiro-cor-e-gosto-de-agua-da-corsan\/#breadcrumb\",\"itemListElement\":[{\"@type\":\"ListItem\",\"position\":1,\"name\":\"In\u00edcio\",\"item\":\"https:\/\/jornaltimoneiro.com.br\/\"},{\"@type\":\"ListItem\",\"position\":2,\"name\":\"Popula\u00e7\u00e3o reclama de cheiro, cor e gosto de \u00e1gua da Corsan\"}]},{\"@type\":\"WebSite\",\"@id\":\"https:\/\/jornaltimoneiro.com.br\/#website\",\"url\":\"https:\/\/jornaltimoneiro.com.br\/\",\"name\":\"Jornal Timoneiro Canoas RS\",\"description\":\"Jornal O Timoneiro, o verdadeiro jornal de Canoas\",\"publisher\":{\"@id\":\"https:\/\/jornaltimoneiro.com.br\/#organization\"},\"potentialAction\":[{\"@type\":\"SearchAction\",\"target\":{\"@type\":\"EntryPoint\",\"urlTemplate\":\"https:\/\/jornaltimoneiro.com.br\/?s={search_term_string}\"},\"query-input\":\"required name=search_term_string\"}],\"inLanguage\":\"pt-BR\"},{\"@type\":\"Organization\",\"@id\":\"https:\/\/jornaltimoneiro.com.br\/#organization\",\"name\":\"Jornal Timoneiro Canoas RS\",\"url\":\"https:\/\/jornaltimoneiro.com.br\/\",\"logo\":{\"@type\":\"ImageObject\",\"inLanguage\":\"pt-BR\",\"@id\":\"https:\/\/jornaltimoneiro.com.br\/#\/schema\/logo\/image\/\",\"url\":\"https:\/\/jornaltimoneiro.com.br\/wp-content\/uploads\/2023\/03\/logonovo.png\",\"contentUrl\":\"https:\/\/jornaltimoneiro.com.br\/wp-content\/uploads\/2023\/03\/logonovo.png\",\"width\":\"469\",\"height\":\"171\",\"caption\":\"Jornal Timoneiro Canoas RS\"},\"image\":{\"@id\":\"https:\/\/jornaltimoneiro.com.br\/#\/schema\/logo\/image\/\"},\"sameAs\":[\"https:\/\/www.facebook.com\/jornaltimoneiro\",\"https:\/\/twitter.com\/_OTimoneiro\",\"https:\/\/www.instagram.com\/jornaltimoneirocanoas\/\",\"https:\/\/www.youtube.com\/@jornalotimoneiro7927\"]},{\"@type\":\"Person\",\"@id\":\"https:\/\/jornaltimoneiro.com.br\/#\/schema\/person\/620efd1d8244466117482be494360b08\",\"name\":\"Reda\u00e7\u00e3o\",\"image\":{\"@type\":\"ImageObject\",\"inLanguage\":\"pt-BR\",\"@id\":\"https:\/\/jornaltimoneiro.com.br\/#\/schema\/person\/image\/\",\"url\":\"https:\/\/secure.gravatar.com\/avatar\/2f04e1b304682a8d9db336c7acd77f08?s=96&d=mm&r=g\",\"contentUrl\":\"https:\/\/secure.gravatar.com\/avatar\/2f04e1b304682a8d9db336c7acd77f08?s=96&d=mm&r=g\",\"caption\":\"Reda\u00e7\u00e3o\"},\"url\":\"https:\/\/jornaltimoneiro.com.br\/index.php\/author\/timoneirocanoas\/\"}]}<\/script>\n<!-- \/ Yoast SEO plugin. -->","yoast_head_json":{"title":"Popula\u00e7\u00e3o reclama de cheiro, cor e gosto de \u00e1gua da Corsan - O Timoneiro Jornal Canoas RS","robots":{"index":"index","follow":"follow","max-snippet":"max-snippet:-1","max-image-preview":"max-image-preview:large","max-video-preview":"max-video-preview:-1"},"canonical":"https:\/\/jornaltimoneiro.com.br\/index.php\/2018\/02\/16\/populacao-reclama-de-cheiro-cor-e-gosto-de-agua-da-corsan\/","og_locale":"pt_BR","og_type":"article","og_title":"Popula\u00e7\u00e3o reclama de cheiro, cor e gosto de \u00e1gua da Corsan - O Timoneiro Jornal Canoas RS","og_description":"A qualidade dos servi\u00e7os prestados pela Corsan voltou a ser questionada na \u00faltima semana em Canoas. Moradores de diversos bairros reclamam do cheiro, do gosto e da cor da \u00e1gua que tem chegado at\u00e9 as resid\u00eancias. A situa\u00e7\u00e3o n\u00e3o se limitou apenas a Canoas. Moradores de Cachoeirinha e Gravata\u00ed tamb\u00e9m denunciaram o ocorrido. Corsan diz [&hellip;]","og_url":"https:\/\/jornaltimoneiro.com.br\/index.php\/2018\/02\/16\/populacao-reclama-de-cheiro-cor-e-gosto-de-agua-da-corsan\/","og_site_name":"O Timoneiro Jornal Canoas RS","article_publisher":"https:\/\/www.facebook.com\/jornaltimoneiro","article_published_time":"2018-02-16T13:13:44+00:00","author":"Reda\u00e7\u00e3o","twitter_card":"summary_large_image","twitter_creator":"@_OTimoneiro","twitter_site":"@_OTimoneiro","twitter_misc":{"Escrito por":"Reda\u00e7\u00e3o","Est. tempo de leitura":"2 minutos"},"schema":{"@context":"https:\/\/schema.org","@graph":[{"@type":"Article","@id":"https:\/\/jornaltimoneiro.com.br\/index.php\/2018\/02\/16\/populacao-reclama-de-cheiro-cor-e-gosto-de-agua-da-corsan\/#article","isPartOf":{"@id":"https:\/\/jornaltimoneiro.com.br\/index.php\/2018\/02\/16\/populacao-reclama-de-cheiro-cor-e-gosto-de-agua-da-corsan\/"},"author":{"name":"Reda\u00e7\u00e3o","@id":"https:\/\/jornaltimoneiro.com.br\/#\/schema\/person\/620efd1d8244466117482be494360b08"},"headline":"Popula\u00e7\u00e3o reclama de cheiro, cor e gosto de \u00e1gua da Corsan","datePublished":"2018-02-16T13:13:44+00:00","dateModified":"2018-02-16T13:13:44+00:00","mainEntityOfPage":{"@id":"https:\/\/jornaltimoneiro.com.br\/index.php\/2018\/02\/16\/populacao-reclama-de-cheiro-cor-e-gosto-de-agua-da-corsan\/"},"wordCount":456,"publisher":{"@id":"https:\/\/jornaltimoneiro.com.br\/#organization"},"articleSection":["Destaques"],"inLanguage":"pt-BR"},{"@type":"WebPage","@id":"https:\/\/jornaltimoneiro.com.br\/index.php\/2018\/02\/16\/populacao-reclama-de-cheiro-cor-e-gosto-de-agua-da-corsan\/","url":"https:\/\/jornaltimoneiro.com.br\/index.php\/2018\/02\/16\/populacao-reclama-de-cheiro-cor-e-gosto-de-agua-da-corsan\/","name":"Popula\u00e7\u00e3o reclama de cheiro, cor e gosto de \u00e1gua da Corsan - O Timoneiro Jornal Canoas RS","isPartOf":{"@id":"https:\/\/jornaltimoneiro.com.br\/#website"},"datePublished":"2018-02-16T13:13:44+00:00","dateModified":"2018-02-16T13:13:44+00:00","breadcrumb":{"@id":"https:\/\/jornaltimoneiro.com.br\/index.php\/2018\/02\/16\/populacao-reclama-de-cheiro-cor-e-gosto-de-agua-da-corsan\/#breadcrumb"},"inLanguage":"pt-BR","potentialAction":[{"@type":"ReadAction","target":["https:\/\/jornaltimoneiro.com.br\/index.php\/2018\/02\/16\/populacao-reclama-de-cheiro-cor-e-gosto-de-agua-da-corsan\/"]}]},{"@type":"BreadcrumbList","@id":"https:\/\/jornaltimoneiro.com.br\/index.php\/2018\/02\/16\/populacao-reclama-de-cheiro-cor-e-gosto-de-agua-da-corsan\/#breadcrumb","itemListElement":[{"@type":"ListItem","position":1,"name":"In\u00edcio","item":"https:\/\/jornaltimoneiro.com.br\/"},{"@type":"ListItem","position":2,"name":"Popula\u00e7\u00e3o reclama de cheiro, cor e gosto de \u00e1gua da Corsan"}]},{"@type":"WebSite","@id":"https:\/\/jornaltimoneiro.com.br\/#website","url":"https:\/\/jornaltimoneiro.com.br\/","name":"Jornal Timoneiro Canoas RS","description":"Jornal O Timoneiro, o verdadeiro jornal de Canoas","publisher":{"@id":"https:\/\/jornaltimoneiro.com.br\/#organization"},"potentialAction":[{"@type":"SearchAction","target":{"@type":"EntryPoint","urlTemplate":"https:\/\/jornaltimoneiro.com.br\/?s={search_term_string}"},"query-input":"required name=search_term_string"}],"inLanguage":"pt-BR"},{"@type":"Organization","@id":"https:\/\/jornaltimoneiro.com.br\/#organization","name":"Jornal Timoneiro Canoas RS","url":"https:\/\/jornaltimoneiro.com.br\/","logo":{"@type":"ImageObject","inLanguage":"pt-BR","@id":"https:\/\/jornaltimoneiro.com.br\/#\/schema\/logo\/image\/","url":"https:\/\/jornaltimoneiro.com.br\/wp-content\/uploads\/2023\/03\/logonovo.png","contentUrl":"https:\/\/jornaltimoneiro.com.br\/wp-content\/uploads\/2023\/03\/logonovo.png","width":"469","height":"171","caption":"Jornal Timoneiro Canoas RS"},"image":{"@id":"https:\/\/jornaltimoneiro.com.br\/#\/schema\/logo\/image\/"},"sameAs":["https:\/\/www.facebook.com\/jornaltimoneiro","https:\/\/twitter.com\/_OTimoneiro","https:\/\/www.instagram.com\/jornaltimoneirocanoas\/","https:\/\/www.youtube.com\/@jornalotimoneiro7927"]},{"@type":"Person","@id":"https:\/\/jornaltimoneiro.com.br\/#\/schema\/person\/620efd1d8244466117482be494360b08","name":"Reda\u00e7\u00e3o","image":{"@type":"ImageObject","inLanguage":"pt-BR","@id":"https:\/\/jornaltimoneiro.com.br\/#\/schema\/person\/image\/","url":"https:\/\/secure.gravatar.com\/avatar\/2f04e1b304682a8d9db336c7acd77f08?s=96&d=mm&r=g","contentUrl":"https:\/\/secure.gravatar.com\/avatar\/2f04e1b304682a8d9db336c7acd77f08?s=96&d=mm&r=g","caption":"Reda\u00e7\u00e3o"},"url":"https:\/\/jornaltimoneiro.com.br\/index.php\/author\/timoneirocanoas\/"}]}},"_links":{"self":[{"href":"https:\/\/jornaltimoneiro.com.br\/index.php\/wp-json\/wp\/v2\/posts\/10037"}],"collection":[{"href":"https:\/\/jornaltimoneiro.com.br\/index.php\/wp-json\/wp\/v2\/posts"}],"about":[{"href":"https:\/\/jornaltimoneiro.com.br\/index.php\/wp-json\/wp\/v2\/types\/post"}],"author":[{"embeddable":true,"href":"https:\/\/jornaltimoneiro.com.br\/index.php\/wp-json\/wp\/v2\/users\/1"}],"replies":[{"embeddable":true,"href":"https:\/\/jornaltimoneiro.com.br\/index.php\/wp-json\/wp\/v2\/comments?post=10037"}],"version-history":[{"count":0,"href":"https:\/\/jornaltimoneiro.com.br\/index.php\/wp-json\/wp\/v2\/posts\/10037\/revisions"}],"wp:featuredmedia":[{"embeddable":true,"href":"https:\/\/jornaltimoneiro.com.br\/index.php\/wp-json\/"}],"wp:attachment":[{"href":"https:\/\/jornaltimoneiro.com.br\/index.php\/wp-json\/wp\/v2\/media?parent=10037"}],"wp:term":[{"taxonomy":"category","embeddable":true,"href":"https:\/\/jornaltimoneiro.com.br\/index.php\/wp-json\/wp\/v2\/categories?post=10037"},{"taxonomy":"post_tag","embeddable":true,"href":"https:\/\/jornaltimoneiro.com.br\/index.php\/wp-json\/wp\/v2\/tags?post=10037"}],"curies":[{"name":"wp","href":"https:\/\/api.w.org\/{rel}","templated":true}]}}