{"id":10028,"date":"2018-02-16T10:56:26","date_gmt":"2018-02-16T12:56:26","guid":{"rendered":"http:\/\/otimoneiro.com.br\/?p=10028"},"modified":"2018-02-16T10:56:26","modified_gmt":"2018-02-16T12:56:26","slug":"certeza-e-de-que-temos-um-trabalho-serio-diz-neka","status":"publish","type":"post","link":"https:\/\/jornaltimoneiro.com.br\/index.php\/2018\/02\/16\/certeza-e-de-que-temos-um-trabalho-serio-diz-neka\/","title":{"rendered":"\u201cA certeza \u00e9 de que temos um trabalho s\u00e9rio\u201d, diz Neka"},"content":{"rendered":"<p><img decoding=\"async\" class=\"aligncenter size-large wp-image-10029\" src=\"http:\/\/otimoneiro.com.br\/wp-content\/uploads\/2018\/02\/ABERTUA-1024x768.jpg\" alt=\"\" width=\"1024\" height=\"768\" \/><\/p>\n<p>Em 2018 as aulas na rede municipal come\u00e7am com uma nova secret\u00e1ria de Educa\u00e7\u00e3o, Eliane Freitas Silveira Escobar, a Neka. Ela recebeu nossa equipe de reportagem em seu gabinete, onde falou sobre a situa\u00e7\u00e3o atual da pasta.<\/p>\n<h6>Concursada<\/h6>\n<p>Em 2017, Neka foi secret\u00e1ria adjunta de Desenvolvimento Econ\u00f4mico e depois foi adjunta da pasta da Educa\u00e7\u00e3o, \u00e1rea na qual ingressou como concursada na rede municipal em 1986. Em 2018, ela passou a comandar a pasta, ap\u00f3s a sa\u00edda de Jos\u00e9 Jesus D\u2019\u00c1vila.\u00a0 Ela \u00e9 a segunda pessoa consecutiva do quadro de concursados a comandar a Educa\u00e7\u00e3o.<\/p>\n<h6>TCE<\/h6>\n<p>Nos \u00faltimos meses, o Tribunal de Contas do Estado fez v\u00e1rios apontamentos ligados \u00e0 \u00e1rea da Educa\u00e7\u00e3o na cidade. Sobre o assunto, Neka tamb\u00e9m se pronunciou: \u201cA gente tem que ter a tranquilidade para responder. A certeza \u00e9 de que temos um bom trabalho em desenvolvimento e que temos seriedade com verbas e com contratos. O TCE faz o papel dele e n\u00f3s fazemos o nosso, que \u00e9 responder\u201d, explica.\u00a0 Neka explicou que as escolas de Educa\u00e7\u00e3o Infantil do chamado novo modelo de gest\u00e3o ser\u00e3o geridas nos pr\u00f3ximos seis meses por institui\u00e7\u00f5es que tinham ganhado o processo licitat\u00f3rio. Depois disso a gest\u00e3o ser\u00e1 da Prefeitura, com profissionais concursados, conforme indicou o TCE.<\/p>\n<p>A respeito da determina\u00e7\u00e3o do TCE, de que atendentes de creche n\u00e3o poderiam ter sido migrados para a carreira de agentes de apoio, Neka explica que a preocupa\u00e7\u00e3o da Prefeitura agora \u00e9, atrav\u00e9s da PGM, se articular para que nenhum educador seja prejudicado.<\/p>\n<h6>Valoriza\u00e7\u00e3o<\/h6>\n<p>Questionada sobre as pol\u00edticas de valoriza\u00e7\u00e3o dos educadores da rede, Neka afirmou que considera a proximidade da Secretaria com os profissionais um avan\u00e7o. \u201cNo dia 20 vamos receber todos os educadores em um momento cultural no Parque Get\u00falio Vargas\u201d, adianta.<\/p>\n<h6>Trajet\u00f3ria<\/h6>\n<p>Neka come\u00e7ou sua trajet\u00f3ria na Educa\u00e7\u00e3o em Canoas aos 18 anos de idade, na escola Recanto do Coelhinho, onde ficou dois anos. Em 1986 assumiu a vaga do concurso da rede municipal da cidade. \u201cAtualmente tenho 32 anos atuando dentro da rede p\u00fablica de Canoas. Destes anos eu fiquei quatro anos fora da Educa\u00e7\u00e3o, somente. Fui professora de s\u00e9ries iniciais, professora de Educa\u00e7\u00e3o F\u00edsica, supervisora e diretora da escola Guajuviras por cinco anos. Tamb\u00e9m trabalhei na equipe pedag\u00f3gica da Educa\u00e7\u00e3o Infantil\u201d, conta.<\/p>\n","protected":false},"excerpt":{"rendered":"<p>Em 2018 as aulas na rede municipal come\u00e7am com uma nova secret\u00e1ria de Educa\u00e7\u00e3o, Eliane Freitas Silveira Escobar, a Neka. Ela recebeu nossa equipe de reportagem em seu gabinete, onde falou sobre a situa\u00e7\u00e3o atual da pasta. Concursada Em 2017, Neka foi secret\u00e1ria adjunta de Desenvolvimento Econ\u00f4mico e depois foi adjunta da pasta da Educa\u00e7\u00e3o, [&hellip;]<\/p>\n","protected":false},"author":1,"featured_media":10029,"comment_status":"closed","ping_status":"open","sticky":false,"template":"","format":"standard","meta":{"amp_status":"","footnotes":""},"categories":[19],"tags":[],"class_list":["post-10028","post","type-post","status-publish","format-standard","has-post-thumbnail","hentry","category-destaques"],"yoast_head":"<!-- This site is optimized with the Yoast SEO plugin v20.5 - https:\/\/yoast.com\/wordpress\/plugins\/seo\/ -->\n<title>\u201cA certeza \u00e9 de que temos um trabalho s\u00e9rio\u201d, diz Neka - O Timoneiro Jornal Canoas RS<\/title>\n<meta name=\"robots\" content=\"index, follow, max-snippet:-1, max-image-preview:large, max-video-preview:-1\" \/>\n<link rel=\"canonical\" href=\"https:\/\/jornaltimoneiro.com.br\/index.php\/2018\/02\/16\/certeza-e-de-que-temos-um-trabalho-serio-diz-neka\/\" \/>\n<meta property=\"og:locale\" content=\"pt_BR\" \/>\n<meta property=\"og:type\" content=\"article\" \/>\n<meta property=\"og:title\" content=\"\u201cA certeza \u00e9 de que temos um trabalho s\u00e9rio\u201d, diz Neka - O Timoneiro Jornal Canoas RS\" \/>\n<meta property=\"og:description\" content=\"Em 2018 as aulas na rede municipal come\u00e7am com uma nova secret\u00e1ria de Educa\u00e7\u00e3o, Eliane Freitas Silveira Escobar, a Neka. Ela recebeu nossa equipe de reportagem em seu gabinete, onde falou sobre a situa\u00e7\u00e3o atual da pasta. Concursada Em 2017, Neka foi secret\u00e1ria adjunta de Desenvolvimento Econ\u00f4mico e depois foi adjunta da pasta da Educa\u00e7\u00e3o, [&hellip;]\" \/>\n<meta property=\"og:url\" content=\"https:\/\/jornaltimoneiro.com.br\/index.php\/2018\/02\/16\/certeza-e-de-que-temos-um-trabalho-serio-diz-neka\/\" \/>\n<meta property=\"og:site_name\" content=\"O Timoneiro Jornal Canoas RS\" \/>\n<meta property=\"article:publisher\" content=\"https:\/\/www.facebook.com\/jornaltimoneiro\" \/>\n<meta property=\"article:published_time\" content=\"2018-02-16T12:56:26+00:00\" \/>\n<meta name=\"author\" content=\"Reda\u00e7\u00e3o\" \/>\n<meta name=\"twitter:card\" content=\"summary_large_image\" \/>\n<meta name=\"twitter:creator\" content=\"@_OTimoneiro\" \/>\n<meta name=\"twitter:site\" content=\"@_OTimoneiro\" \/>\n<meta name=\"twitter:label1\" content=\"Escrito por\" \/>\n\t<meta name=\"twitter:data1\" content=\"Reda\u00e7\u00e3o\" \/>\n\t<meta name=\"twitter:label2\" content=\"Est. tempo de leitura\" \/>\n\t<meta name=\"twitter:data2\" content=\"2 minutos\" \/>\n<script type=\"application\/ld+json\" class=\"yoast-schema-graph\">{\"@context\":\"https:\/\/schema.org\",\"@graph\":[{\"@type\":\"Article\",\"@id\":\"https:\/\/jornaltimoneiro.com.br\/index.php\/2018\/02\/16\/certeza-e-de-que-temos-um-trabalho-serio-diz-neka\/#article\",\"isPartOf\":{\"@id\":\"https:\/\/jornaltimoneiro.com.br\/index.php\/2018\/02\/16\/certeza-e-de-que-temos-um-trabalho-serio-diz-neka\/\"},\"author\":{\"name\":\"Reda\u00e7\u00e3o\",\"@id\":\"https:\/\/jornaltimoneiro.com.br\/#\/schema\/person\/620efd1d8244466117482be494360b08\"},\"headline\":\"\u201cA certeza \u00e9 de que temos um trabalho s\u00e9rio\u201d, diz Neka\",\"datePublished\":\"2018-02-16T12:56:26+00:00\",\"dateModified\":\"2018-02-16T12:56:26+00:00\",\"mainEntityOfPage\":{\"@id\":\"https:\/\/jornaltimoneiro.com.br\/index.php\/2018\/02\/16\/certeza-e-de-que-temos-um-trabalho-serio-diz-neka\/\"},\"wordCount\":416,\"publisher\":{\"@id\":\"https:\/\/jornaltimoneiro.com.br\/#organization\"},\"articleSection\":[\"Destaques\"],\"inLanguage\":\"pt-BR\"},{\"@type\":\"WebPage\",\"@id\":\"https:\/\/jornaltimoneiro.com.br\/index.php\/2018\/02\/16\/certeza-e-de-que-temos-um-trabalho-serio-diz-neka\/\",\"url\":\"https:\/\/jornaltimoneiro.com.br\/index.php\/2018\/02\/16\/certeza-e-de-que-temos-um-trabalho-serio-diz-neka\/\",\"name\":\"\u201cA certeza \u00e9 de que temos um trabalho s\u00e9rio\u201d, diz Neka - O Timoneiro Jornal Canoas RS\",\"isPartOf\":{\"@id\":\"https:\/\/jornaltimoneiro.com.br\/#website\"},\"datePublished\":\"2018-02-16T12:56:26+00:00\",\"dateModified\":\"2018-02-16T12:56:26+00:00\",\"breadcrumb\":{\"@id\":\"https:\/\/jornaltimoneiro.com.br\/index.php\/2018\/02\/16\/certeza-e-de-que-temos-um-trabalho-serio-diz-neka\/#breadcrumb\"},\"inLanguage\":\"pt-BR\",\"potentialAction\":[{\"@type\":\"ReadAction\",\"target\":[\"https:\/\/jornaltimoneiro.com.br\/index.php\/2018\/02\/16\/certeza-e-de-que-temos-um-trabalho-serio-diz-neka\/\"]}]},{\"@type\":\"BreadcrumbList\",\"@id\":\"https:\/\/jornaltimoneiro.com.br\/index.php\/2018\/02\/16\/certeza-e-de-que-temos-um-trabalho-serio-diz-neka\/#breadcrumb\",\"itemListElement\":[{\"@type\":\"ListItem\",\"position\":1,\"name\":\"In\u00edcio\",\"item\":\"https:\/\/jornaltimoneiro.com.br\/\"},{\"@type\":\"ListItem\",\"position\":2,\"name\":\"\u201cA certeza \u00e9 de que temos um trabalho s\u00e9rio\u201d, diz Neka\"}]},{\"@type\":\"WebSite\",\"@id\":\"https:\/\/jornaltimoneiro.com.br\/#website\",\"url\":\"https:\/\/jornaltimoneiro.com.br\/\",\"name\":\"Jornal Timoneiro Canoas RS\",\"description\":\"Jornal O Timoneiro, o verdadeiro jornal de Canoas\",\"publisher\":{\"@id\":\"https:\/\/jornaltimoneiro.com.br\/#organization\"},\"potentialAction\":[{\"@type\":\"SearchAction\",\"target\":{\"@type\":\"EntryPoint\",\"urlTemplate\":\"https:\/\/jornaltimoneiro.com.br\/?s={search_term_string}\"},\"query-input\":\"required name=search_term_string\"}],\"inLanguage\":\"pt-BR\"},{\"@type\":\"Organization\",\"@id\":\"https:\/\/jornaltimoneiro.com.br\/#organization\",\"name\":\"Jornal Timoneiro Canoas RS\",\"url\":\"https:\/\/jornaltimoneiro.com.br\/\",\"logo\":{\"@type\":\"ImageObject\",\"inLanguage\":\"pt-BR\",\"@id\":\"https:\/\/jornaltimoneiro.com.br\/#\/schema\/logo\/image\/\",\"url\":\"https:\/\/jornaltimoneiro.com.br\/wp-content\/uploads\/2023\/03\/logonovo.png\",\"contentUrl\":\"https:\/\/jornaltimoneiro.com.br\/wp-content\/uploads\/2023\/03\/logonovo.png\",\"width\":\"469\",\"height\":\"171\",\"caption\":\"Jornal Timoneiro Canoas RS\"},\"image\":{\"@id\":\"https:\/\/jornaltimoneiro.com.br\/#\/schema\/logo\/image\/\"},\"sameAs\":[\"https:\/\/www.facebook.com\/jornaltimoneiro\",\"https:\/\/twitter.com\/_OTimoneiro\",\"https:\/\/www.instagram.com\/jornaltimoneirocanoas\/\",\"https:\/\/www.youtube.com\/@jornalotimoneiro7927\"]},{\"@type\":\"Person\",\"@id\":\"https:\/\/jornaltimoneiro.com.br\/#\/schema\/person\/620efd1d8244466117482be494360b08\",\"name\":\"Reda\u00e7\u00e3o\",\"image\":{\"@type\":\"ImageObject\",\"inLanguage\":\"pt-BR\",\"@id\":\"https:\/\/jornaltimoneiro.com.br\/#\/schema\/person\/image\/\",\"url\":\"https:\/\/secure.gravatar.com\/avatar\/2f04e1b304682a8d9db336c7acd77f08?s=96&d=mm&r=g\",\"contentUrl\":\"https:\/\/secure.gravatar.com\/avatar\/2f04e1b304682a8d9db336c7acd77f08?s=96&d=mm&r=g\",\"caption\":\"Reda\u00e7\u00e3o\"},\"url\":\"https:\/\/jornaltimoneiro.com.br\/index.php\/author\/timoneirocanoas\/\"}]}<\/script>\n<!-- \/ Yoast SEO plugin. -->","yoast_head_json":{"title":"\u201cA certeza \u00e9 de que temos um trabalho s\u00e9rio\u201d, diz Neka - O Timoneiro Jornal Canoas RS","robots":{"index":"index","follow":"follow","max-snippet":"max-snippet:-1","max-image-preview":"max-image-preview:large","max-video-preview":"max-video-preview:-1"},"canonical":"https:\/\/jornaltimoneiro.com.br\/index.php\/2018\/02\/16\/certeza-e-de-que-temos-um-trabalho-serio-diz-neka\/","og_locale":"pt_BR","og_type":"article","og_title":"\u201cA certeza \u00e9 de que temos um trabalho s\u00e9rio\u201d, diz Neka - O Timoneiro Jornal Canoas RS","og_description":"Em 2018 as aulas na rede municipal come\u00e7am com uma nova secret\u00e1ria de Educa\u00e7\u00e3o, Eliane Freitas Silveira Escobar, a Neka. Ela recebeu nossa equipe de reportagem em seu gabinete, onde falou sobre a situa\u00e7\u00e3o atual da pasta. Concursada Em 2017, Neka foi secret\u00e1ria adjunta de Desenvolvimento Econ\u00f4mico e depois foi adjunta da pasta da Educa\u00e7\u00e3o, [&hellip;]","og_url":"https:\/\/jornaltimoneiro.com.br\/index.php\/2018\/02\/16\/certeza-e-de-que-temos-um-trabalho-serio-diz-neka\/","og_site_name":"O Timoneiro Jornal Canoas RS","article_publisher":"https:\/\/www.facebook.com\/jornaltimoneiro","article_published_time":"2018-02-16T12:56:26+00:00","author":"Reda\u00e7\u00e3o","twitter_card":"summary_large_image","twitter_creator":"@_OTimoneiro","twitter_site":"@_OTimoneiro","twitter_misc":{"Escrito por":"Reda\u00e7\u00e3o","Est. tempo de leitura":"2 minutos"},"schema":{"@context":"https:\/\/schema.org","@graph":[{"@type":"Article","@id":"https:\/\/jornaltimoneiro.com.br\/index.php\/2018\/02\/16\/certeza-e-de-que-temos-um-trabalho-serio-diz-neka\/#article","isPartOf":{"@id":"https:\/\/jornaltimoneiro.com.br\/index.php\/2018\/02\/16\/certeza-e-de-que-temos-um-trabalho-serio-diz-neka\/"},"author":{"name":"Reda\u00e7\u00e3o","@id":"https:\/\/jornaltimoneiro.com.br\/#\/schema\/person\/620efd1d8244466117482be494360b08"},"headline":"\u201cA certeza \u00e9 de que temos um trabalho s\u00e9rio\u201d, diz Neka","datePublished":"2018-02-16T12:56:26+00:00","dateModified":"2018-02-16T12:56:26+00:00","mainEntityOfPage":{"@id":"https:\/\/jornaltimoneiro.com.br\/index.php\/2018\/02\/16\/certeza-e-de-que-temos-um-trabalho-serio-diz-neka\/"},"wordCount":416,"publisher":{"@id":"https:\/\/jornaltimoneiro.com.br\/#organization"},"articleSection":["Destaques"],"inLanguage":"pt-BR"},{"@type":"WebPage","@id":"https:\/\/jornaltimoneiro.com.br\/index.php\/2018\/02\/16\/certeza-e-de-que-temos-um-trabalho-serio-diz-neka\/","url":"https:\/\/jornaltimoneiro.com.br\/index.php\/2018\/02\/16\/certeza-e-de-que-temos-um-trabalho-serio-diz-neka\/","name":"\u201cA certeza \u00e9 de que temos um trabalho s\u00e9rio\u201d, diz Neka - O Timoneiro Jornal Canoas RS","isPartOf":{"@id":"https:\/\/jornaltimoneiro.com.br\/#website"},"datePublished":"2018-02-16T12:56:26+00:00","dateModified":"2018-02-16T12:56:26+00:00","breadcrumb":{"@id":"https:\/\/jornaltimoneiro.com.br\/index.php\/2018\/02\/16\/certeza-e-de-que-temos-um-trabalho-serio-diz-neka\/#breadcrumb"},"inLanguage":"pt-BR","potentialAction":[{"@type":"ReadAction","target":["https:\/\/jornaltimoneiro.com.br\/index.php\/2018\/02\/16\/certeza-e-de-que-temos-um-trabalho-serio-diz-neka\/"]}]},{"@type":"BreadcrumbList","@id":"https:\/\/jornaltimoneiro.com.br\/index.php\/2018\/02\/16\/certeza-e-de-que-temos-um-trabalho-serio-diz-neka\/#breadcrumb","itemListElement":[{"@type":"ListItem","position":1,"name":"In\u00edcio","item":"https:\/\/jornaltimoneiro.com.br\/"},{"@type":"ListItem","position":2,"name":"\u201cA certeza \u00e9 de que temos um trabalho s\u00e9rio\u201d, diz Neka"}]},{"@type":"WebSite","@id":"https:\/\/jornaltimoneiro.com.br\/#website","url":"https:\/\/jornaltimoneiro.com.br\/","name":"Jornal Timoneiro Canoas RS","description":"Jornal O Timoneiro, o verdadeiro jornal de Canoas","publisher":{"@id":"https:\/\/jornaltimoneiro.com.br\/#organization"},"potentialAction":[{"@type":"SearchAction","target":{"@type":"EntryPoint","urlTemplate":"https:\/\/jornaltimoneiro.com.br\/?s={search_term_string}"},"query-input":"required name=search_term_string"}],"inLanguage":"pt-BR"},{"@type":"Organization","@id":"https:\/\/jornaltimoneiro.com.br\/#organization","name":"Jornal Timoneiro Canoas RS","url":"https:\/\/jornaltimoneiro.com.br\/","logo":{"@type":"ImageObject","inLanguage":"pt-BR","@id":"https:\/\/jornaltimoneiro.com.br\/#\/schema\/logo\/image\/","url":"https:\/\/jornaltimoneiro.com.br\/wp-content\/uploads\/2023\/03\/logonovo.png","contentUrl":"https:\/\/jornaltimoneiro.com.br\/wp-content\/uploads\/2023\/03\/logonovo.png","width":"469","height":"171","caption":"Jornal Timoneiro Canoas RS"},"image":{"@id":"https:\/\/jornaltimoneiro.com.br\/#\/schema\/logo\/image\/"},"sameAs":["https:\/\/www.facebook.com\/jornaltimoneiro","https:\/\/twitter.com\/_OTimoneiro","https:\/\/www.instagram.com\/jornaltimoneirocanoas\/","https:\/\/www.youtube.com\/@jornalotimoneiro7927"]},{"@type":"Person","@id":"https:\/\/jornaltimoneiro.com.br\/#\/schema\/person\/620efd1d8244466117482be494360b08","name":"Reda\u00e7\u00e3o","image":{"@type":"ImageObject","inLanguage":"pt-BR","@id":"https:\/\/jornaltimoneiro.com.br\/#\/schema\/person\/image\/","url":"https:\/\/secure.gravatar.com\/avatar\/2f04e1b304682a8d9db336c7acd77f08?s=96&d=mm&r=g","contentUrl":"https:\/\/secure.gravatar.com\/avatar\/2f04e1b304682a8d9db336c7acd77f08?s=96&d=mm&r=g","caption":"Reda\u00e7\u00e3o"},"url":"https:\/\/jornaltimoneiro.com.br\/index.php\/author\/timoneirocanoas\/"}]}},"_links":{"self":[{"href":"https:\/\/jornaltimoneiro.com.br\/index.php\/wp-json\/wp\/v2\/posts\/10028"}],"collection":[{"href":"https:\/\/jornaltimoneiro.com.br\/index.php\/wp-json\/wp\/v2\/posts"}],"about":[{"href":"https:\/\/jornaltimoneiro.com.br\/index.php\/wp-json\/wp\/v2\/types\/post"}],"author":[{"embeddable":true,"href":"https:\/\/jornaltimoneiro.com.br\/index.php\/wp-json\/wp\/v2\/users\/1"}],"replies":[{"embeddable":true,"href":"https:\/\/jornaltimoneiro.com.br\/index.php\/wp-json\/wp\/v2\/comments?post=10028"}],"version-history":[{"count":0,"href":"https:\/\/jornaltimoneiro.com.br\/index.php\/wp-json\/wp\/v2\/posts\/10028\/revisions"}],"wp:featuredmedia":[{"embeddable":true,"href":"https:\/\/jornaltimoneiro.com.br\/index.php\/wp-json\/"}],"wp:attachment":[{"href":"https:\/\/jornaltimoneiro.com.br\/index.php\/wp-json\/wp\/v2\/media?parent=10028"}],"wp:term":[{"taxonomy":"category","embeddable":true,"href":"https:\/\/jornaltimoneiro.com.br\/index.php\/wp-json\/wp\/v2\/categories?post=10028"},{"taxonomy":"post_tag","embeddable":true,"href":"https:\/\/jornaltimoneiro.com.br\/index.php\/wp-json\/wp\/v2\/tags?post=10028"}],"curies":[{"name":"wp","href":"https:\/\/api.w.org\/{rel}","templated":true}]}}